{"id":2144,"date":"2014-01-18T18:52:29","date_gmt":"2014-01-18T18:52:29","guid":{"rendered":"https:\/\/portosma.com.br\/?p=2144"},"modified":"2023-01-19T19:10:08","modified_gmt":"2023-01-19T19:10:08","slug":"comandante-marcos-tadashi-toma-posse-como-o-76o-capitao-dos-portos-do-maranhao","status":"publish","type":"post","link":"https:\/\/portosma.com.br\/index.php\/2014\/01\/18\/comandante-marcos-tadashi-toma-posse-como-o-76o-capitao-dos-portos-do-maranhao\/","title":{"rendered":"Comandante Marcos Tadashi toma posse como o 75\u00ba Capit\u00e3o dos Portos do Maranh\u00e3o"},"content":{"rendered":"<p><img fetchpriority=\"high\" decoding=\"async\" class=\"alignnone wp-image-2145 size-full\" src=\"https:\/\/portosma.com.br\/wp-content\/uploads\/2023\/01\/TADASHI-1.jpg\" alt=\"\" width=\"900\" height=\"195\" srcset=\"https:\/\/portosma.com.br\/wp-content\/uploads\/2023\/01\/TADASHI-1.jpg 900w, https:\/\/portosma.com.br\/wp-content\/uploads\/2023\/01\/TADASHI-1-300x65.jpg 300w, https:\/\/portosma.com.br\/wp-content\/uploads\/2023\/01\/TADASHI-1-768x166.jpg 768w\" sizes=\"(max-width: 900px) 100vw, 900px\" \/><\/p>\n<p>A Capitania dos Portos do Maranh\u00e3o realizou na manh\u00e3 desta sexta-feira, 17, a cerim\u00f4nia de troca de comando. O evento ocorreu na sede campestre da CPMA, no Complexo do Jenipapeiro, localizado na Avenida Beira-Mar, e contou com a presen\u00e7a do vice-almirante Edlander Santos, comandante do 4\u00ba Distrito Naval, sediado em Bel\u00e9m do Par\u00e1, ao qual a capitania maranhense \u00e9 subordinada. O ent\u00e3o Capit\u00e3o de Mar e Guerra (CMG) Jair dos Santos Oliveira passou o comando da CPMA para o CMG Marcos Tadashi Hamaoka, que passa a ser o 75\u00ba Capit\u00e3o dos Portos do Maranh\u00e3o, exercendo o cargo no bi\u00eanio 2014\/2015.<\/p>\n<p><img decoding=\"async\" class=\"alignnone wp-image-2146 size-full\" src=\"https:\/\/portosma.com.br\/wp-content\/uploads\/2023\/01\/TADASHI-2.jpg\" alt=\"\" width=\"490\" height=\"368\" srcset=\"https:\/\/portosma.com.br\/wp-content\/uploads\/2023\/01\/TADASHI-2.jpg 490w, https:\/\/portosma.com.br\/wp-content\/uploads\/2023\/01\/TADASHI-2-300x225.jpg 300w\" sizes=\"(max-width: 490px) 100vw, 490px\" \/> <img decoding=\"async\" class=\"alignnone wp-image-2147 size-full\" src=\"https:\/\/portosma.com.br\/wp-content\/uploads\/2023\/01\/TADASHI-3.jpg\" alt=\"\" width=\"450\" height=\"338\" srcset=\"https:\/\/portosma.com.br\/wp-content\/uploads\/2023\/01\/TADASHI-3.jpg 450w, https:\/\/portosma.com.br\/wp-content\/uploads\/2023\/01\/TADASHI-3-300x225.jpg 300w\" sizes=\"(max-width: 450px) 100vw, 450px\" \/><\/p>\n<p>Em seu primeiro discurso, o CMG Marcos Tadashi Hamaoka agradeceu a oportunidade dada pela Marinha de comandar da CPMA e prometeu dar prosseguimento aos projetos iniciados pelo seu antecessor, refor\u00e7ando o compromisso com a salvaguarda da vida marinha, do meio ambiente e a seguran\u00e7a do tr\u00e1fego aquavi\u00e1rio. O novo comandante agradeceu a confian\u00e7a do Almirante Edlander Santos e lembrou da antiga amizade com o seu antecessor que segue para nova miss\u00e3o no Rio de Janeiro.<\/p>\n<p>Ao se despedir da Capitania dos Portos, e dos maranhenses, o CMG Jair dos Santos Oliveira, emocionado, afirmou ter cumprido com o seu dever como Capit\u00e3o dos Portos. Ele ressaltou fatos marcantes de sua passagem pela CPMA, como o acidente com o navio Vale Beijing no porto da Vale, ocorrido em fins de 2011; o naufr\u00e1gio da plataforma Sep Orion (dezembro de 2012) no Terminal Ponta da Madeira; e o encalhe do Vale Indon\u00e9sia setembro de 2013) na Ba\u00eda de S\u00e3o Marcos. \u201cAo povo maranhense deixo a meu at\u00e9 breve, o meu reconhecimento e minha gratid\u00e3o. Jamais esquecerei da maneira como fui acolhido, assim como das praias paradis\u00edacas do nosso litoral, o sol brilhante e a brisa ao cair da tarde na Baia de S\u00e3o Marcos. Sejam felizes e que Deus a todos aben\u00e7oe. Muito obrigado\u201d, concluiu.<\/p>\n<p><img loading=\"lazy\" decoding=\"async\" class=\"wp-image-2148 size-full alignleft\" src=\"https:\/\/portosma.com.br\/wp-content\/uploads\/2023\/01\/TADASHI-4.jpg\" alt=\"\" width=\"490\" height=\"368\" srcset=\"https:\/\/portosma.com.br\/wp-content\/uploads\/2023\/01\/TADASHI-4.jpg 490w, https:\/\/portosma.com.br\/wp-content\/uploads\/2023\/01\/TADASHI-4-300x225.jpg 300w\" sizes=\"(max-width: 490px) 100vw, 490px\" \/> <img loading=\"lazy\" decoding=\"async\" class=\"alignnone wp-image-2149 size-full\" src=\"https:\/\/portosma.com.br\/wp-content\/uploads\/2023\/01\/TADASHI-5.jpg\" alt=\"\" width=\"490\" height=\"368\" srcset=\"https:\/\/portosma.com.br\/wp-content\/uploads\/2023\/01\/TADASHI-5.jpg 490w, https:\/\/portosma.com.br\/wp-content\/uploads\/2023\/01\/TADASHI-5-300x225.jpg 300w\" sizes=\"(max-width: 490px) 100vw, 490px\" \/><\/p>\n<p>Presente \u00e0 solenidade, o presidente do Syngamar, Jorge Afonso, lembrou que a troca de comando de uma Capitania n\u00e3o altera radicalmente a rotina do sistema portu\u00e1rio, uma vez que as demandas partem de um comando maior. No caso, o IV Distrito Naval. Mas fez quest\u00e3o de destacar a excelente gest\u00e3o do Comandante Jair dos Santos que soube, com determina\u00e7\u00e3o marinheira, enfrentar \u2013 e superar, os muitos desafios que ao longo destes dois anos, exigiram muito dele em momentos considerados cr\u00edticos para qualquer autoridade mar\u00edtima, que foram os acidentes envolvendo grandes embarca\u00e7\u00f5es&nbsp; em \u00e1guas maranhenses.<\/p>\n<p><img loading=\"lazy\" decoding=\"async\" class=\"alignnone wp-image-2151 size-full\" src=\"https:\/\/portosma.com.br\/wp-content\/uploads\/2023\/01\/TADASHI-7.jpg\" alt=\"\" width=\"490\" height=\"368\" srcset=\"https:\/\/portosma.com.br\/wp-content\/uploads\/2023\/01\/TADASHI-7.jpg 490w, https:\/\/portosma.com.br\/wp-content\/uploads\/2023\/01\/TADASHI-7-300x225.jpg 300w\" sizes=\"(max-width: 490px) 100vw, 490px\" \/><img loading=\"lazy\" decoding=\"async\" class=\"alignnone wp-image-2150 size-full\" src=\"https:\/\/portosma.com.br\/wp-content\/uploads\/2023\/01\/TADASHI-6.jpg\" alt=\"\" width=\"490\" height=\"368\" srcset=\"https:\/\/portosma.com.br\/wp-content\/uploads\/2023\/01\/TADASHI-6.jpg 490w, https:\/\/portosma.com.br\/wp-content\/uploads\/2023\/01\/TADASHI-6-300x225.jpg 300w\" sizes=\"(max-width: 490px) 100vw, 490px\" \/>&nbsp;<\/p>\n<p>Orson Feres, presidente da Sociedade Amigos da Marinha , tamb\u00e9m falou das expectativas do setor mar\u00edtimo em rela\u00e7\u00e3o \u00e0 Capitania dos Portos. Segundo ele, o novo comandante da CPMA tem como desafio garantir a seguran\u00e7a do tr\u00e1fego de navios mercantes em uma das zonas portu\u00e1rias do pa\u00eds com correntes mar\u00edtimas intensas, de at\u00e9 seis n\u00f3s de velocidade (cerca de 3,5 km\/h), o que exige bastante per\u00edcia dos pr\u00e1ticos e dos capit\u00e3es para evitar acidentes.<\/p>\n<p><img loading=\"lazy\" decoding=\"async\" class=\"alignnone wp-image-2152 size-full\" src=\"https:\/\/portosma.com.br\/wp-content\/uploads\/2023\/01\/TADASHI-8.jpg\" alt=\"\" width=\"900\" height=\"193\" srcset=\"https:\/\/portosma.com.br\/wp-content\/uploads\/2023\/01\/TADASHI-8.jpg 900w, https:\/\/portosma.com.br\/wp-content\/uploads\/2023\/01\/TADASHI-8-300x64.jpg 300w, https:\/\/portosma.com.br\/wp-content\/uploads\/2023\/01\/TADASHI-8-768x165.jpg 768w\" sizes=\"(max-width: 900px) 100vw, 900px\" \/><\/p>\n<p>Um momento de grande simbolismo e emo\u00e7\u00e3o da solenidade foi a substitui\u00e7\u00e3o do Pavilh\u00e3o de Comando do Capit\u00e3o dos Portos exonerado e i\u00e7ado o pavilh\u00e3o do novo empossado. O Pavilh\u00e3o do Comandante Jair dos Santos, que permaneceu em mastro durante todo seu comando, lhe foi entregue pelo \u201cpra\u00e7a mais antigo a bordo, o suboficial AM Harkdercson\u201d.<\/p>\n<p>Data da not\u00edcia: 18.01.2014<\/p>\n","protected":false},"excerpt":{"rendered":"<p>Ele assume no lugar do seu colega de patente, o Capit\u00e3o de Mar e Guerra Jair dos Santos Oliveira.<\/p>\n","protected":false},"author":1,"featured_media":0,"comment_status":"open","ping_status":"open","sticky":false,"template":"","format":"standard","meta":{"_editorskit_title_hidden":false,"_editorskit_reading_time":0,"_editorskit_is_block_options_detached":false,"_editorskit_block_options_position":"{}","ngg_post_thumbnail":0,"footnotes":""},"categories":[1],"tags":[],"class_list":["post-2144","post","type-post","status-publish","format-standard","hentry","category-noticias"],"yoast_head":"<!-- This site is optimized with the Yoast SEO plugin v22.5 - https:\/\/yoast.com\/wordpress\/plugins\/seo\/ -->\n<title>Comandante Marcos Tadashi toma posse como o 75\u00ba Capit\u00e3o dos Portos do Maranh\u00e3o - Portosma<\/title>\n<meta name=\"robots\" content=\"index, follow, max-snippet:-1, max-image-preview:large, max-video-preview:-1\" \/>\n<link rel=\"canonical\" href=\"https:\/\/portosma.com.br\/index.php\/2014\/01\/18\/comandante-marcos-tadashi-toma-posse-como-o-76o-capitao-dos-portos-do-maranhao\/\" \/>\n<meta property=\"og:locale\" content=\"pt_BR\" \/>\n<meta property=\"og:type\" content=\"article\" \/>\n<meta property=\"og:title\" content=\"Comandante Marcos Tadashi toma posse como o 75\u00ba Capit\u00e3o dos Portos do Maranh\u00e3o - Portosma\" \/>\n<meta property=\"og:description\" content=\"Ele assume no lugar do seu colega de patente, o Capit\u00e3o de Mar e Guerra Jair dos Santos Oliveira.\" \/>\n<meta property=\"og:url\" content=\"https:\/\/portosma.com.br\/index.php\/2014\/01\/18\/comandante-marcos-tadashi-toma-posse-como-o-76o-capitao-dos-portos-do-maranhao\/\" \/>\n<meta property=\"og:site_name\" content=\"Portosma\" \/>\n<meta property=\"article:published_time\" content=\"2014-01-18T18:52:29+00:00\" \/>\n<meta property=\"article:modified_time\" content=\"2023-01-19T19:10:08+00:00\" \/>\n<meta property=\"og:image\" content=\"https:\/\/portosma.com.br\/wp-content\/uploads\/2023\/01\/TADASHI-1.jpg\" \/>\n<meta name=\"author\" content=\"admin\" \/>\n<meta name=\"twitter:card\" content=\"summary_large_image\" \/>\n<meta name=\"twitter:label1\" content=\"Escrito por\" \/>\n\t<meta name=\"twitter:data1\" content=\"admin\" \/>\n\t<meta name=\"twitter:label2\" content=\"Est. tempo de leitura\" \/>\n\t<meta name=\"twitter:data2\" content=\"3 minutos\" \/>\n<script type=\"application\/ld+json\" class=\"yoast-schema-graph\">{\"@context\":\"https:\/\/schema.org\",\"@graph\":[{\"@type\":\"Article\",\"@id\":\"https:\/\/portosma.com.br\/index.php\/2014\/01\/18\/comandante-marcos-tadashi-toma-posse-como-o-76o-capitao-dos-portos-do-maranhao\/#article\",\"isPartOf\":{\"@id\":\"https:\/\/portosma.com.br\/index.php\/2014\/01\/18\/comandante-marcos-tadashi-toma-posse-como-o-76o-capitao-dos-portos-do-maranhao\/\"},\"author\":{\"name\":\"admin\",\"@id\":\"https:\/\/portosma.com.br\/#\/schema\/person\/fb92dfe283ab47293259c87c813d8623\"},\"headline\":\"Comandante Marcos Tadashi toma posse como o 75\u00ba Capit\u00e3o dos Portos do Maranh\u00e3o\",\"datePublished\":\"2014-01-18T18:52:29+00:00\",\"dateModified\":\"2023-01-19T19:10:08+00:00\",\"mainEntityOfPage\":{\"@id\":\"https:\/\/portosma.com.br\/index.php\/2014\/01\/18\/comandante-marcos-tadashi-toma-posse-como-o-76o-capitao-dos-portos-do-maranhao\/\"},\"wordCount\":596,\"commentCount\":1,\"publisher\":{\"@id\":\"https:\/\/portosma.com.br\/#organization\"},\"image\":{\"@id\":\"https:\/\/portosma.com.br\/index.php\/2014\/01\/18\/comandante-marcos-tadashi-toma-posse-como-o-76o-capitao-dos-portos-do-maranhao\/#primaryimage\"},\"thumbnailUrl\":\"https:\/\/portosma.com.br\/wp-content\/uploads\/2023\/01\/TADASHI-1.jpg\",\"articleSection\":[\"Not\u00edcias\"],\"inLanguage\":\"pt-BR\",\"potentialAction\":[{\"@type\":\"CommentAction\",\"name\":\"Comment\",\"target\":[\"https:\/\/portosma.com.br\/index.php\/2014\/01\/18\/comandante-marcos-tadashi-toma-posse-como-o-76o-capitao-dos-portos-do-maranhao\/#respond\"]}]},{\"@type\":\"WebPage\",\"@id\":\"https:\/\/portosma.com.br\/index.php\/2014\/01\/18\/comandante-marcos-tadashi-toma-posse-como-o-76o-capitao-dos-portos-do-maranhao\/\",\"url\":\"https:\/\/portosma.com.br\/index.php\/2014\/01\/18\/comandante-marcos-tadashi-toma-posse-como-o-76o-capitao-dos-portos-do-maranhao\/\",\"name\":\"Comandante Marcos Tadashi toma posse como o 75\u00ba Capit\u00e3o dos Portos do Maranh\u00e3o - Portosma\",\"isPartOf\":{\"@id\":\"https:\/\/portosma.com.br\/#website\"},\"primaryImageOfPage\":{\"@id\":\"https:\/\/portosma.com.br\/index.php\/2014\/01\/18\/comandante-marcos-tadashi-toma-posse-como-o-76o-capitao-dos-portos-do-maranhao\/#primaryimage\"},\"image\":{\"@id\":\"https:\/\/portosma.com.br\/index.php\/2014\/01\/18\/comandante-marcos-tadashi-toma-posse-como-o-76o-capitao-dos-portos-do-maranhao\/#primaryimage\"},\"thumbnailUrl\":\"https:\/\/portosma.com.br\/wp-content\/uploads\/2023\/01\/TADASHI-1.jpg\",\"datePublished\":\"2014-01-18T18:52:29+00:00\",\"dateModified\":\"2023-01-19T19:10:08+00:00\",\"breadcrumb\":{\"@id\":\"https:\/\/portosma.com.br\/index.php\/2014\/01\/18\/comandante-marcos-tadashi-toma-posse-como-o-76o-capitao-dos-portos-do-maranhao\/#breadcrumb\"},\"inLanguage\":\"pt-BR\",\"potentialAction\":[{\"@type\":\"ReadAction\",\"target\":[\"https:\/\/portosma.com.br\/index.php\/2014\/01\/18\/comandante-marcos-tadashi-toma-posse-como-o-76o-capitao-dos-portos-do-maranhao\/\"]}]},{\"@type\":\"ImageObject\",\"inLanguage\":\"pt-BR\",\"@id\":\"https:\/\/portosma.com.br\/index.php\/2014\/01\/18\/comandante-marcos-tadashi-toma-posse-como-o-76o-capitao-dos-portos-do-maranhao\/#primaryimage\",\"url\":\"https:\/\/portosma.com.br\/wp-content\/uploads\/2023\/01\/TADASHI-1.jpg\",\"contentUrl\":\"https:\/\/portosma.com.br\/wp-content\/uploads\/2023\/01\/TADASHI-1.jpg\",\"width\":900,\"height\":195},{\"@type\":\"BreadcrumbList\",\"@id\":\"https:\/\/portosma.com.br\/index.php\/2014\/01\/18\/comandante-marcos-tadashi-toma-posse-como-o-76o-capitao-dos-portos-do-maranhao\/#breadcrumb\",\"itemListElement\":[{\"@type\":\"ListItem\",\"position\":1,\"name\":\"In\u00edcio\",\"item\":\"https:\/\/portosma.com.br\/\"},{\"@type\":\"ListItem\",\"position\":2,\"name\":\"Comandante Marcos Tadashi toma posse como o 75\u00ba Capit\u00e3o dos Portos do Maranh\u00e3o\"}]},{\"@type\":\"WebSite\",\"@id\":\"https:\/\/portosma.com.br\/#website\",\"url\":\"https:\/\/portosma.com.br\/\",\"name\":\"Portosma\",\"description\":\"Um site de not\u00edcias\",\"publisher\":{\"@id\":\"https:\/\/portosma.com.br\/#organization\"},\"potentialAction\":[{\"@type\":\"SearchAction\",\"target\":{\"@type\":\"EntryPoint\",\"urlTemplate\":\"https:\/\/portosma.com.br\/?s={search_term_string}\"},\"query-input\":\"required name=search_term_string\"}],\"inLanguage\":\"pt-BR\"},{\"@type\":\"Organization\",\"@id\":\"https:\/\/portosma.com.br\/#organization\",\"name\":\"Portosma\",\"alternateName\":\"Portosma\",\"url\":\"https:\/\/portosma.com.br\/\",\"logo\":{\"@type\":\"ImageObject\",\"inLanguage\":\"pt-BR\",\"@id\":\"https:\/\/portosma.com.br\/#\/schema\/logo\/image\/\",\"url\":\"https:\/\/portosma.com.br\/wp-content\/uploads\/2026\/03\/cropped-AD-PORTOSMA.jpg\",\"contentUrl\":\"https:\/\/portosma.com.br\/wp-content\/uploads\/2026\/03\/cropped-AD-PORTOSMA.jpg\",\"width\":400,\"height\":115,\"caption\":\"Portosma\"},\"image\":{\"@id\":\"https:\/\/portosma.com.br\/#\/schema\/logo\/image\/\"}},{\"@type\":\"Person\",\"@id\":\"https:\/\/portosma.com.br\/#\/schema\/person\/fb92dfe283ab47293259c87c813d8623\",\"name\":\"admin\",\"sameAs\":[\"https:\/\/portosma.com.br\"],\"url\":\"https:\/\/portosma.com.br\/index.php\/author\/portosma\/\"}]}<\/script>\n<!-- \/ Yoast SEO plugin. -->","yoast_head_json":{"title":"Comandante Marcos Tadashi toma posse como o 75\u00ba Capit\u00e3o dos Portos do Maranh\u00e3o - Portosma","robots":{"index":"index","follow":"follow","max-snippet":"max-snippet:-1","max-image-preview":"max-image-preview:large","max-video-preview":"max-video-preview:-1"},"canonical":"https:\/\/portosma.com.br\/index.php\/2014\/01\/18\/comandante-marcos-tadashi-toma-posse-como-o-76o-capitao-dos-portos-do-maranhao\/","og_locale":"pt_BR","og_type":"article","og_title":"Comandante Marcos Tadashi toma posse como o 75\u00ba Capit\u00e3o dos Portos do Maranh\u00e3o - Portosma","og_description":"Ele assume no lugar do seu colega de patente, o Capit\u00e3o de Mar e Guerra Jair dos Santos Oliveira.","og_url":"https:\/\/portosma.com.br\/index.php\/2014\/01\/18\/comandante-marcos-tadashi-toma-posse-como-o-76o-capitao-dos-portos-do-maranhao\/","og_site_name":"Portosma","article_published_time":"2014-01-18T18:52:29+00:00","article_modified_time":"2023-01-19T19:10:08+00:00","og_image":[{"url":"https:\/\/portosma.com.br\/wp-content\/uploads\/2023\/01\/TADASHI-1.jpg"}],"author":"admin","twitter_card":"summary_large_image","twitter_misc":{"Escrito por":"admin","Est. tempo de leitura":"3 minutos"},"schema":{"@context":"https:\/\/schema.org","@graph":[{"@type":"Article","@id":"https:\/\/portosma.com.br\/index.php\/2014\/01\/18\/comandante-marcos-tadashi-toma-posse-como-o-76o-capitao-dos-portos-do-maranhao\/#article","isPartOf":{"@id":"https:\/\/portosma.com.br\/index.php\/2014\/01\/18\/comandante-marcos-tadashi-toma-posse-como-o-76o-capitao-dos-portos-do-maranhao\/"},"author":{"name":"admin","@id":"https:\/\/portosma.com.br\/#\/schema\/person\/fb92dfe283ab47293259c87c813d8623"},"headline":"Comandante Marcos Tadashi toma posse como o 75\u00ba Capit\u00e3o dos Portos do Maranh\u00e3o","datePublished":"2014-01-18T18:52:29+00:00","dateModified":"2023-01-19T19:10:08+00:00","mainEntityOfPage":{"@id":"https:\/\/portosma.com.br\/index.php\/2014\/01\/18\/comandante-marcos-tadashi-toma-posse-como-o-76o-capitao-dos-portos-do-maranhao\/"},"wordCount":596,"commentCount":1,"publisher":{"@id":"https:\/\/portosma.com.br\/#organization"},"image":{"@id":"https:\/\/portosma.com.br\/index.php\/2014\/01\/18\/comandante-marcos-tadashi-toma-posse-como-o-76o-capitao-dos-portos-do-maranhao\/#primaryimage"},"thumbnailUrl":"https:\/\/portosma.com.br\/wp-content\/uploads\/2023\/01\/TADASHI-1.jpg","articleSection":["Not\u00edcias"],"inLanguage":"pt-BR","potentialAction":[{"@type":"CommentAction","name":"Comment","target":["https:\/\/portosma.com.br\/index.php\/2014\/01\/18\/comandante-marcos-tadashi-toma-posse-como-o-76o-capitao-dos-portos-do-maranhao\/#respond"]}]},{"@type":"WebPage","@id":"https:\/\/portosma.com.br\/index.php\/2014\/01\/18\/comandante-marcos-tadashi-toma-posse-como-o-76o-capitao-dos-portos-do-maranhao\/","url":"https:\/\/portosma.com.br\/index.php\/2014\/01\/18\/comandante-marcos-tadashi-toma-posse-como-o-76o-capitao-dos-portos-do-maranhao\/","name":"Comandante Marcos Tadashi toma posse como o 75\u00ba Capit\u00e3o dos Portos do Maranh\u00e3o - Portosma","isPartOf":{"@id":"https:\/\/portosma.com.br\/#website"},"primaryImageOfPage":{"@id":"https:\/\/portosma.com.br\/index.php\/2014\/01\/18\/comandante-marcos-tadashi-toma-posse-como-o-76o-capitao-dos-portos-do-maranhao\/#primaryimage"},"image":{"@id":"https:\/\/portosma.com.br\/index.php\/2014\/01\/18\/comandante-marcos-tadashi-toma-posse-como-o-76o-capitao-dos-portos-do-maranhao\/#primaryimage"},"thumbnailUrl":"https:\/\/portosma.com.br\/wp-content\/uploads\/2023\/01\/TADASHI-1.jpg","datePublished":"2014-01-18T18:52:29+00:00","dateModified":"2023-01-19T19:10:08+00:00","breadcrumb":{"@id":"https:\/\/portosma.com.br\/index.php\/2014\/01\/18\/comandante-marcos-tadashi-toma-posse-como-o-76o-capitao-dos-portos-do-maranhao\/#breadcrumb"},"inLanguage":"pt-BR","potentialAction":[{"@type":"ReadAction","target":["https:\/\/portosma.com.br\/index.php\/2014\/01\/18\/comandante-marcos-tadashi-toma-posse-como-o-76o-capitao-dos-portos-do-maranhao\/"]}]},{"@type":"ImageObject","inLanguage":"pt-BR","@id":"https:\/\/portosma.com.br\/index.php\/2014\/01\/18\/comandante-marcos-tadashi-toma-posse-como-o-76o-capitao-dos-portos-do-maranhao\/#primaryimage","url":"https:\/\/portosma.com.br\/wp-content\/uploads\/2023\/01\/TADASHI-1.jpg","contentUrl":"https:\/\/portosma.com.br\/wp-content\/uploads\/2023\/01\/TADASHI-1.jpg","width":900,"height":195},{"@type":"BreadcrumbList","@id":"https:\/\/portosma.com.br\/index.php\/2014\/01\/18\/comandante-marcos-tadashi-toma-posse-como-o-76o-capitao-dos-portos-do-maranhao\/#breadcrumb","itemListElement":[{"@type":"ListItem","position":1,"name":"In\u00edcio","item":"https:\/\/portosma.com.br\/"},{"@type":"ListItem","position":2,"name":"Comandante Marcos Tadashi toma posse como o 75\u00ba Capit\u00e3o dos Portos do Maranh\u00e3o"}]},{"@type":"WebSite","@id":"https:\/\/portosma.com.br\/#website","url":"https:\/\/portosma.com.br\/","name":"Portosma","description":"Um site de not\u00edcias","publisher":{"@id":"https:\/\/portosma.com.br\/#organization"},"potentialAction":[{"@type":"SearchAction","target":{"@type":"EntryPoint","urlTemplate":"https:\/\/portosma.com.br\/?s={search_term_string}"},"query-input":"required name=search_term_string"}],"inLanguage":"pt-BR"},{"@type":"Organization","@id":"https:\/\/portosma.com.br\/#organization","name":"Portosma","alternateName":"Portosma","url":"https:\/\/portosma.com.br\/","logo":{"@type":"ImageObject","inLanguage":"pt-BR","@id":"https:\/\/portosma.com.br\/#\/schema\/logo\/image\/","url":"https:\/\/portosma.com.br\/wp-content\/uploads\/2026\/03\/cropped-AD-PORTOSMA.jpg","contentUrl":"https:\/\/portosma.com.br\/wp-content\/uploads\/2026\/03\/cropped-AD-PORTOSMA.jpg","width":400,"height":115,"caption":"Portosma"},"image":{"@id":"https:\/\/portosma.com.br\/#\/schema\/logo\/image\/"}},{"@type":"Person","@id":"https:\/\/portosma.com.br\/#\/schema\/person\/fb92dfe283ab47293259c87c813d8623","name":"admin","sameAs":["https:\/\/portosma.com.br"],"url":"https:\/\/portosma.com.br\/index.php\/author\/portosma\/"}]}},"_links":{"self":[{"href":"https:\/\/portosma.com.br\/index.php\/wp-json\/wp\/v2\/posts\/2144","targetHints":{"allow":["GET"]}}],"collection":[{"href":"https:\/\/portosma.com.br\/index.php\/wp-json\/wp\/v2\/posts"}],"about":[{"href":"https:\/\/portosma.com.br\/index.php\/wp-json\/wp\/v2\/types\/post"}],"author":[{"embeddable":true,"href":"https:\/\/portosma.com.br\/index.php\/wp-json\/wp\/v2\/users\/1"}],"replies":[{"embeddable":true,"href":"https:\/\/portosma.com.br\/index.php\/wp-json\/wp\/v2\/comments?post=2144"}],"version-history":[{"count":2,"href":"https:\/\/portosma.com.br\/index.php\/wp-json\/wp\/v2\/posts\/2144\/revisions"}],"predecessor-version":[{"id":2167,"href":"https:\/\/portosma.com.br\/index.php\/wp-json\/wp\/v2\/posts\/2144\/revisions\/2167"}],"wp:attachment":[{"href":"https:\/\/portosma.com.br\/index.php\/wp-json\/wp\/v2\/media?parent=2144"}],"wp:term":[{"taxonomy":"category","embeddable":true,"href":"https:\/\/portosma.com.br\/index.php\/wp-json\/wp\/v2\/categories?post=2144"},{"taxonomy":"post_tag","embeddable":true,"href":"https:\/\/portosma.com.br\/index.php\/wp-json\/wp\/v2\/tags?post=2144"}],"curies":[{"name":"wp","href":"https:\/\/api.w.org\/{rel}","templated":true}]}}