{"id":2142,"date":"2023-01-19T18:04:47","date_gmt":"2023-01-19T18:04:47","guid":{"rendered":"https:\/\/portosma.com.br\/?p=2142"},"modified":"2023-02-16T12:54:54","modified_gmt":"2023-02-16T12:54:54","slug":"terminal-portuario-de-sao-luis-bate-recorde-de-movimentacao-de-cargas-em-2022","status":"publish","type":"post","link":"https:\/\/portosma.com.br\/index.php\/2023\/01\/19\/terminal-portuario-de-sao-luis-bate-recorde-de-movimentacao-de-cargas-em-2022\/","title":{"rendered":"Terminal Portu\u00e1rio de S\u00e3o Lu\u00eds bate um novo recorde de cargas"},"content":{"rendered":"<p>O Terminal Portu\u00e1rio S\u00e3o Lu\u00eds (TPSL), administrado pela VLI \u2013 companhia de solu\u00e7\u00f5es log\u00edsticas que opera ferrovias, portos e terminais \u2013 registrou recorde na movimenta\u00e7\u00e3o de cargas em 2022. Foram 5,4 milh\u00f5es de toneladas de carga geral transportadas, representando o maior volume desde 2015, um ano ap\u00f3s a companhia ter iniciado a opera\u00e7\u00e3o do ativo, quando movimentou 4,9 milh\u00f5es de toneladas. A marca hist\u00f3rica \u00e9 reflexo do crescimento do Corredor Norte que, por meio da Ferrovia Norte-Sul (FNS), opera o escoamento da produ\u00e7\u00e3o de gr\u00e3os do Matopiba (Maranh\u00e3o, Tocantins, Piau\u00ed e Bahia), Mato Grosso, Par\u00e1 e Goi\u00e1s, pelo Terminal Portu\u00e1rio S\u00e3o Lu\u00eds.<\/p>\n<figure id=\"attachment_4495\" aria-describedby=\"caption-attachment-4495\" style=\"width: 1200px\" class=\"wp-caption alignnone\"><img fetchpriority=\"high\" decoding=\"async\" class=\"wp-image-4495 size-full\" src=\"https:\/\/portosma.com.br\/wp-content\/uploads\/2023\/01\/AFOTO-352.jpg\" alt=\"\" width=\"1200\" height=\"483\" srcset=\"https:\/\/portosma.com.br\/wp-content\/uploads\/2023\/01\/AFOTO-352.jpg 1200w, https:\/\/portosma.com.br\/wp-content\/uploads\/2023\/01\/AFOTO-352-300x121.jpg 300w, https:\/\/portosma.com.br\/wp-content\/uploads\/2023\/01\/AFOTO-352-1024x412.jpg 1024w, https:\/\/portosma.com.br\/wp-content\/uploads\/2023\/01\/AFOTO-352-768x309.jpg 768w\" sizes=\"(max-width: 1200px) 100vw, 1200px\" \/><figcaption id=\"caption-attachment-4495\" class=\"wp-caption-text\"><br \/><span style=\"font-size: 16px;\">O mix de cargas movimentadas no TPSL inclui insumos minerais e cargas do agroneg\u00f3cio, com destaque para os gr\u00e3os \u2013 mais precisamente soja e milho. Na compara\u00e7\u00e3o com 2021, o fluxo desse tipo de carga cresceu 900 mil toneladas. O avan\u00e7o da produ\u00e7\u00e3o de gr\u00e3os aliado a opera\u00e7\u00f5es log\u00edsticas integradas e uma gest\u00e3o voltada excel\u00eancia na experi\u00eancia do cliente s\u00e3o fatores decisivos para o desempenho recorde do terminal. Al\u00e9m disso, boas taxas operacionais, menor tempo de espera e embarque e previsibilidade de line-up est\u00e3o entre os fatores que tamb\u00e9m contribuem para o crescimento do TPSL.<\/span><\/figcaption><\/figure>\n<p>&#8220;Com o crescimento da produ\u00e7\u00e3o do Arco Norte, a VLI trabalha para ampliar sua capacidade operacional e atender aos produtores da regi\u00e3o, oferecendo um servi\u00e7o de excel\u00eancia, focado na experi\u00eancia do cliente. Para isso, a companhia dedica-se para assegurar melhoria cont\u00ednua dos processos, de forma que as opera\u00e7\u00f5es sejam mais eficientes e \u00e1geis&#8221;, refor\u00e7a o gerente geral de Opera\u00e7\u00f5es de Terminais e Portos da VLI, Douglas Marques.<\/p>\n<p>Al\u00e9m de soja e milho, tamb\u00e9m s\u00e3o transportadas pelo TPSL gusa, mangan\u00eas e min\u00e9rio, que t\u00eam origem no Maranh\u00e3o, Tocantins, Piau\u00ed, Bahia e Par\u00e1. Eles chegam ao terminal por meio da concess\u00e3o da VLI do tramo norte da Ferrovia Norte-Sul (FNS) e pela Estrada de Ferro Caraj\u00e1s (EFC), onde a companhia opera por direito de passagem. As opera\u00e7\u00f5es acontecem integralmente pelas ferrovias e s\u00e3o conectadas com os Terminais Integradores de Palmeirante (TIPA), Porto Franco (TIPF) e Porto Nacional (TIPN), tamb\u00e9m operados pela VLI.<\/p>\n<p><strong><span style=\"color: #993300;\">Sobre a VLI<\/span> <\/strong>&#8211; A VLI tem o compromisso de apoiar a transforma\u00e7\u00e3o da log\u00edstica no pa\u00eds, por meio da integra\u00e7\u00e3o de servi\u00e7os em portos, ferrovias e terminais. A empresa engloba as ferrovias Norte Sul (FNS) e Centro-Atl\u00e2ntica (FCA), al\u00e9m de terminais intermodais, que unem o carregamento e o descarregamento de produtos ao transporte ferrovi\u00e1rio, e terminais portu\u00e1rios situados em eixos estrat\u00e9gicos da costa brasileira, tais como em Santos (SP), S\u00e3o Lu\u00eds (MA) e Vit\u00f3ria (ES). Por dois anos consecutivos presente no ranking 100 Open Corps \u2013 que reconhece o est\u00edmulo \u00e0 inova\u00e7\u00e3o aberta \u2013, a VLI transporta as riquezas do Brasil por rotas que passam pelas regi\u00f5es Norte, Nordeste, Sudeste e Centro-Oeste.<\/p>\n<p>Data da not\u00edcia: 19\/01\/2023<br \/>\nFonte: WComunica\u00e7\u00e3o<\/p>\n","protected":false},"excerpt":{"rendered":"<p>Resultado de 5,4 m\/t transportadas pelo Terminal Portu\u00e1rio de S\u00e3o Lu\u00eds, administrado pela empresa VLI, \u00e9 o maior desde 2015.<\/p>\n","protected":false},"author":1,"featured_media":4498,"comment_status":"open","ping_status":"open","sticky":false,"template":"","format":"standard","meta":{"_editorskit_title_hidden":false,"_editorskit_reading_time":0,"_editorskit_is_block_options_detached":false,"_editorskit_block_options_position":"{}","ngg_post_thumbnail":0,"footnotes":""},"categories":[1],"tags":[],"class_list":["post-2142","post","type-post","status-publish","format-standard","has-post-thumbnail","hentry","category-noticias"],"yoast_head":"<!-- This site is optimized with the Yoast SEO plugin v22.5 - https:\/\/yoast.com\/wordpress\/plugins\/seo\/ -->\n<title>Terminal Portu\u00e1rio de S\u00e3o Lu\u00eds bate um novo recorde de cargas - Portosma<\/title>\n<meta name=\"robots\" content=\"index, follow, max-snippet:-1, max-image-preview:large, max-video-preview:-1\" \/>\n<link rel=\"canonical\" href=\"https:\/\/portosma.com.br\/index.php\/2023\/01\/19\/terminal-portuario-de-sao-luis-bate-recorde-de-movimentacao-de-cargas-em-2022\/\" \/>\n<meta property=\"og:locale\" content=\"pt_BR\" \/>\n<meta property=\"og:type\" content=\"article\" \/>\n<meta property=\"og:title\" content=\"Terminal Portu\u00e1rio de S\u00e3o Lu\u00eds bate um novo recorde de cargas - Portosma\" \/>\n<meta property=\"og:description\" content=\"Resultado de 5,4 m\/t transportadas pelo Terminal Portu\u00e1rio de S\u00e3o Lu\u00eds, administrado pela empresa VLI, \u00e9 o maior desde 2015.\" \/>\n<meta property=\"og:url\" content=\"https:\/\/portosma.com.br\/index.php\/2023\/01\/19\/terminal-portuario-de-sao-luis-bate-recorde-de-movimentacao-de-cargas-em-2022\/\" \/>\n<meta property=\"og:site_name\" content=\"Portosma\" \/>\n<meta property=\"article:published_time\" content=\"2023-01-19T18:04:47+00:00\" \/>\n<meta property=\"article:modified_time\" content=\"2023-02-16T12:54:54+00:00\" \/>\n<meta property=\"og:image\" content=\"https:\/\/portosma.com.br\/wp-content\/uploads\/2023\/01\/AFOTO-353.jpg\" \/>\n\t<meta property=\"og:image:width\" content=\"500\" \/>\n\t<meta property=\"og:image:height\" content=\"242\" \/>\n\t<meta property=\"og:image:type\" content=\"image\/jpeg\" \/>\n<meta name=\"author\" content=\"admin\" \/>\n<meta name=\"twitter:card\" content=\"summary_large_image\" \/>\n<meta name=\"twitter:label1\" content=\"Escrito por\" \/>\n\t<meta name=\"twitter:data1\" content=\"admin\" \/>\n\t<meta name=\"twitter:label2\" content=\"Est. tempo de leitura\" \/>\n\t<meta name=\"twitter:data2\" content=\"3 minutos\" \/>\n<script type=\"application\/ld+json\" class=\"yoast-schema-graph\">{\"@context\":\"https:\/\/schema.org\",\"@graph\":[{\"@type\":\"Article\",\"@id\":\"https:\/\/portosma.com.br\/index.php\/2023\/01\/19\/terminal-portuario-de-sao-luis-bate-recorde-de-movimentacao-de-cargas-em-2022\/#article\",\"isPartOf\":{\"@id\":\"https:\/\/portosma.com.br\/index.php\/2023\/01\/19\/terminal-portuario-de-sao-luis-bate-recorde-de-movimentacao-de-cargas-em-2022\/\"},\"author\":{\"name\":\"admin\",\"@id\":\"https:\/\/portosma.com.br\/#\/schema\/person\/fb92dfe283ab47293259c87c813d8623\"},\"headline\":\"Terminal Portu\u00e1rio de S\u00e3o Lu\u00eds bate um novo recorde de cargas\",\"datePublished\":\"2023-01-19T18:04:47+00:00\",\"dateModified\":\"2023-02-16T12:54:54+00:00\",\"mainEntityOfPage\":{\"@id\":\"https:\/\/portosma.com.br\/index.php\/2023\/01\/19\/terminal-portuario-de-sao-luis-bate-recorde-de-movimentacao-de-cargas-em-2022\/\"},\"wordCount\":544,\"commentCount\":0,\"publisher\":{\"@id\":\"https:\/\/portosma.com.br\/#organization\"},\"image\":{\"@id\":\"https:\/\/portosma.com.br\/index.php\/2023\/01\/19\/terminal-portuario-de-sao-luis-bate-recorde-de-movimentacao-de-cargas-em-2022\/#primaryimage\"},\"thumbnailUrl\":\"https:\/\/portosma.com.br\/wp-content\/uploads\/2023\/01\/AFOTO-353.jpg\",\"articleSection\":[\"Not\u00edcias\"],\"inLanguage\":\"pt-BR\",\"potentialAction\":[{\"@type\":\"CommentAction\",\"name\":\"Comment\",\"target\":[\"https:\/\/portosma.com.br\/index.php\/2023\/01\/19\/terminal-portuario-de-sao-luis-bate-recorde-de-movimentacao-de-cargas-em-2022\/#respond\"]}]},{\"@type\":\"WebPage\",\"@id\":\"https:\/\/portosma.com.br\/index.php\/2023\/01\/19\/terminal-portuario-de-sao-luis-bate-recorde-de-movimentacao-de-cargas-em-2022\/\",\"url\":\"https:\/\/portosma.com.br\/index.php\/2023\/01\/19\/terminal-portuario-de-sao-luis-bate-recorde-de-movimentacao-de-cargas-em-2022\/\",\"name\":\"Terminal Portu\u00e1rio de S\u00e3o Lu\u00eds bate um novo recorde de cargas - Portosma\",\"isPartOf\":{\"@id\":\"https:\/\/portosma.com.br\/#website\"},\"primaryImageOfPage\":{\"@id\":\"https:\/\/portosma.com.br\/index.php\/2023\/01\/19\/terminal-portuario-de-sao-luis-bate-recorde-de-movimentacao-de-cargas-em-2022\/#primaryimage\"},\"image\":{\"@id\":\"https:\/\/portosma.com.br\/index.php\/2023\/01\/19\/terminal-portuario-de-sao-luis-bate-recorde-de-movimentacao-de-cargas-em-2022\/#primaryimage\"},\"thumbnailUrl\":\"https:\/\/portosma.com.br\/wp-content\/uploads\/2023\/01\/AFOTO-353.jpg\",\"datePublished\":\"2023-01-19T18:04:47+00:00\",\"dateModified\":\"2023-02-16T12:54:54+00:00\",\"breadcrumb\":{\"@id\":\"https:\/\/portosma.com.br\/index.php\/2023\/01\/19\/terminal-portuario-de-sao-luis-bate-recorde-de-movimentacao-de-cargas-em-2022\/#breadcrumb\"},\"inLanguage\":\"pt-BR\",\"potentialAction\":[{\"@type\":\"ReadAction\",\"target\":[\"https:\/\/portosma.com.br\/index.php\/2023\/01\/19\/terminal-portuario-de-sao-luis-bate-recorde-de-movimentacao-de-cargas-em-2022\/\"]}]},{\"@type\":\"ImageObject\",\"inLanguage\":\"pt-BR\",\"@id\":\"https:\/\/portosma.com.br\/index.php\/2023\/01\/19\/terminal-portuario-de-sao-luis-bate-recorde-de-movimentacao-de-cargas-em-2022\/#primaryimage\",\"url\":\"https:\/\/portosma.com.br\/wp-content\/uploads\/2023\/01\/AFOTO-353.jpg\",\"contentUrl\":\"https:\/\/portosma.com.br\/wp-content\/uploads\/2023\/01\/AFOTO-353.jpg\",\"width\":500,\"height\":242,\"caption\":\"Sao Luis_MA, 24 de maio de 2014 Corporativo \/ VLI Producao de banco de imagens para a VLI, empresa de logistica que integra ferrovias, portos e terminais com ativos proprios e de terceiros. Imagens produzidas na unidade de Sao Luis no Maranhao cuja operacao e no Porto de Itaqui. Foto: NIDIN SANCHES \/ Divulgacao\"},{\"@type\":\"BreadcrumbList\",\"@id\":\"https:\/\/portosma.com.br\/index.php\/2023\/01\/19\/terminal-portuario-de-sao-luis-bate-recorde-de-movimentacao-de-cargas-em-2022\/#breadcrumb\",\"itemListElement\":[{\"@type\":\"ListItem\",\"position\":1,\"name\":\"In\u00edcio\",\"item\":\"https:\/\/portosma.com.br\/\"},{\"@type\":\"ListItem\",\"position\":2,\"name\":\"Terminal Portu\u00e1rio de S\u00e3o Lu\u00eds bate um novo recorde de cargas\"}]},{\"@type\":\"WebSite\",\"@id\":\"https:\/\/portosma.com.br\/#website\",\"url\":\"https:\/\/portosma.com.br\/\",\"name\":\"Portosma\",\"description\":\"Um site de not\u00edcias\",\"publisher\":{\"@id\":\"https:\/\/portosma.com.br\/#organization\"},\"potentialAction\":[{\"@type\":\"SearchAction\",\"target\":{\"@type\":\"EntryPoint\",\"urlTemplate\":\"https:\/\/portosma.com.br\/?s={search_term_string}\"},\"query-input\":\"required name=search_term_string\"}],\"inLanguage\":\"pt-BR\"},{\"@type\":\"Organization\",\"@id\":\"https:\/\/portosma.com.br\/#organization\",\"name\":\"Portosma\",\"alternateName\":\"Portosma\",\"url\":\"https:\/\/portosma.com.br\/\",\"logo\":{\"@type\":\"ImageObject\",\"inLanguage\":\"pt-BR\",\"@id\":\"https:\/\/portosma.com.br\/#\/schema\/logo\/image\/\",\"url\":\"https:\/\/portosma.com.br\/wp-content\/uploads\/2026\/03\/cropped-AD-PORTOSMA.jpg\",\"contentUrl\":\"https:\/\/portosma.com.br\/wp-content\/uploads\/2026\/03\/cropped-AD-PORTOSMA.jpg\",\"width\":400,\"height\":115,\"caption\":\"Portosma\"},\"image\":{\"@id\":\"https:\/\/portosma.com.br\/#\/schema\/logo\/image\/\"}},{\"@type\":\"Person\",\"@id\":\"https:\/\/portosma.com.br\/#\/schema\/person\/fb92dfe283ab47293259c87c813d8623\",\"name\":\"admin\",\"sameAs\":[\"https:\/\/portosma.com.br\"],\"url\":\"https:\/\/portosma.com.br\/index.php\/author\/portosma\/\"}]}<\/script>\n<!-- \/ Yoast SEO plugin. -->","yoast_head_json":{"title":"Terminal Portu\u00e1rio de S\u00e3o Lu\u00eds bate um novo recorde de cargas - Portosma","robots":{"index":"index","follow":"follow","max-snippet":"max-snippet:-1","max-image-preview":"max-image-preview:large","max-video-preview":"max-video-preview:-1"},"canonical":"https:\/\/portosma.com.br\/index.php\/2023\/01\/19\/terminal-portuario-de-sao-luis-bate-recorde-de-movimentacao-de-cargas-em-2022\/","og_locale":"pt_BR","og_type":"article","og_title":"Terminal Portu\u00e1rio de S\u00e3o Lu\u00eds bate um novo recorde de cargas - Portosma","og_description":"Resultado de 5,4 m\/t transportadas pelo Terminal Portu\u00e1rio de S\u00e3o Lu\u00eds, administrado pela empresa VLI, \u00e9 o maior desde 2015.","og_url":"https:\/\/portosma.com.br\/index.php\/2023\/01\/19\/terminal-portuario-de-sao-luis-bate-recorde-de-movimentacao-de-cargas-em-2022\/","og_site_name":"Portosma","article_published_time":"2023-01-19T18:04:47+00:00","article_modified_time":"2023-02-16T12:54:54+00:00","og_image":[{"width":500,"height":242,"url":"https:\/\/portosma.com.br\/wp-content\/uploads\/2023\/01\/AFOTO-353.jpg","type":"image\/jpeg"}],"author":"admin","twitter_card":"summary_large_image","twitter_misc":{"Escrito por":"admin","Est. tempo de leitura":"3 minutos"},"schema":{"@context":"https:\/\/schema.org","@graph":[{"@type":"Article","@id":"https:\/\/portosma.com.br\/index.php\/2023\/01\/19\/terminal-portuario-de-sao-luis-bate-recorde-de-movimentacao-de-cargas-em-2022\/#article","isPartOf":{"@id":"https:\/\/portosma.com.br\/index.php\/2023\/01\/19\/terminal-portuario-de-sao-luis-bate-recorde-de-movimentacao-de-cargas-em-2022\/"},"author":{"name":"admin","@id":"https:\/\/portosma.com.br\/#\/schema\/person\/fb92dfe283ab47293259c87c813d8623"},"headline":"Terminal Portu\u00e1rio de S\u00e3o Lu\u00eds bate um novo recorde de cargas","datePublished":"2023-01-19T18:04:47+00:00","dateModified":"2023-02-16T12:54:54+00:00","mainEntityOfPage":{"@id":"https:\/\/portosma.com.br\/index.php\/2023\/01\/19\/terminal-portuario-de-sao-luis-bate-recorde-de-movimentacao-de-cargas-em-2022\/"},"wordCount":544,"commentCount":0,"publisher":{"@id":"https:\/\/portosma.com.br\/#organization"},"image":{"@id":"https:\/\/portosma.com.br\/index.php\/2023\/01\/19\/terminal-portuario-de-sao-luis-bate-recorde-de-movimentacao-de-cargas-em-2022\/#primaryimage"},"thumbnailUrl":"https:\/\/portosma.com.br\/wp-content\/uploads\/2023\/01\/AFOTO-353.jpg","articleSection":["Not\u00edcias"],"inLanguage":"pt-BR","potentialAction":[{"@type":"CommentAction","name":"Comment","target":["https:\/\/portosma.com.br\/index.php\/2023\/01\/19\/terminal-portuario-de-sao-luis-bate-recorde-de-movimentacao-de-cargas-em-2022\/#respond"]}]},{"@type":"WebPage","@id":"https:\/\/portosma.com.br\/index.php\/2023\/01\/19\/terminal-portuario-de-sao-luis-bate-recorde-de-movimentacao-de-cargas-em-2022\/","url":"https:\/\/portosma.com.br\/index.php\/2023\/01\/19\/terminal-portuario-de-sao-luis-bate-recorde-de-movimentacao-de-cargas-em-2022\/","name":"Terminal Portu\u00e1rio de S\u00e3o Lu\u00eds bate um novo recorde de cargas - Portosma","isPartOf":{"@id":"https:\/\/portosma.com.br\/#website"},"primaryImageOfPage":{"@id":"https:\/\/portosma.com.br\/index.php\/2023\/01\/19\/terminal-portuario-de-sao-luis-bate-recorde-de-movimentacao-de-cargas-em-2022\/#primaryimage"},"image":{"@id":"https:\/\/portosma.com.br\/index.php\/2023\/01\/19\/terminal-portuario-de-sao-luis-bate-recorde-de-movimentacao-de-cargas-em-2022\/#primaryimage"},"thumbnailUrl":"https:\/\/portosma.com.br\/wp-content\/uploads\/2023\/01\/AFOTO-353.jpg","datePublished":"2023-01-19T18:04:47+00:00","dateModified":"2023-02-16T12:54:54+00:00","breadcrumb":{"@id":"https:\/\/portosma.com.br\/index.php\/2023\/01\/19\/terminal-portuario-de-sao-luis-bate-recorde-de-movimentacao-de-cargas-em-2022\/#breadcrumb"},"inLanguage":"pt-BR","potentialAction":[{"@type":"ReadAction","target":["https:\/\/portosma.com.br\/index.php\/2023\/01\/19\/terminal-portuario-de-sao-luis-bate-recorde-de-movimentacao-de-cargas-em-2022\/"]}]},{"@type":"ImageObject","inLanguage":"pt-BR","@id":"https:\/\/portosma.com.br\/index.php\/2023\/01\/19\/terminal-portuario-de-sao-luis-bate-recorde-de-movimentacao-de-cargas-em-2022\/#primaryimage","url":"https:\/\/portosma.com.br\/wp-content\/uploads\/2023\/01\/AFOTO-353.jpg","contentUrl":"https:\/\/portosma.com.br\/wp-content\/uploads\/2023\/01\/AFOTO-353.jpg","width":500,"height":242,"caption":"Sao Luis_MA, 24 de maio de 2014 Corporativo \/ VLI Producao de banco de imagens para a VLI, empresa de logistica que integra ferrovias, portos e terminais com ativos proprios e de terceiros. Imagens produzidas na unidade de Sao Luis no Maranhao cuja operacao e no Porto de Itaqui. Foto: NIDIN SANCHES \/ Divulgacao"},{"@type":"BreadcrumbList","@id":"https:\/\/portosma.com.br\/index.php\/2023\/01\/19\/terminal-portuario-de-sao-luis-bate-recorde-de-movimentacao-de-cargas-em-2022\/#breadcrumb","itemListElement":[{"@type":"ListItem","position":1,"name":"In\u00edcio","item":"https:\/\/portosma.com.br\/"},{"@type":"ListItem","position":2,"name":"Terminal Portu\u00e1rio de S\u00e3o Lu\u00eds bate um novo recorde de cargas"}]},{"@type":"WebSite","@id":"https:\/\/portosma.com.br\/#website","url":"https:\/\/portosma.com.br\/","name":"Portosma","description":"Um site de not\u00edcias","publisher":{"@id":"https:\/\/portosma.com.br\/#organization"},"potentialAction":[{"@type":"SearchAction","target":{"@type":"EntryPoint","urlTemplate":"https:\/\/portosma.com.br\/?s={search_term_string}"},"query-input":"required name=search_term_string"}],"inLanguage":"pt-BR"},{"@type":"Organization","@id":"https:\/\/portosma.com.br\/#organization","name":"Portosma","alternateName":"Portosma","url":"https:\/\/portosma.com.br\/","logo":{"@type":"ImageObject","inLanguage":"pt-BR","@id":"https:\/\/portosma.com.br\/#\/schema\/logo\/image\/","url":"https:\/\/portosma.com.br\/wp-content\/uploads\/2026\/03\/cropped-AD-PORTOSMA.jpg","contentUrl":"https:\/\/portosma.com.br\/wp-content\/uploads\/2026\/03\/cropped-AD-PORTOSMA.jpg","width":400,"height":115,"caption":"Portosma"},"image":{"@id":"https:\/\/portosma.com.br\/#\/schema\/logo\/image\/"}},{"@type":"Person","@id":"https:\/\/portosma.com.br\/#\/schema\/person\/fb92dfe283ab47293259c87c813d8623","name":"admin","sameAs":["https:\/\/portosma.com.br"],"url":"https:\/\/portosma.com.br\/index.php\/author\/portosma\/"}]}},"_links":{"self":[{"href":"https:\/\/portosma.com.br\/index.php\/wp-json\/wp\/v2\/posts\/2142","targetHints":{"allow":["GET"]}}],"collection":[{"href":"https:\/\/portosma.com.br\/index.php\/wp-json\/wp\/v2\/posts"}],"about":[{"href":"https:\/\/portosma.com.br\/index.php\/wp-json\/wp\/v2\/types\/post"}],"author":[{"embeddable":true,"href":"https:\/\/portosma.com.br\/index.php\/wp-json\/wp\/v2\/users\/1"}],"replies":[{"embeddable":true,"href":"https:\/\/portosma.com.br\/index.php\/wp-json\/wp\/v2\/comments?post=2142"}],"version-history":[{"count":13,"href":"https:\/\/portosma.com.br\/index.php\/wp-json\/wp\/v2\/posts\/2142\/revisions"}],"predecessor-version":[{"id":4497,"href":"https:\/\/portosma.com.br\/index.php\/wp-json\/wp\/v2\/posts\/2142\/revisions\/4497"}],"wp:featuredmedia":[{"embeddable":true,"href":"https:\/\/portosma.com.br\/index.php\/wp-json\/wp\/v2\/media\/4498"}],"wp:attachment":[{"href":"https:\/\/portosma.com.br\/index.php\/wp-json\/wp\/v2\/media?parent=2142"}],"wp:term":[{"taxonomy":"category","embeddable":true,"href":"https:\/\/portosma.com.br\/index.php\/wp-json\/wp\/v2\/categories?post=2142"},{"taxonomy":"post_tag","embeddable":true,"href":"https:\/\/portosma.com.br\/index.php\/wp-json\/wp\/v2\/tags?post=2142"}],"curies":[{"name":"wp","href":"https:\/\/api.w.org\/{rel}","templated":true}]}}