{"id":20456,"date":"2025-02-11T17:46:48","date_gmt":"2025-02-11T17:46:48","guid":{"rendered":"https:\/\/portosma.com.br\/?p=20456"},"modified":"2025-02-11T17:54:11","modified_gmt":"2025-02-11T17:54:11","slug":"alcoa-abre-inscricoes-para-programa-de-apoio-a-projetos-locais-2025","status":"publish","type":"post","link":"https:\/\/portosma.com.br\/index.php\/2025\/02\/11\/alcoa-abre-inscricoes-para-programa-de-apoio-a-projetos-locais-2025\/","title":{"rendered":"Alcoa abre inscri\u00e7\u00f5es a programa de apoio a projetos locais 2025"},"content":{"rendered":"<p>Realizado anualmente, o edital apoia iniciativas relacionadas \u00e0s \u00e1reas de atua\u00e7\u00e3o priorit\u00e1rias do Instituto Alcoa: educa\u00e7\u00e3o e gera\u00e7\u00e3o de trabalho e renda, incluindo empreendedorismo e capacita\u00e7\u00e3o para o mundo do trabalho.<\/p>\n<p>O Programa de Apoio a Projetos Locais, uma realiza\u00e7\u00e3o anual do Instituto Alcoa para contribuir com sua miss\u00e3o de promover coletivamente a educa\u00e7\u00e3o e o desenvolvimento dos territ\u00f3rios nos quais atua, receber\u00e1 inscri\u00e7\u00f5es de projetos para o Edital 2025 de 21 de fevereiro a 21 de mar\u00e7o.<\/p>\n<p>A iniciativa apoiar\u00e1 projetos locais desenvolvidos por organiza\u00e7\u00f5es da sociedade civil nas \u00e1reas priorit\u00e1rias para o Instituto \u2013 educa\u00e7\u00e3o com foco em Ensino Fundamental e gera\u00e7\u00e3o de trabalho e renda, incluindo empreendedorismo e capacita\u00e7\u00e3o para o mundo do trabalho, causas estruturantes para o desenvolvimento de uma sociedade mais justa. Al\u00e9m disso, como parte do compromisso de contribuir para a redu\u00e7\u00e3o das desigualdades e promover, cada vez mais, espa\u00e7os inclusivos e diversos para todas as pessoas, o Programa de Apoio a Projetos Locais tamb\u00e9m incentiva o desenvolvimento de iniciativas que auxiliem e estimulem a inclus\u00e3o de mulheres, grupos \u00e9tnico-raciais, pessoas com defici\u00eancia e p\u00fablico LGBTQIAPN+.<\/p>\n<p>\u201cN\u00f3s reconhecemos o poder da sociedade civil e acreditamos que os projetos comunit\u00e1rios t\u00eam a capacidade de transformar os territ\u00f3rios em que estamos presentes, por meio de uma agenda coletiva de desenvolvimento. Ao apoiarmos estas iniciativas, n\u00f3s atuamos em conjunto com as comunidades em prol de suas demandas locais, o que contribui com o prop\u00f3sito do Instituto Alcoa de construir uma sociedade mais inclusiva e menos desigual\u201d, explica Monica Espadaro, Diretora Executiva de Opera\u00e7\u00f5es do Instituto Alcoa.<\/p>\n<p>O Edital 2025 ser\u00e1 lan\u00e7ado no dia 12 de fevereiro com uma apresenta\u00e7\u00e3o on-line, das 10h \u00e0s 11h, via plataforma Teams.<\/p>\n<p><strong>Crit\u00e9rios para participa\u00e7\u00e3o<\/strong><\/p>\n<p>Ser\u00e3o priorizados projetos nas regi\u00f5es de atua\u00e7\u00e3o do Instituto Alcoa: Juruti (PA); Divinol\u00e2ndia (SP); S\u00e3o Sebasti\u00e3o da Grama (SP), Andradas, Po\u00e7os de Caldas e Caldas (MG); e S\u00e3o Lu\u00eds (MA).<\/p>\n<p>Organiza\u00e7\u00f5es com no m\u00ednimo dois anos de exist\u00eancia, projetos realizados nas localidades eleg\u00edveis e iniciativas com dura\u00e7\u00e3o m\u00e1xima de dois anos s\u00e3o alguns dos crit\u00e9rios para participar do edital.<\/p>\n<p>Os projetos devem conter: 1) foco nas \u00e1reas priorit\u00e1rias do Instituto Alcoa (Educa\u00e7\u00e3o, com foco no Ensino Fundamental, e Gera\u00e7\u00e3o de Trabalho e Renda, incluindo Empreendedorismo e Capacita\u00e7\u00e3o para o Mundo do Trabalho); 2) objetivo de implementa\u00e7\u00e3o, expans\u00e3o, aperfei\u00e7oamento ou dissemina\u00e7\u00e3o de propostas j\u00e1 existentes; 3) valor solicitado ao Instituto Alcoa entre R$ 50 mil e R$ 200 mil; 4) perspectiva de continuidade e sustentabilidade das a\u00e7\u00f5es ap\u00f3s o encerramento do apoio; 5) ao menos uma parceria financeira assegurada para o desenvolvimento da proposta, que corresponda a, no m\u00ednimo, 10% do or\u00e7amento total; e 6) estrat\u00e9gias de avalia\u00e7\u00e3o e plano de divulga\u00e7\u00e3o, incluindo a\u00e7\u00f5es e resultados.<\/p>\n<p>A documenta\u00e7\u00e3o a ser enviada pelas organiza\u00e7\u00f5es participantes ser\u00e1 dividida em tr\u00eas etapas:<\/p>\n<ul>\n<li>Etapa 1: Na inscri\u00e7\u00e3o do projeto;<\/li>\n<li>Etapa 2: Ap\u00f3s a an\u00e1lise dos projetos de acordo com os pr\u00e9-requisitos de participa\u00e7\u00e3o e avalia\u00e7\u00e3o t\u00e9cnica segundo os crit\u00e9rios de an\u00e1lise;<\/li>\n<li>Etapa 3: Posteriormente, caso o projeto seja priorizado pelo Conselho Consultivo de Rela\u00e7\u00f5es Comunit\u00e1rias da localidade.<\/li>\n<\/ul>\n<p>&nbsp;<\/p>\n<p>As inscri\u00e7\u00f5es ser\u00e3o recebidas de 21 de fevereiro a 21 de mar\u00e7o pelo <a href=\"https:\/\/institutoalcoa.sponsor.com\">sistema de gest\u00e3o de projetos<\/a>. No ato da inscri\u00e7\u00e3o, as organiza\u00e7\u00f5es devem enviar todos os documentos descritos no edital. Os projetos selecionados ser\u00e3o divulgados at\u00e9 25 de julho.<\/p>\n<p><strong>Apresenta\u00e7\u00e3o do Edital<\/strong><\/p>\n<p>As regras do Edital 2025 e o processo de avalia\u00e7\u00e3o ser\u00e3o apresentadas pelo Instituto Alcoa em formato on-line pela plataforma Teams:<\/p>\n<p><strong>Data:<\/strong> 12 de fevereiro<\/p>\n<p><strong>Hor\u00e1rio:<\/strong> das 10h00 \u00e0s 11h00<\/p>\n<p><strong>Local:<\/strong> Plataforma Teams \u2013 <a href=\"https:\/\/teams.microsoft.com\/l\/meetup-join\/19%3ameeting_NjFiODQ5ZDUtZWM1MC00N2NjLWJhNmYtNGJkOWM5NTgxMTU4%40thread.v2\/0?context=%7b%22Tid%22%3a%2237a72eb7-1faf-49d3-9ddc-6b923b751bc0%22%2c%22Oid%22%3a%22edf2c06c-67b3-4651-9dc1-d19e1cce13b9%22%7d\">acesso por este link.<\/a><\/p>\n<p><strong>Oficina de Elabora\u00e7\u00e3o de Projetos<\/strong><\/p>\n<p>Para apoiar as organiza\u00e7\u00f5es na elabora\u00e7\u00e3o e envio dos projetos, o Instituto Alcoa promover\u00e1 oficinas em parceria com o Fundo Internacional Socioambiental (Ficas), organiza\u00e7\u00e3o que acompanha todas as etapas do Programa de Apoio a Projetos Locais. Conhe\u00e7a o calend\u00e1rio de acordo com a localiza\u00e7\u00e3o das organiza\u00e7\u00f5es participantes:<\/p>\n<ul>\n<li><strong>Juruti:<\/strong> 18 a 20 de fevereiro<\/li>\n<li><strong>S\u00e3o Lu\u00eds:<\/strong> 18 e 19 de fevereiro<\/li>\n<li><strong>Po\u00e7os de Caldas e regi\u00e3o:<\/strong> 21 de fevereiro<\/li>\n<\/ul>\n<p>A partir de 12 de fevereiro, todas as informa\u00e7\u00f5es sobre o Programa de Apoio a Projetos Locais 2025 estar\u00e3o dispon\u00edveis <a href=\"https:\/\/www.alcoa.com\/brasil\/pt\/institute\/local-project-support-program\">no site do Instituto Alcoa.<\/a><\/p>\n<p>D\u00favidas podem ser esclarecidas pelo e-mail <a href=\"about:blank\">avaliacao@ficas.org.br<\/a> ou pelo telefone 0800 722 0715 (liga\u00e7\u00e3o gratuita de segunda a sexta-feira, das 9h00 \u00e0s 17h00).<\/p>\n<p><img fetchpriority=\"high\" decoding=\"async\" class=\"alignnone wp-image-20458 size-full\" src=\"https:\/\/portosma.com.br\/wp-content\/uploads\/2025\/02\/ALUM-900.jpg\" alt=\"\" width=\"900\" height=\"600\" srcset=\"https:\/\/portosma.com.br\/wp-content\/uploads\/2025\/02\/ALUM-900.jpg 900w, https:\/\/portosma.com.br\/wp-content\/uploads\/2025\/02\/ALUM-900-300x200.jpg 300w, https:\/\/portosma.com.br\/wp-content\/uploads\/2025\/02\/ALUM-900-768x512.jpg 768w\" sizes=\"(max-width: 900px) 100vw, 900px\" \/><\/p>\n<p><strong>Sobre o Instituto Alcoa =&nbsp;<\/strong><em>Fundado em 1990, no Brasil, o Instituto Alcoa \u00e9 uma entidade sem fins lucrativos, que tem o prop\u00f3sito de transformar coletivamente os territ\u00f3rios em que a Alcoa est\u00e1 presente \u2013 Po\u00e7os de Caldas (MG), S\u00e3o Lu\u00eds (MA) e Juruti (PA) \u2013 a fim de torn\u00e1-los mais inclusivos e menos desiguais. Para isso, o Instituto Alcoa promove iniciativas em educa\u00e7\u00e3o e gera\u00e7\u00e3o de trabalho e renda, causas estruturantes para o desenvolvimento de uma sociedade mais justa, al\u00e9m de incentivar a participa\u00e7\u00e3o social e o di\u00e1logo em torno das causas como forma de mobiliza\u00e7\u00e3o para o engajamento. Sua atua\u00e7\u00e3o se conecta \u00e0s pol\u00edticas p\u00fablicas e agendas de interesses globais, como os Objetivos de Desenvolvimento Sustent\u00e1vel (ODS).<\/em><\/p>\n","protected":false},"excerpt":{"rendered":"<p>Anualmente o edital apoia iniciativas relacionadas \u00e0s \u00e1reas de atua\u00e7\u00e3o priorit\u00e1rias do Instituto Alcoa: educa\u00e7\u00e3o e gera\u00e7\u00e3o de trabalho e renda, <\/p>\n","protected":false},"author":1,"featured_media":20457,"comment_status":"closed","ping_status":"open","sticky":false,"template":"","format":"standard","meta":{"_editorskit_title_hidden":false,"_editorskit_reading_time":0,"_editorskit_is_block_options_detached":false,"_editorskit_block_options_position":"{}","ngg_post_thumbnail":0,"footnotes":""},"categories":[1],"tags":[],"class_list":["post-20456","post","type-post","status-publish","format-standard","has-post-thumbnail","hentry","category-noticias"],"yoast_head":"<!-- This site is optimized with the Yoast SEO plugin v22.5 - https:\/\/yoast.com\/wordpress\/plugins\/seo\/ -->\n<title>Alcoa abre inscri\u00e7\u00f5es a programa de apoio a projetos locais 2025 - Portosma<\/title>\n<meta name=\"robots\" content=\"index, follow, max-snippet:-1, max-image-preview:large, max-video-preview:-1\" \/>\n<link rel=\"canonical\" href=\"https:\/\/portosma.com.br\/index.php\/2025\/02\/11\/alcoa-abre-inscricoes-para-programa-de-apoio-a-projetos-locais-2025\/\" \/>\n<meta property=\"og:locale\" content=\"pt_BR\" \/>\n<meta property=\"og:type\" content=\"article\" \/>\n<meta property=\"og:title\" content=\"Alcoa abre inscri\u00e7\u00f5es a programa de apoio a projetos locais 2025 - Portosma\" \/>\n<meta property=\"og:description\" content=\"Anualmente o edital apoia iniciativas relacionadas \u00e0s \u00e1reas de atua\u00e7\u00e3o priorit\u00e1rias do Instituto Alcoa: educa\u00e7\u00e3o e gera\u00e7\u00e3o de trabalho e renda,\" \/>\n<meta property=\"og:url\" content=\"https:\/\/portosma.com.br\/index.php\/2025\/02\/11\/alcoa-abre-inscricoes-para-programa-de-apoio-a-projetos-locais-2025\/\" \/>\n<meta property=\"og:site_name\" content=\"Portosma\" \/>\n<meta property=\"article:published_time\" content=\"2025-02-11T17:46:48+00:00\" \/>\n<meta property=\"article:modified_time\" content=\"2025-02-11T17:54:11+00:00\" \/>\n<meta property=\"og:image\" content=\"https:\/\/portosma.com.br\/wp-content\/uploads\/2025\/02\/ALUM-1200.jpg\" \/>\n\t<meta property=\"og:image:width\" content=\"1200\" \/>\n\t<meta property=\"og:image:height\" content=\"502\" \/>\n\t<meta property=\"og:image:type\" content=\"image\/jpeg\" \/>\n<meta name=\"author\" content=\"admin\" \/>\n<meta name=\"twitter:card\" content=\"summary_large_image\" \/>\n<meta name=\"twitter:label1\" content=\"Escrito por\" \/>\n\t<meta name=\"twitter:data1\" content=\"admin\" \/>\n\t<meta name=\"twitter:label2\" content=\"Est. tempo de leitura\" \/>\n\t<meta name=\"twitter:data2\" content=\"5 minutos\" \/>\n<script type=\"application\/ld+json\" class=\"yoast-schema-graph\">{\"@context\":\"https:\/\/schema.org\",\"@graph\":[{\"@type\":\"Article\",\"@id\":\"https:\/\/portosma.com.br\/index.php\/2025\/02\/11\/alcoa-abre-inscricoes-para-programa-de-apoio-a-projetos-locais-2025\/#article\",\"isPartOf\":{\"@id\":\"https:\/\/portosma.com.br\/index.php\/2025\/02\/11\/alcoa-abre-inscricoes-para-programa-de-apoio-a-projetos-locais-2025\/\"},\"author\":{\"name\":\"admin\",\"@id\":\"https:\/\/portosma.com.br\/#\/schema\/person\/fb92dfe283ab47293259c87c813d8623\"},\"headline\":\"Alcoa abre inscri\u00e7\u00f5es a programa de apoio a projetos locais 2025\",\"datePublished\":\"2025-02-11T17:46:48+00:00\",\"dateModified\":\"2025-02-11T17:54:11+00:00\",\"mainEntityOfPage\":{\"@id\":\"https:\/\/portosma.com.br\/index.php\/2025\/02\/11\/alcoa-abre-inscricoes-para-programa-de-apoio-a-projetos-locais-2025\/\"},\"wordCount\":929,\"publisher\":{\"@id\":\"https:\/\/portosma.com.br\/#organization\"},\"image\":{\"@id\":\"https:\/\/portosma.com.br\/index.php\/2025\/02\/11\/alcoa-abre-inscricoes-para-programa-de-apoio-a-projetos-locais-2025\/#primaryimage\"},\"thumbnailUrl\":\"https:\/\/portosma.com.br\/wp-content\/uploads\/2025\/02\/ALUM-1200.jpg\",\"articleSection\":[\"Not\u00edcias\"],\"inLanguage\":\"pt-BR\"},{\"@type\":\"WebPage\",\"@id\":\"https:\/\/portosma.com.br\/index.php\/2025\/02\/11\/alcoa-abre-inscricoes-para-programa-de-apoio-a-projetos-locais-2025\/\",\"url\":\"https:\/\/portosma.com.br\/index.php\/2025\/02\/11\/alcoa-abre-inscricoes-para-programa-de-apoio-a-projetos-locais-2025\/\",\"name\":\"Alcoa abre inscri\u00e7\u00f5es a programa de apoio a projetos locais 2025 - Portosma\",\"isPartOf\":{\"@id\":\"https:\/\/portosma.com.br\/#website\"},\"primaryImageOfPage\":{\"@id\":\"https:\/\/portosma.com.br\/index.php\/2025\/02\/11\/alcoa-abre-inscricoes-para-programa-de-apoio-a-projetos-locais-2025\/#primaryimage\"},\"image\":{\"@id\":\"https:\/\/portosma.com.br\/index.php\/2025\/02\/11\/alcoa-abre-inscricoes-para-programa-de-apoio-a-projetos-locais-2025\/#primaryimage\"},\"thumbnailUrl\":\"https:\/\/portosma.com.br\/wp-content\/uploads\/2025\/02\/ALUM-1200.jpg\",\"datePublished\":\"2025-02-11T17:46:48+00:00\",\"dateModified\":\"2025-02-11T17:54:11+00:00\",\"breadcrumb\":{\"@id\":\"https:\/\/portosma.com.br\/index.php\/2025\/02\/11\/alcoa-abre-inscricoes-para-programa-de-apoio-a-projetos-locais-2025\/#breadcrumb\"},\"inLanguage\":\"pt-BR\",\"potentialAction\":[{\"@type\":\"ReadAction\",\"target\":[\"https:\/\/portosma.com.br\/index.php\/2025\/02\/11\/alcoa-abre-inscricoes-para-programa-de-apoio-a-projetos-locais-2025\/\"]}]},{\"@type\":\"ImageObject\",\"inLanguage\":\"pt-BR\",\"@id\":\"https:\/\/portosma.com.br\/index.php\/2025\/02\/11\/alcoa-abre-inscricoes-para-programa-de-apoio-a-projetos-locais-2025\/#primaryimage\",\"url\":\"https:\/\/portosma.com.br\/wp-content\/uploads\/2025\/02\/ALUM-1200.jpg\",\"contentUrl\":\"https:\/\/portosma.com.br\/wp-content\/uploads\/2025\/02\/ALUM-1200.jpg\",\"width\":1200,\"height\":502},{\"@type\":\"BreadcrumbList\",\"@id\":\"https:\/\/portosma.com.br\/index.php\/2025\/02\/11\/alcoa-abre-inscricoes-para-programa-de-apoio-a-projetos-locais-2025\/#breadcrumb\",\"itemListElement\":[{\"@type\":\"ListItem\",\"position\":1,\"name\":\"In\u00edcio\",\"item\":\"https:\/\/portosma.com.br\/\"},{\"@type\":\"ListItem\",\"position\":2,\"name\":\"Alcoa abre inscri\u00e7\u00f5es a programa de apoio a projetos locais 2025\"}]},{\"@type\":\"WebSite\",\"@id\":\"https:\/\/portosma.com.br\/#website\",\"url\":\"https:\/\/portosma.com.br\/\",\"name\":\"Portosma\",\"description\":\"Um site de not\u00edcias\",\"publisher\":{\"@id\":\"https:\/\/portosma.com.br\/#organization\"},\"potentialAction\":[{\"@type\":\"SearchAction\",\"target\":{\"@type\":\"EntryPoint\",\"urlTemplate\":\"https:\/\/portosma.com.br\/?s={search_term_string}\"},\"query-input\":\"required name=search_term_string\"}],\"inLanguage\":\"pt-BR\"},{\"@type\":\"Organization\",\"@id\":\"https:\/\/portosma.com.br\/#organization\",\"name\":\"Portosma\",\"alternateName\":\"Portosma\",\"url\":\"https:\/\/portosma.com.br\/\",\"logo\":{\"@type\":\"ImageObject\",\"inLanguage\":\"pt-BR\",\"@id\":\"https:\/\/portosma.com.br\/#\/schema\/logo\/image\/\",\"url\":\"https:\/\/portosma.com.br\/wp-content\/uploads\/2026\/03\/cropped-AD-PORTOSMA.jpg\",\"contentUrl\":\"https:\/\/portosma.com.br\/wp-content\/uploads\/2026\/03\/cropped-AD-PORTOSMA.jpg\",\"width\":400,\"height\":115,\"caption\":\"Portosma\"},\"image\":{\"@id\":\"https:\/\/portosma.com.br\/#\/schema\/logo\/image\/\"}},{\"@type\":\"Person\",\"@id\":\"https:\/\/portosma.com.br\/#\/schema\/person\/fb92dfe283ab47293259c87c813d8623\",\"name\":\"admin\",\"sameAs\":[\"https:\/\/portosma.com.br\"],\"url\":\"https:\/\/portosma.com.br\/index.php\/author\/portosma\/\"}]}<\/script>\n<!-- \/ Yoast SEO plugin. -->","yoast_head_json":{"title":"Alcoa abre inscri\u00e7\u00f5es a programa de apoio a projetos locais 2025 - Portosma","robots":{"index":"index","follow":"follow","max-snippet":"max-snippet:-1","max-image-preview":"max-image-preview:large","max-video-preview":"max-video-preview:-1"},"canonical":"https:\/\/portosma.com.br\/index.php\/2025\/02\/11\/alcoa-abre-inscricoes-para-programa-de-apoio-a-projetos-locais-2025\/","og_locale":"pt_BR","og_type":"article","og_title":"Alcoa abre inscri\u00e7\u00f5es a programa de apoio a projetos locais 2025 - Portosma","og_description":"Anualmente o edital apoia iniciativas relacionadas \u00e0s \u00e1reas de atua\u00e7\u00e3o priorit\u00e1rias do Instituto Alcoa: educa\u00e7\u00e3o e gera\u00e7\u00e3o de trabalho e renda,","og_url":"https:\/\/portosma.com.br\/index.php\/2025\/02\/11\/alcoa-abre-inscricoes-para-programa-de-apoio-a-projetos-locais-2025\/","og_site_name":"Portosma","article_published_time":"2025-02-11T17:46:48+00:00","article_modified_time":"2025-02-11T17:54:11+00:00","og_image":[{"width":1200,"height":502,"url":"https:\/\/portosma.com.br\/wp-content\/uploads\/2025\/02\/ALUM-1200.jpg","type":"image\/jpeg"}],"author":"admin","twitter_card":"summary_large_image","twitter_misc":{"Escrito por":"admin","Est. tempo de leitura":"5 minutos"},"schema":{"@context":"https:\/\/schema.org","@graph":[{"@type":"Article","@id":"https:\/\/portosma.com.br\/index.php\/2025\/02\/11\/alcoa-abre-inscricoes-para-programa-de-apoio-a-projetos-locais-2025\/#article","isPartOf":{"@id":"https:\/\/portosma.com.br\/index.php\/2025\/02\/11\/alcoa-abre-inscricoes-para-programa-de-apoio-a-projetos-locais-2025\/"},"author":{"name":"admin","@id":"https:\/\/portosma.com.br\/#\/schema\/person\/fb92dfe283ab47293259c87c813d8623"},"headline":"Alcoa abre inscri\u00e7\u00f5es a programa de apoio a projetos locais 2025","datePublished":"2025-02-11T17:46:48+00:00","dateModified":"2025-02-11T17:54:11+00:00","mainEntityOfPage":{"@id":"https:\/\/portosma.com.br\/index.php\/2025\/02\/11\/alcoa-abre-inscricoes-para-programa-de-apoio-a-projetos-locais-2025\/"},"wordCount":929,"publisher":{"@id":"https:\/\/portosma.com.br\/#organization"},"image":{"@id":"https:\/\/portosma.com.br\/index.php\/2025\/02\/11\/alcoa-abre-inscricoes-para-programa-de-apoio-a-projetos-locais-2025\/#primaryimage"},"thumbnailUrl":"https:\/\/portosma.com.br\/wp-content\/uploads\/2025\/02\/ALUM-1200.jpg","articleSection":["Not\u00edcias"],"inLanguage":"pt-BR"},{"@type":"WebPage","@id":"https:\/\/portosma.com.br\/index.php\/2025\/02\/11\/alcoa-abre-inscricoes-para-programa-de-apoio-a-projetos-locais-2025\/","url":"https:\/\/portosma.com.br\/index.php\/2025\/02\/11\/alcoa-abre-inscricoes-para-programa-de-apoio-a-projetos-locais-2025\/","name":"Alcoa abre inscri\u00e7\u00f5es a programa de apoio a projetos locais 2025 - Portosma","isPartOf":{"@id":"https:\/\/portosma.com.br\/#website"},"primaryImageOfPage":{"@id":"https:\/\/portosma.com.br\/index.php\/2025\/02\/11\/alcoa-abre-inscricoes-para-programa-de-apoio-a-projetos-locais-2025\/#primaryimage"},"image":{"@id":"https:\/\/portosma.com.br\/index.php\/2025\/02\/11\/alcoa-abre-inscricoes-para-programa-de-apoio-a-projetos-locais-2025\/#primaryimage"},"thumbnailUrl":"https:\/\/portosma.com.br\/wp-content\/uploads\/2025\/02\/ALUM-1200.jpg","datePublished":"2025-02-11T17:46:48+00:00","dateModified":"2025-02-11T17:54:11+00:00","breadcrumb":{"@id":"https:\/\/portosma.com.br\/index.php\/2025\/02\/11\/alcoa-abre-inscricoes-para-programa-de-apoio-a-projetos-locais-2025\/#breadcrumb"},"inLanguage":"pt-BR","potentialAction":[{"@type":"ReadAction","target":["https:\/\/portosma.com.br\/index.php\/2025\/02\/11\/alcoa-abre-inscricoes-para-programa-de-apoio-a-projetos-locais-2025\/"]}]},{"@type":"ImageObject","inLanguage":"pt-BR","@id":"https:\/\/portosma.com.br\/index.php\/2025\/02\/11\/alcoa-abre-inscricoes-para-programa-de-apoio-a-projetos-locais-2025\/#primaryimage","url":"https:\/\/portosma.com.br\/wp-content\/uploads\/2025\/02\/ALUM-1200.jpg","contentUrl":"https:\/\/portosma.com.br\/wp-content\/uploads\/2025\/02\/ALUM-1200.jpg","width":1200,"height":502},{"@type":"BreadcrumbList","@id":"https:\/\/portosma.com.br\/index.php\/2025\/02\/11\/alcoa-abre-inscricoes-para-programa-de-apoio-a-projetos-locais-2025\/#breadcrumb","itemListElement":[{"@type":"ListItem","position":1,"name":"In\u00edcio","item":"https:\/\/portosma.com.br\/"},{"@type":"ListItem","position":2,"name":"Alcoa abre inscri\u00e7\u00f5es a programa de apoio a projetos locais 2025"}]},{"@type":"WebSite","@id":"https:\/\/portosma.com.br\/#website","url":"https:\/\/portosma.com.br\/","name":"Portosma","description":"Um site de not\u00edcias","publisher":{"@id":"https:\/\/portosma.com.br\/#organization"},"potentialAction":[{"@type":"SearchAction","target":{"@type":"EntryPoint","urlTemplate":"https:\/\/portosma.com.br\/?s={search_term_string}"},"query-input":"required name=search_term_string"}],"inLanguage":"pt-BR"},{"@type":"Organization","@id":"https:\/\/portosma.com.br\/#organization","name":"Portosma","alternateName":"Portosma","url":"https:\/\/portosma.com.br\/","logo":{"@type":"ImageObject","inLanguage":"pt-BR","@id":"https:\/\/portosma.com.br\/#\/schema\/logo\/image\/","url":"https:\/\/portosma.com.br\/wp-content\/uploads\/2026\/03\/cropped-AD-PORTOSMA.jpg","contentUrl":"https:\/\/portosma.com.br\/wp-content\/uploads\/2026\/03\/cropped-AD-PORTOSMA.jpg","width":400,"height":115,"caption":"Portosma"},"image":{"@id":"https:\/\/portosma.com.br\/#\/schema\/logo\/image\/"}},{"@type":"Person","@id":"https:\/\/portosma.com.br\/#\/schema\/person\/fb92dfe283ab47293259c87c813d8623","name":"admin","sameAs":["https:\/\/portosma.com.br"],"url":"https:\/\/portosma.com.br\/index.php\/author\/portosma\/"}]}},"_links":{"self":[{"href":"https:\/\/portosma.com.br\/index.php\/wp-json\/wp\/v2\/posts\/20456","targetHints":{"allow":["GET"]}}],"collection":[{"href":"https:\/\/portosma.com.br\/index.php\/wp-json\/wp\/v2\/posts"}],"about":[{"href":"https:\/\/portosma.com.br\/index.php\/wp-json\/wp\/v2\/types\/post"}],"author":[{"embeddable":true,"href":"https:\/\/portosma.com.br\/index.php\/wp-json\/wp\/v2\/users\/1"}],"replies":[{"embeddable":true,"href":"https:\/\/portosma.com.br\/index.php\/wp-json\/wp\/v2\/comments?post=20456"}],"version-history":[{"count":6,"href":"https:\/\/portosma.com.br\/index.php\/wp-json\/wp\/v2\/posts\/20456\/revisions"}],"predecessor-version":[{"id":20464,"href":"https:\/\/portosma.com.br\/index.php\/wp-json\/wp\/v2\/posts\/20456\/revisions\/20464"}],"wp:featuredmedia":[{"embeddable":true,"href":"https:\/\/portosma.com.br\/index.php\/wp-json\/wp\/v2\/media\/20457"}],"wp:attachment":[{"href":"https:\/\/portosma.com.br\/index.php\/wp-json\/wp\/v2\/media?parent=20456"}],"wp:term":[{"taxonomy":"category","embeddable":true,"href":"https:\/\/portosma.com.br\/index.php\/wp-json\/wp\/v2\/categories?post=20456"},{"taxonomy":"post_tag","embeddable":true,"href":"https:\/\/portosma.com.br\/index.php\/wp-json\/wp\/v2\/tags?post=20456"}],"curies":[{"name":"wp","href":"https:\/\/api.w.org\/{rel}","templated":true}]}}