{"id":19873,"date":"2025-01-06T14:07:21","date_gmt":"2025-01-06T14:07:21","guid":{"rendered":"https:\/\/portosma.com.br\/?p=19873"},"modified":"2025-01-06T14:09:02","modified_gmt":"2025-01-06T14:09:02","slug":"sefaz-do-maranhao-lanca-calendario-do-ipva-para-o-ano-de-2025","status":"publish","type":"post","link":"https:\/\/portosma.com.br\/index.php\/2025\/01\/06\/sefaz-do-maranhao-lanca-calendario-do-ipva-para-o-ano-de-2025\/","title":{"rendered":"Sefaz do Maranh\u00e3o lan\u00e7a o seu calend\u00e1rio IPVA para o ano de 2025"},"content":{"rendered":"<h4><em><strong><span style=\"color: #808080;\">Para garantir o desconto de 10% do valor total do imposto, o contribuinte ter\u00e1 que optar pela cota \u00fanica, que vence no dia 28 de fevereiro.<\/span><\/strong><\/em><\/h4>\n<p>A Secretaria de Estado da Fazenda j\u00e1 publicou os valores do Imposto sobre Propriedade de Ve\u00edculos Automotores (IPVA) do exerc\u00edcio de 2025 e divulgou o calend\u00e1rio de pagamento do tributo, conforme a Portaria 511\/2024. O pagamento do imposto poder\u00e1 ser feito em cota \u00fanica com 10% de desconto no valor do IPVA, se pago at\u00e9 o dia 28 de fevereiro, ou parcelado em at\u00e9 tr\u00eas vezes, sem desconto e com o vencimento da primeira cota no m\u00eas de mar\u00e7o.<\/p>\n<p><img fetchpriority=\"high\" decoding=\"async\" class=\"alignnone wp-image-19875 size-full\" src=\"https:\/\/portosma.com.br\/wp-content\/uploads\/2025\/01\/IPVA-2.jpg\" alt=\"\" width=\"900\" height=\"541\" srcset=\"https:\/\/portosma.com.br\/wp-content\/uploads\/2025\/01\/IPVA-2.jpg 900w, https:\/\/portosma.com.br\/wp-content\/uploads\/2025\/01\/IPVA-2-300x180.jpg 300w, https:\/\/portosma.com.br\/wp-content\/uploads\/2025\/01\/IPVA-2-768x462.jpg 768w\" sizes=\"(max-width: 900px) 100vw, 900px\" \/><\/p>\n<p>Quem optar pelo parcelamento dever\u00e1 quitar as cotas em ordem crescente, de forma que o pagamento da segunda cota fique condicionado ao pagamento da primeira, e assim sucessivamente. Caso haja atraso no pagamento das referidas cotas, estas poder\u00e3o ser quitadas com acr\u00e9scimo de multa e juros morat\u00f3rios calculados a partir do vencimento das mesmas. A consulta dos valores por modelo de ve\u00edculo j\u00e1 pode ser feita na p\u00e1gina do IPVA, no portal da Sefaz, clicando no menu \u201cTabelas e Documentos.\u201d<\/p>\n<p>O pagamento do IPVA 2025 j\u00e1 disponibilizado no sistema da Secretaria de Fazenda dede o primeiro dia \u00fatil de janeiro de 2025. Vale destacar que o contribuinte n\u00e3o precisa se deslocar \u00e0s ag\u00eancias de atendimento da Sefaz para regulariza\u00e7\u00e3o do IPVA. Todos os servi\u00e7os de pagamento e parcelamento est\u00e3o dispon\u00edveis na p\u00e1gina do IPVA, no site da Secretaria de Fazenda ou no site do Departamento Estadual de Tr\u00e2nsito do Maranh\u00e3o (Detran-MA).<\/p>\n<p>O pagamento do IPVA pode ser feito nos Bancos Caixa Econ\u00f4mica Federal, casas lot\u00e9ricas, Bradesco, Banco do Brasil e seus respectivos correspondentes. Uma novidade que vai facilitar ainda mais para os contribuintes \u00e9 o pagamento do IPVA via PIX, pelo QR Code informado no Documento de Arrecada\u00e7\u00e3o (DARE) e tamb\u00e9m atrav\u00e9s da modalidade de pagamento via cart\u00e3o de cr\u00e9dito, dispon\u00edvel atrav\u00e9s do portal da secretaria na op\u00e7\u00e3o de \u201cParcelamento de IPVA \u2013 Parcelamento com Cart\u00e3o de Cr\u00e9dito\u201d.<\/p>\n<p>Os propriet\u00e1rios de ve\u00edculos que optarem pelo parcelamento do IPVA 2025 realizar\u00e3o o pagamento da primeira cota de acordo com o final da placa dos ve\u00edculos, conforme tabela abaixo:<\/p>\n<p><img decoding=\"async\" class=\"alignnone wp-image-19874\" src=\"https:\/\/portosma.com.br\/wp-content\/uploads\/2025\/01\/IPVA-1-300x125.jpg\" alt=\"\" width=\"900\" height=\"376\" srcset=\"https:\/\/portosma.com.br\/wp-content\/uploads\/2025\/01\/IPVA-1-300x125.jpg 300w, https:\/\/portosma.com.br\/wp-content\/uploads\/2025\/01\/IPVA-1-1024x428.jpg 1024w, https:\/\/portosma.com.br\/wp-content\/uploads\/2025\/01\/IPVA-1-768x321.jpg 768w, https:\/\/portosma.com.br\/wp-content\/uploads\/2025\/01\/IPVA-1.jpg 1200w\" sizes=\"(max-width: 900px) 100vw, 900px\" \/><\/p>\n","protected":false},"excerpt":{"rendered":"<p>Para garantir o desconto de 10% do valor total do imposto, o contribuinte\/motorista ter\u00e1 que optar pela cota \u00fanica, que vence no dia 28 de fevereiro.<\/p>\n","protected":false},"author":1,"featured_media":19876,"comment_status":"closed","ping_status":"open","sticky":false,"template":"","format":"standard","meta":{"_editorskit_title_hidden":false,"_editorskit_reading_time":0,"_editorskit_is_block_options_detached":false,"_editorskit_block_options_position":"{}","ngg_post_thumbnail":0,"footnotes":""},"categories":[1],"tags":[],"class_list":["post-19873","post","type-post","status-publish","format-standard","has-post-thumbnail","hentry","category-noticias"],"yoast_head":"<!-- This site is optimized with the Yoast SEO plugin v22.5 - https:\/\/yoast.com\/wordpress\/plugins\/seo\/ -->\n<title>Sefaz do Maranh\u00e3o lan\u00e7a o seu calend\u00e1rio IPVA para o ano de 2025 - Portosma<\/title>\n<meta name=\"robots\" content=\"index, follow, max-snippet:-1, max-image-preview:large, max-video-preview:-1\" \/>\n<link rel=\"canonical\" href=\"https:\/\/portosma.com.br\/index.php\/2025\/01\/06\/sefaz-do-maranhao-lanca-calendario-do-ipva-para-o-ano-de-2025\/\" \/>\n<meta property=\"og:locale\" content=\"pt_BR\" \/>\n<meta property=\"og:type\" content=\"article\" \/>\n<meta property=\"og:title\" content=\"Sefaz do Maranh\u00e3o lan\u00e7a o seu calend\u00e1rio IPVA para o ano de 2025 - Portosma\" \/>\n<meta property=\"og:description\" content=\"Para garantir o desconto de 10% do valor total do imposto, o contribuinte\/motorista ter\u00e1 que optar pela cota \u00fanica, que vence no dia 28 de fevereiro.\" \/>\n<meta property=\"og:url\" content=\"https:\/\/portosma.com.br\/index.php\/2025\/01\/06\/sefaz-do-maranhao-lanca-calendario-do-ipva-para-o-ano-de-2025\/\" \/>\n<meta property=\"og:site_name\" content=\"Portosma\" \/>\n<meta property=\"article:published_time\" content=\"2025-01-06T14:07:21+00:00\" \/>\n<meta property=\"article:modified_time\" content=\"2025-01-06T14:09:02+00:00\" \/>\n<meta property=\"og:image\" content=\"https:\/\/portosma.com.br\/wp-content\/uploads\/2025\/01\/IPVA-1-1.jpg\" \/>\n\t<meta property=\"og:image:width\" content=\"1200\" \/>\n\t<meta property=\"og:image:height\" content=\"501\" \/>\n\t<meta property=\"og:image:type\" content=\"image\/jpeg\" \/>\n<meta name=\"author\" content=\"admin\" \/>\n<meta name=\"twitter:card\" content=\"summary_large_image\" \/>\n<meta name=\"twitter:label1\" content=\"Escrito por\" \/>\n\t<meta name=\"twitter:data1\" content=\"admin\" \/>\n\t<meta name=\"twitter:label2\" content=\"Est. tempo de leitura\" \/>\n\t<meta name=\"twitter:data2\" content=\"3 minutos\" \/>\n<script type=\"application\/ld+json\" class=\"yoast-schema-graph\">{\"@context\":\"https:\/\/schema.org\",\"@graph\":[{\"@type\":\"Article\",\"@id\":\"https:\/\/portosma.com.br\/index.php\/2025\/01\/06\/sefaz-do-maranhao-lanca-calendario-do-ipva-para-o-ano-de-2025\/#article\",\"isPartOf\":{\"@id\":\"https:\/\/portosma.com.br\/index.php\/2025\/01\/06\/sefaz-do-maranhao-lanca-calendario-do-ipva-para-o-ano-de-2025\/\"},\"author\":{\"name\":\"admin\",\"@id\":\"https:\/\/portosma.com.br\/#\/schema\/person\/fb92dfe283ab47293259c87c813d8623\"},\"headline\":\"Sefaz do Maranh\u00e3o lan\u00e7a o seu calend\u00e1rio IPVA para o ano de 2025\",\"datePublished\":\"2025-01-06T14:07:21+00:00\",\"dateModified\":\"2025-01-06T14:09:02+00:00\",\"mainEntityOfPage\":{\"@id\":\"https:\/\/portosma.com.br\/index.php\/2025\/01\/06\/sefaz-do-maranhao-lanca-calendario-do-ipva-para-o-ano-de-2025\/\"},\"wordCount\":402,\"publisher\":{\"@id\":\"https:\/\/portosma.com.br\/#organization\"},\"image\":{\"@id\":\"https:\/\/portosma.com.br\/index.php\/2025\/01\/06\/sefaz-do-maranhao-lanca-calendario-do-ipva-para-o-ano-de-2025\/#primaryimage\"},\"thumbnailUrl\":\"https:\/\/portosma.com.br\/wp-content\/uploads\/2025\/01\/IPVA-1-1.jpg\",\"articleSection\":[\"Not\u00edcias\"],\"inLanguage\":\"pt-BR\"},{\"@type\":\"WebPage\",\"@id\":\"https:\/\/portosma.com.br\/index.php\/2025\/01\/06\/sefaz-do-maranhao-lanca-calendario-do-ipva-para-o-ano-de-2025\/\",\"url\":\"https:\/\/portosma.com.br\/index.php\/2025\/01\/06\/sefaz-do-maranhao-lanca-calendario-do-ipva-para-o-ano-de-2025\/\",\"name\":\"Sefaz do Maranh\u00e3o lan\u00e7a o seu calend\u00e1rio IPVA para o ano de 2025 - Portosma\",\"isPartOf\":{\"@id\":\"https:\/\/portosma.com.br\/#website\"},\"primaryImageOfPage\":{\"@id\":\"https:\/\/portosma.com.br\/index.php\/2025\/01\/06\/sefaz-do-maranhao-lanca-calendario-do-ipva-para-o-ano-de-2025\/#primaryimage\"},\"image\":{\"@id\":\"https:\/\/portosma.com.br\/index.php\/2025\/01\/06\/sefaz-do-maranhao-lanca-calendario-do-ipva-para-o-ano-de-2025\/#primaryimage\"},\"thumbnailUrl\":\"https:\/\/portosma.com.br\/wp-content\/uploads\/2025\/01\/IPVA-1-1.jpg\",\"datePublished\":\"2025-01-06T14:07:21+00:00\",\"dateModified\":\"2025-01-06T14:09:02+00:00\",\"breadcrumb\":{\"@id\":\"https:\/\/portosma.com.br\/index.php\/2025\/01\/06\/sefaz-do-maranhao-lanca-calendario-do-ipva-para-o-ano-de-2025\/#breadcrumb\"},\"inLanguage\":\"pt-BR\",\"potentialAction\":[{\"@type\":\"ReadAction\",\"target\":[\"https:\/\/portosma.com.br\/index.php\/2025\/01\/06\/sefaz-do-maranhao-lanca-calendario-do-ipva-para-o-ano-de-2025\/\"]}]},{\"@type\":\"ImageObject\",\"inLanguage\":\"pt-BR\",\"@id\":\"https:\/\/portosma.com.br\/index.php\/2025\/01\/06\/sefaz-do-maranhao-lanca-calendario-do-ipva-para-o-ano-de-2025\/#primaryimage\",\"url\":\"https:\/\/portosma.com.br\/wp-content\/uploads\/2025\/01\/IPVA-1-1.jpg\",\"contentUrl\":\"https:\/\/portosma.com.br\/wp-content\/uploads\/2025\/01\/IPVA-1-1.jpg\",\"width\":1200,\"height\":501},{\"@type\":\"BreadcrumbList\",\"@id\":\"https:\/\/portosma.com.br\/index.php\/2025\/01\/06\/sefaz-do-maranhao-lanca-calendario-do-ipva-para-o-ano-de-2025\/#breadcrumb\",\"itemListElement\":[{\"@type\":\"ListItem\",\"position\":1,\"name\":\"In\u00edcio\",\"item\":\"https:\/\/portosma.com.br\/\"},{\"@type\":\"ListItem\",\"position\":2,\"name\":\"Sefaz do Maranh\u00e3o lan\u00e7a o seu calend\u00e1rio IPVA para o ano de 2025\"}]},{\"@type\":\"WebSite\",\"@id\":\"https:\/\/portosma.com.br\/#website\",\"url\":\"https:\/\/portosma.com.br\/\",\"name\":\"Portosma\",\"description\":\"Um site de not\u00edcias\",\"publisher\":{\"@id\":\"https:\/\/portosma.com.br\/#organization\"},\"potentialAction\":[{\"@type\":\"SearchAction\",\"target\":{\"@type\":\"EntryPoint\",\"urlTemplate\":\"https:\/\/portosma.com.br\/?s={search_term_string}\"},\"query-input\":\"required name=search_term_string\"}],\"inLanguage\":\"pt-BR\"},{\"@type\":\"Organization\",\"@id\":\"https:\/\/portosma.com.br\/#organization\",\"name\":\"Portosma\",\"alternateName\":\"Portosma\",\"url\":\"https:\/\/portosma.com.br\/\",\"logo\":{\"@type\":\"ImageObject\",\"inLanguage\":\"pt-BR\",\"@id\":\"https:\/\/portosma.com.br\/#\/schema\/logo\/image\/\",\"url\":\"https:\/\/portosma.com.br\/wp-content\/uploads\/2026\/03\/cropped-AD-PORTOSMA.jpg\",\"contentUrl\":\"https:\/\/portosma.com.br\/wp-content\/uploads\/2026\/03\/cropped-AD-PORTOSMA.jpg\",\"width\":400,\"height\":115,\"caption\":\"Portosma\"},\"image\":{\"@id\":\"https:\/\/portosma.com.br\/#\/schema\/logo\/image\/\"}},{\"@type\":\"Person\",\"@id\":\"https:\/\/portosma.com.br\/#\/schema\/person\/fb92dfe283ab47293259c87c813d8623\",\"name\":\"admin\",\"sameAs\":[\"https:\/\/portosma.com.br\"],\"url\":\"https:\/\/portosma.com.br\/index.php\/author\/portosma\/\"}]}<\/script>\n<!-- \/ Yoast SEO plugin. -->","yoast_head_json":{"title":"Sefaz do Maranh\u00e3o lan\u00e7a o seu calend\u00e1rio IPVA para o ano de 2025 - Portosma","robots":{"index":"index","follow":"follow","max-snippet":"max-snippet:-1","max-image-preview":"max-image-preview:large","max-video-preview":"max-video-preview:-1"},"canonical":"https:\/\/portosma.com.br\/index.php\/2025\/01\/06\/sefaz-do-maranhao-lanca-calendario-do-ipva-para-o-ano-de-2025\/","og_locale":"pt_BR","og_type":"article","og_title":"Sefaz do Maranh\u00e3o lan\u00e7a o seu calend\u00e1rio IPVA para o ano de 2025 - Portosma","og_description":"Para garantir o desconto de 10% do valor total do imposto, o contribuinte\/motorista ter\u00e1 que optar pela cota \u00fanica, que vence no dia 28 de fevereiro.","og_url":"https:\/\/portosma.com.br\/index.php\/2025\/01\/06\/sefaz-do-maranhao-lanca-calendario-do-ipva-para-o-ano-de-2025\/","og_site_name":"Portosma","article_published_time":"2025-01-06T14:07:21+00:00","article_modified_time":"2025-01-06T14:09:02+00:00","og_image":[{"width":1200,"height":501,"url":"https:\/\/portosma.com.br\/wp-content\/uploads\/2025\/01\/IPVA-1-1.jpg","type":"image\/jpeg"}],"author":"admin","twitter_card":"summary_large_image","twitter_misc":{"Escrito por":"admin","Est. tempo de leitura":"3 minutos"},"schema":{"@context":"https:\/\/schema.org","@graph":[{"@type":"Article","@id":"https:\/\/portosma.com.br\/index.php\/2025\/01\/06\/sefaz-do-maranhao-lanca-calendario-do-ipva-para-o-ano-de-2025\/#article","isPartOf":{"@id":"https:\/\/portosma.com.br\/index.php\/2025\/01\/06\/sefaz-do-maranhao-lanca-calendario-do-ipva-para-o-ano-de-2025\/"},"author":{"name":"admin","@id":"https:\/\/portosma.com.br\/#\/schema\/person\/fb92dfe283ab47293259c87c813d8623"},"headline":"Sefaz do Maranh\u00e3o lan\u00e7a o seu calend\u00e1rio IPVA para o ano de 2025","datePublished":"2025-01-06T14:07:21+00:00","dateModified":"2025-01-06T14:09:02+00:00","mainEntityOfPage":{"@id":"https:\/\/portosma.com.br\/index.php\/2025\/01\/06\/sefaz-do-maranhao-lanca-calendario-do-ipva-para-o-ano-de-2025\/"},"wordCount":402,"publisher":{"@id":"https:\/\/portosma.com.br\/#organization"},"image":{"@id":"https:\/\/portosma.com.br\/index.php\/2025\/01\/06\/sefaz-do-maranhao-lanca-calendario-do-ipva-para-o-ano-de-2025\/#primaryimage"},"thumbnailUrl":"https:\/\/portosma.com.br\/wp-content\/uploads\/2025\/01\/IPVA-1-1.jpg","articleSection":["Not\u00edcias"],"inLanguage":"pt-BR"},{"@type":"WebPage","@id":"https:\/\/portosma.com.br\/index.php\/2025\/01\/06\/sefaz-do-maranhao-lanca-calendario-do-ipva-para-o-ano-de-2025\/","url":"https:\/\/portosma.com.br\/index.php\/2025\/01\/06\/sefaz-do-maranhao-lanca-calendario-do-ipva-para-o-ano-de-2025\/","name":"Sefaz do Maranh\u00e3o lan\u00e7a o seu calend\u00e1rio IPVA para o ano de 2025 - Portosma","isPartOf":{"@id":"https:\/\/portosma.com.br\/#website"},"primaryImageOfPage":{"@id":"https:\/\/portosma.com.br\/index.php\/2025\/01\/06\/sefaz-do-maranhao-lanca-calendario-do-ipva-para-o-ano-de-2025\/#primaryimage"},"image":{"@id":"https:\/\/portosma.com.br\/index.php\/2025\/01\/06\/sefaz-do-maranhao-lanca-calendario-do-ipva-para-o-ano-de-2025\/#primaryimage"},"thumbnailUrl":"https:\/\/portosma.com.br\/wp-content\/uploads\/2025\/01\/IPVA-1-1.jpg","datePublished":"2025-01-06T14:07:21+00:00","dateModified":"2025-01-06T14:09:02+00:00","breadcrumb":{"@id":"https:\/\/portosma.com.br\/index.php\/2025\/01\/06\/sefaz-do-maranhao-lanca-calendario-do-ipva-para-o-ano-de-2025\/#breadcrumb"},"inLanguage":"pt-BR","potentialAction":[{"@type":"ReadAction","target":["https:\/\/portosma.com.br\/index.php\/2025\/01\/06\/sefaz-do-maranhao-lanca-calendario-do-ipva-para-o-ano-de-2025\/"]}]},{"@type":"ImageObject","inLanguage":"pt-BR","@id":"https:\/\/portosma.com.br\/index.php\/2025\/01\/06\/sefaz-do-maranhao-lanca-calendario-do-ipva-para-o-ano-de-2025\/#primaryimage","url":"https:\/\/portosma.com.br\/wp-content\/uploads\/2025\/01\/IPVA-1-1.jpg","contentUrl":"https:\/\/portosma.com.br\/wp-content\/uploads\/2025\/01\/IPVA-1-1.jpg","width":1200,"height":501},{"@type":"BreadcrumbList","@id":"https:\/\/portosma.com.br\/index.php\/2025\/01\/06\/sefaz-do-maranhao-lanca-calendario-do-ipva-para-o-ano-de-2025\/#breadcrumb","itemListElement":[{"@type":"ListItem","position":1,"name":"In\u00edcio","item":"https:\/\/portosma.com.br\/"},{"@type":"ListItem","position":2,"name":"Sefaz do Maranh\u00e3o lan\u00e7a o seu calend\u00e1rio IPVA para o ano de 2025"}]},{"@type":"WebSite","@id":"https:\/\/portosma.com.br\/#website","url":"https:\/\/portosma.com.br\/","name":"Portosma","description":"Um site de not\u00edcias","publisher":{"@id":"https:\/\/portosma.com.br\/#organization"},"potentialAction":[{"@type":"SearchAction","target":{"@type":"EntryPoint","urlTemplate":"https:\/\/portosma.com.br\/?s={search_term_string}"},"query-input":"required name=search_term_string"}],"inLanguage":"pt-BR"},{"@type":"Organization","@id":"https:\/\/portosma.com.br\/#organization","name":"Portosma","alternateName":"Portosma","url":"https:\/\/portosma.com.br\/","logo":{"@type":"ImageObject","inLanguage":"pt-BR","@id":"https:\/\/portosma.com.br\/#\/schema\/logo\/image\/","url":"https:\/\/portosma.com.br\/wp-content\/uploads\/2026\/03\/cropped-AD-PORTOSMA.jpg","contentUrl":"https:\/\/portosma.com.br\/wp-content\/uploads\/2026\/03\/cropped-AD-PORTOSMA.jpg","width":400,"height":115,"caption":"Portosma"},"image":{"@id":"https:\/\/portosma.com.br\/#\/schema\/logo\/image\/"}},{"@type":"Person","@id":"https:\/\/portosma.com.br\/#\/schema\/person\/fb92dfe283ab47293259c87c813d8623","name":"admin","sameAs":["https:\/\/portosma.com.br"],"url":"https:\/\/portosma.com.br\/index.php\/author\/portosma\/"}]}},"_links":{"self":[{"href":"https:\/\/portosma.com.br\/index.php\/wp-json\/wp\/v2\/posts\/19873","targetHints":{"allow":["GET"]}}],"collection":[{"href":"https:\/\/portosma.com.br\/index.php\/wp-json\/wp\/v2\/posts"}],"about":[{"href":"https:\/\/portosma.com.br\/index.php\/wp-json\/wp\/v2\/types\/post"}],"author":[{"embeddable":true,"href":"https:\/\/portosma.com.br\/index.php\/wp-json\/wp\/v2\/users\/1"}],"replies":[{"embeddable":true,"href":"https:\/\/portosma.com.br\/index.php\/wp-json\/wp\/v2\/comments?post=19873"}],"version-history":[{"count":4,"href":"https:\/\/portosma.com.br\/index.php\/wp-json\/wp\/v2\/posts\/19873\/revisions"}],"predecessor-version":[{"id":19880,"href":"https:\/\/portosma.com.br\/index.php\/wp-json\/wp\/v2\/posts\/19873\/revisions\/19880"}],"wp:featuredmedia":[{"embeddable":true,"href":"https:\/\/portosma.com.br\/index.php\/wp-json\/wp\/v2\/media\/19876"}],"wp:attachment":[{"href":"https:\/\/portosma.com.br\/index.php\/wp-json\/wp\/v2\/media?parent=19873"}],"wp:term":[{"taxonomy":"category","embeddable":true,"href":"https:\/\/portosma.com.br\/index.php\/wp-json\/wp\/v2\/categories?post=19873"},{"taxonomy":"post_tag","embeddable":true,"href":"https:\/\/portosma.com.br\/index.php\/wp-json\/wp\/v2\/tags?post=19873"}],"curies":[{"name":"wp","href":"https:\/\/api.w.org\/{rel}","templated":true}]}}