{"id":19331,"date":"2024-12-09T20:41:51","date_gmt":"2024-12-09T20:41:51","guid":{"rendered":"https:\/\/portosma.com.br\/?p=19331"},"modified":"2024-12-09T20:47:49","modified_gmt":"2024-12-09T20:47:49","slug":"cpma-promove-i-corrida-do-dia-do-marinheiro","status":"publish","type":"post","link":"https:\/\/portosma.com.br\/index.php\/2024\/12\/09\/cpma-promove-i-corrida-do-dia-do-marinheiro\/","title":{"rendered":"Capitania dos Portos promove a I Corrida do Dia do Marinheiro"},"content":{"rendered":"<h4><em><strong>O evento aconteceu no Complexo Ambiental do Parque do Itapirac\u00f3, foi dividido em duas categorias e teve um percurso de 5 quil\u00f4metros.<\/strong><\/em><\/h4>\n<p>No dia 13 de dezembro, Dia do Marinheiro, celebramos o Brasil e os brasileiros! A data, escolhida para homenagear o nascimento do Patrono da For\u00e7a, Almirante Joaquim Marques Lisboa, o \u201cMarqu\u00eas de Tamandar\u00e9\u201d, \u00e9 uma forma de reconhecer todos os feitos e valores cultivados durante a marcante carreira do \u201cHer\u00f3i da P\u00e1tria\u201d, al\u00e9m de destacar o trabalho de homens e mulheres do mar, que seguem o exemplo do nosso Patrono, ao longo da exist\u00eancia da Marinha do Brasil.<\/p>\n<p><img fetchpriority=\"high\" decoding=\"async\" class=\"alignnone wp-image-19333 size-full\" src=\"https:\/\/portosma.com.br\/wp-content\/uploads\/2024\/12\/CAPA-2.jpg\" alt=\"\" width=\"900\" height=\"378\" srcset=\"https:\/\/portosma.com.br\/wp-content\/uploads\/2024\/12\/CAPA-2.jpg 900w, https:\/\/portosma.com.br\/wp-content\/uploads\/2024\/12\/CAPA-2-300x126.jpg 300w, https:\/\/portosma.com.br\/wp-content\/uploads\/2024\/12\/CAPA-2-768x323.jpg 768w\" sizes=\"(max-width: 900px) 100vw, 900px\" \/><\/p>\n<p>Na Capitania dos Portos do Maranh\u00e3o, que tem a frente o Capit\u00e3o de Mar e Guerra Alessandro Domingos Gurski, as celebra\u00e7\u00f5es pela data come\u00e7aram este ano bem cedo. O evento de abertura, chamado de I Caminhada Corrida do Dia do Marinheiro, teve o percurso de 5km e aconteceu na manh\u00e3 deste domingo, 8\/12, na \u00e1rea do Complexo do Parque Ambiental do Itapirac\u00f3, regi\u00e3o verde do Cohatrac\/Turu, em S\u00e3o Lu\u00eds do Maranh\u00e3o.<\/p>\n<p>A competi\u00e7\u00e3o, &#8211; que teve o apoio da Soamar e de dezenas de volunt\u00e1rios entre civis e militares da Capitania &#8211; foi dividida em duas categorias e as premia\u00e7\u00f5es para os tr\u00eas primeiros de cada modalidade foram fones de ouvidos, rel\u00f3gios e bicicletas. O Capit\u00e3o dos Portos CMG Gurski, abriu o evento, saudou a todos os atletas participantes e deu a largada. A prova, que durou pouco mais de 15 minutos, teve os seguinte ganhadores:<\/p>\n<p><strong>MASCULINO<\/strong><\/p>\n<p>1\u00ba &#8211; Robenilson dos Santos Vale Munis, 15m58s; 2\u00ba &#8211; Werison Rodrigues, 16m23s; 3\u00ba &#8211; Valmir dos Santos, 16m39s.<\/p>\n<p><strong>FEMININO<\/strong><\/p>\n<p>1\u00ba &#8211; Evaniely Azevedo Ara\u00fajo, 20m56s; 2\u00ba &#8211; Andreina Costa Alves, 21m22s; 3\u00ba &#8211; Vanessa Nonata da Silva, 23m03s.<\/p>\n<p><img decoding=\"async\" class=\"alignnone wp-image-19338 size-full\" src=\"https:\/\/portosma.com.br\/wp-content\/uploads\/2024\/12\/ITAPIRACO-05.jpg\" alt=\"\" width=\"900\" height=\"675\" srcset=\"https:\/\/portosma.com.br\/wp-content\/uploads\/2024\/12\/ITAPIRACO-05.jpg 900w, https:\/\/portosma.com.br\/wp-content\/uploads\/2024\/12\/ITAPIRACO-05-300x225.jpg 300w, https:\/\/portosma.com.br\/wp-content\/uploads\/2024\/12\/ITAPIRACO-05-768x576.jpg 768w\" sizes=\"(max-width: 900px) 100vw, 900px\" \/><\/p>\n<p><img decoding=\"async\" class=\"alignnone wp-image-19343 size-full\" src=\"https:\/\/portosma.com.br\/wp-content\/uploads\/2024\/12\/ITAPIRACO-10.jpg\" alt=\"\" width=\"900\" height=\"641\" srcset=\"https:\/\/portosma.com.br\/wp-content\/uploads\/2024\/12\/ITAPIRACO-10.jpg 900w, https:\/\/portosma.com.br\/wp-content\/uploads\/2024\/12\/ITAPIRACO-10-300x214.jpg 300w, https:\/\/portosma.com.br\/wp-content\/uploads\/2024\/12\/ITAPIRACO-10-768x547.jpg 768w\" sizes=\"(max-width: 900px) 100vw, 900px\" \/>&nbsp;&nbsp;<img loading=\"lazy\" decoding=\"async\" class=\"alignnone wp-image-19336 size-full\" src=\"https:\/\/portosma.com.br\/wp-content\/uploads\/2024\/12\/ITAPIRACO-03.jpg\" alt=\"\" width=\"900\" height=\"566\" srcset=\"https:\/\/portosma.com.br\/wp-content\/uploads\/2024\/12\/ITAPIRACO-03.jpg 900w, https:\/\/portosma.com.br\/wp-content\/uploads\/2024\/12\/ITAPIRACO-03-300x189.jpg 300w, https:\/\/portosma.com.br\/wp-content\/uploads\/2024\/12\/ITAPIRACO-03-768x483.jpg 768w\" sizes=\"(max-width: 900px) 100vw, 900px\" \/><\/p>\n<p><img loading=\"lazy\" decoding=\"async\" class=\"alignnone wp-image-19337 size-full\" src=\"https:\/\/portosma.com.br\/wp-content\/uploads\/2024\/12\/ITAPIRACO-04.jpg\" alt=\"\" width=\"900\" height=\"449\" srcset=\"https:\/\/portosma.com.br\/wp-content\/uploads\/2024\/12\/ITAPIRACO-04.jpg 900w, https:\/\/portosma.com.br\/wp-content\/uploads\/2024\/12\/ITAPIRACO-04-300x150.jpg 300w, https:\/\/portosma.com.br\/wp-content\/uploads\/2024\/12\/ITAPIRACO-04-768x383.jpg 768w\" sizes=\"(max-width: 900px) 100vw, 900px\" \/> &nbsp;&nbsp;<img loading=\"lazy\" decoding=\"async\" class=\"alignnone wp-image-19340 size-full\" src=\"https:\/\/portosma.com.br\/wp-content\/uploads\/2024\/12\/ITAPIRACO-07.jpg\" alt=\"\" width=\"900\" height=\"594\" srcset=\"https:\/\/portosma.com.br\/wp-content\/uploads\/2024\/12\/ITAPIRACO-07.jpg 900w, https:\/\/portosma.com.br\/wp-content\/uploads\/2024\/12\/ITAPIRACO-07-300x198.jpg 300w, https:\/\/portosma.com.br\/wp-content\/uploads\/2024\/12\/ITAPIRACO-07-768x507.jpg 768w\" sizes=\"(max-width: 900px) 100vw, 900px\" \/><\/p>\n<p><img loading=\"lazy\" decoding=\"async\" class=\"alignnone wp-image-19341 size-full\" src=\"https:\/\/portosma.com.br\/wp-content\/uploads\/2024\/12\/ITAPIRACO-08.jpg\" alt=\"\" width=\"900\" height=\"506\" srcset=\"https:\/\/portosma.com.br\/wp-content\/uploads\/2024\/12\/ITAPIRACO-08.jpg 900w, https:\/\/portosma.com.br\/wp-content\/uploads\/2024\/12\/ITAPIRACO-08-300x169.jpg 300w, https:\/\/portosma.com.br\/wp-content\/uploads\/2024\/12\/ITAPIRACO-08-768x432.jpg 768w\" sizes=\"(max-width: 900px) 100vw, 900px\" \/> <img loading=\"lazy\" decoding=\"async\" class=\"alignnone wp-image-19342 size-full\" src=\"https:\/\/portosma.com.br\/wp-content\/uploads\/2024\/12\/ITAPIRACO-09.jpg\" alt=\"\" width=\"900\" height=\"554\" srcset=\"https:\/\/portosma.com.br\/wp-content\/uploads\/2024\/12\/ITAPIRACO-09.jpg 900w, https:\/\/portosma.com.br\/wp-content\/uploads\/2024\/12\/ITAPIRACO-09-300x185.jpg 300w, https:\/\/portosma.com.br\/wp-content\/uploads\/2024\/12\/ITAPIRACO-09-768x473.jpg 768w\" sizes=\"(max-width: 900px) 100vw, 900px\" \/> &nbsp;<img loading=\"lazy\" decoding=\"async\" class=\"alignnone wp-image-19344 size-full\" src=\"https:\/\/portosma.com.br\/wp-content\/uploads\/2024\/12\/ITAPIRACO-11.jpg\" alt=\"\" width=\"900\" height=\"417\" srcset=\"https:\/\/portosma.com.br\/wp-content\/uploads\/2024\/12\/ITAPIRACO-11.jpg 900w, https:\/\/portosma.com.br\/wp-content\/uploads\/2024\/12\/ITAPIRACO-11-300x139.jpg 300w, https:\/\/portosma.com.br\/wp-content\/uploads\/2024\/12\/ITAPIRACO-11-768x356.jpg 768w\" sizes=\"(max-width: 900px) 100vw, 900px\" \/><\/p>\n<p><img loading=\"lazy\" decoding=\"async\" class=\"alignnone wp-image-19335 size-full\" src=\"https:\/\/portosma.com.br\/wp-content\/uploads\/2024\/12\/ITAPIRACO-02.jpg\" alt=\"\" width=\"900\" height=\"564\" srcset=\"https:\/\/portosma.com.br\/wp-content\/uploads\/2024\/12\/ITAPIRACO-02.jpg 900w, https:\/\/portosma.com.br\/wp-content\/uploads\/2024\/12\/ITAPIRACO-02-300x188.jpg 300w, https:\/\/portosma.com.br\/wp-content\/uploads\/2024\/12\/ITAPIRACO-02-768x481.jpg 768w\" sizes=\"(max-width: 900px) 100vw, 900px\" \/><\/p>\n<h5><strong>Hist\u00f3ria do patrono: &#8220;Almirante Tamandar\u00e9&#8221;<\/strong><\/h5>\n<p><em>O Dia 13 de dezembro celebra a data do nascimento do Almirante Joaquim Marques Lisboa, tamb\u00e9m conhecido como &#8220;Almirante Tamandar\u00e9&#8221;, um dos grandes Her\u00f3is Nacionais. Ele \u00e9 Patrono da Marinha do Brasil, a qual dedicou, com plena devo\u00e7\u00e3o, 66 anos de servi\u00e7o \u00e0 P\u00e1tria. Al\u00e9m da Guerra de Independ\u00eancia, onde esteve embarcado na Fragata Niter\u00f3i, participando da persegui\u00e7\u00e3o \u00e0 frota portuguesa que deixava a Bahia, destacou-se na Guerra Cisplatina onde recebeu o seu primeiro comando de navio com 18 anos de idade e, depois, se tornou um her\u00f3i, participando de v\u00e1rios epis\u00f3dios importantes dessa guerra.<\/em><\/p>\n<p><em>Como Capit\u00e3o de Mar e Guerra, foi o primeiro Comandante da Fragata a vapor D. Afonso, primeiro navio de guerra de grande porte com propuls\u00e3o a vapor incorporado pela Marinha do Brasil. Em uma das provas de mar ao largo da cidade inglesa de Liverpool, salvou membros da tripula\u00e7\u00e3o e passageiros do navio Ocean Monarch, que levava emigrantes para os Estados Unidos da Am\u00e9rica. J\u00e1 no Rio de Janeiro, ainda comandante da D. Afonso, conseguiu rebocar e trazer para dentro da Ba\u00eda de Guanabara a Nau da Marinha de Portugal Vasco da Gama, que se achava desarvorada fora da barra, em meio a uma tempestade. Como Almirante, comandou a For\u00e7a Naval brasileira no Rio da Prata entre os anos de 1864 a 1866. No conflito contra o Paraguai, organizou toda a log\u00edstica necess\u00e1ria para a manuten\u00e7\u00e3o dessa For\u00e7a, e conduziu o in\u00edcio do bloqueio, estrat\u00e9gia que selou o destino do Paraguai. Tamandar\u00e9 est\u00e1 entre o seleto grupo de brasileiros que contribuiu para resguardar o Brasil da desagrega\u00e7\u00e3o e para a conc\u00f3rdia e paz do extremo norte ao extremo sul do Brasil.<\/em><\/p>\n<h5><strong><em>\u201cSou marinheiro e outra coisa n\u00e3o quero ser\u201d. Essas s\u00e3o as suas palavras mais conhecidas de sua hist\u00f3ria as quais traduzem a ess\u00eancia da Marinha do Brasil. Joaquim Marques Lisboa faleceu no Rio de Janeiro, ent\u00e3o capital federal da Rep\u00fablica, em 20 de mar\u00e7o de 1897, ap\u00f3s uma longa vida dedicada \u00e0 Marinha do Brasil.<\/em><\/strong><\/h5>\n","protected":false},"excerpt":{"rendered":"<p>O evento aconteceu no Complexo do Parque Ambiental na \u00e1rea do Itapirac\u00f3, foi dividido em duas categorias e teve um percurso de 5 quil\u00f4metros.<\/p>\n","protected":false},"author":1,"featured_media":19332,"comment_status":"closed","ping_status":"open","sticky":false,"template":"","format":"standard","meta":{"_editorskit_title_hidden":false,"_editorskit_reading_time":0,"_editorskit_is_block_options_detached":false,"_editorskit_block_options_position":"{}","ngg_post_thumbnail":0,"footnotes":""},"categories":[1],"tags":[],"class_list":["post-19331","post","type-post","status-publish","format-standard","has-post-thumbnail","hentry","category-noticias"],"yoast_head":"<!-- This site is optimized with the Yoast SEO plugin v22.5 - https:\/\/yoast.com\/wordpress\/plugins\/seo\/ -->\n<title>Capitania dos Portos promove a I Corrida do Dia do Marinheiro - Portosma<\/title>\n<meta name=\"robots\" content=\"index, follow, max-snippet:-1, max-image-preview:large, max-video-preview:-1\" \/>\n<link rel=\"canonical\" href=\"https:\/\/portosma.com.br\/index.php\/2024\/12\/09\/cpma-promove-i-corrida-do-dia-do-marinheiro\/\" \/>\n<meta property=\"og:locale\" content=\"pt_BR\" \/>\n<meta property=\"og:type\" content=\"article\" \/>\n<meta property=\"og:title\" content=\"Capitania dos Portos promove a I Corrida do Dia do Marinheiro - Portosma\" \/>\n<meta property=\"og:description\" content=\"O evento aconteceu no Complexo do Parque Ambiental na \u00e1rea do Itapirac\u00f3, foi dividido em duas categorias e teve um percurso de 5 quil\u00f4metros.\" \/>\n<meta property=\"og:url\" content=\"https:\/\/portosma.com.br\/index.php\/2024\/12\/09\/cpma-promove-i-corrida-do-dia-do-marinheiro\/\" \/>\n<meta property=\"og:site_name\" content=\"Portosma\" \/>\n<meta property=\"article:published_time\" content=\"2024-12-09T20:41:51+00:00\" \/>\n<meta property=\"article:modified_time\" content=\"2024-12-09T20:47:49+00:00\" \/>\n<meta property=\"og:image\" content=\"https:\/\/portosma.com.br\/wp-content\/uploads\/2024\/12\/CAPA.jpg\" \/>\n\t<meta property=\"og:image:width\" content=\"1200\" \/>\n\t<meta property=\"og:image:height\" content=\"508\" \/>\n\t<meta property=\"og:image:type\" content=\"image\/jpeg\" \/>\n<meta name=\"author\" content=\"admin\" \/>\n<meta name=\"twitter:card\" content=\"summary_large_image\" \/>\n<meta name=\"twitter:label1\" content=\"Escrito por\" \/>\n\t<meta name=\"twitter:data1\" content=\"admin\" \/>\n\t<meta name=\"twitter:label2\" content=\"Est. tempo de leitura\" \/>\n\t<meta name=\"twitter:data2\" content=\"6 minutos\" \/>\n<script type=\"application\/ld+json\" class=\"yoast-schema-graph\">{\"@context\":\"https:\/\/schema.org\",\"@graph\":[{\"@type\":\"Article\",\"@id\":\"https:\/\/portosma.com.br\/index.php\/2024\/12\/09\/cpma-promove-i-corrida-do-dia-do-marinheiro\/#article\",\"isPartOf\":{\"@id\":\"https:\/\/portosma.com.br\/index.php\/2024\/12\/09\/cpma-promove-i-corrida-do-dia-do-marinheiro\/\"},\"author\":{\"name\":\"admin\",\"@id\":\"https:\/\/portosma.com.br\/#\/schema\/person\/fb92dfe283ab47293259c87c813d8623\"},\"headline\":\"Capitania dos Portos promove a I Corrida do Dia do Marinheiro\",\"datePublished\":\"2024-12-09T20:41:51+00:00\",\"dateModified\":\"2024-12-09T20:47:49+00:00\",\"mainEntityOfPage\":{\"@id\":\"https:\/\/portosma.com.br\/index.php\/2024\/12\/09\/cpma-promove-i-corrida-do-dia-do-marinheiro\/\"},\"wordCount\":680,\"publisher\":{\"@id\":\"https:\/\/portosma.com.br\/#organization\"},\"image\":{\"@id\":\"https:\/\/portosma.com.br\/index.php\/2024\/12\/09\/cpma-promove-i-corrida-do-dia-do-marinheiro\/#primaryimage\"},\"thumbnailUrl\":\"https:\/\/portosma.com.br\/wp-content\/uploads\/2024\/12\/CAPA.jpg\",\"articleSection\":[\"Not\u00edcias\"],\"inLanguage\":\"pt-BR\"},{\"@type\":\"WebPage\",\"@id\":\"https:\/\/portosma.com.br\/index.php\/2024\/12\/09\/cpma-promove-i-corrida-do-dia-do-marinheiro\/\",\"url\":\"https:\/\/portosma.com.br\/index.php\/2024\/12\/09\/cpma-promove-i-corrida-do-dia-do-marinheiro\/\",\"name\":\"Capitania dos Portos promove a I Corrida do Dia do Marinheiro - Portosma\",\"isPartOf\":{\"@id\":\"https:\/\/portosma.com.br\/#website\"},\"primaryImageOfPage\":{\"@id\":\"https:\/\/portosma.com.br\/index.php\/2024\/12\/09\/cpma-promove-i-corrida-do-dia-do-marinheiro\/#primaryimage\"},\"image\":{\"@id\":\"https:\/\/portosma.com.br\/index.php\/2024\/12\/09\/cpma-promove-i-corrida-do-dia-do-marinheiro\/#primaryimage\"},\"thumbnailUrl\":\"https:\/\/portosma.com.br\/wp-content\/uploads\/2024\/12\/CAPA.jpg\",\"datePublished\":\"2024-12-09T20:41:51+00:00\",\"dateModified\":\"2024-12-09T20:47:49+00:00\",\"breadcrumb\":{\"@id\":\"https:\/\/portosma.com.br\/index.php\/2024\/12\/09\/cpma-promove-i-corrida-do-dia-do-marinheiro\/#breadcrumb\"},\"inLanguage\":\"pt-BR\",\"potentialAction\":[{\"@type\":\"ReadAction\",\"target\":[\"https:\/\/portosma.com.br\/index.php\/2024\/12\/09\/cpma-promove-i-corrida-do-dia-do-marinheiro\/\"]}]},{\"@type\":\"ImageObject\",\"inLanguage\":\"pt-BR\",\"@id\":\"https:\/\/portosma.com.br\/index.php\/2024\/12\/09\/cpma-promove-i-corrida-do-dia-do-marinheiro\/#primaryimage\",\"url\":\"https:\/\/portosma.com.br\/wp-content\/uploads\/2024\/12\/CAPA.jpg\",\"contentUrl\":\"https:\/\/portosma.com.br\/wp-content\/uploads\/2024\/12\/CAPA.jpg\",\"width\":1200,\"height\":508},{\"@type\":\"BreadcrumbList\",\"@id\":\"https:\/\/portosma.com.br\/index.php\/2024\/12\/09\/cpma-promove-i-corrida-do-dia-do-marinheiro\/#breadcrumb\",\"itemListElement\":[{\"@type\":\"ListItem\",\"position\":1,\"name\":\"In\u00edcio\",\"item\":\"https:\/\/portosma.com.br\/\"},{\"@type\":\"ListItem\",\"position\":2,\"name\":\"Capitania dos Portos promove a I Corrida do Dia do Marinheiro\"}]},{\"@type\":\"WebSite\",\"@id\":\"https:\/\/portosma.com.br\/#website\",\"url\":\"https:\/\/portosma.com.br\/\",\"name\":\"Portosma\",\"description\":\"Um site de not\u00edcias\",\"publisher\":{\"@id\":\"https:\/\/portosma.com.br\/#organization\"},\"potentialAction\":[{\"@type\":\"SearchAction\",\"target\":{\"@type\":\"EntryPoint\",\"urlTemplate\":\"https:\/\/portosma.com.br\/?s={search_term_string}\"},\"query-input\":\"required name=search_term_string\"}],\"inLanguage\":\"pt-BR\"},{\"@type\":\"Organization\",\"@id\":\"https:\/\/portosma.com.br\/#organization\",\"name\":\"Portosma\",\"alternateName\":\"Portosma\",\"url\":\"https:\/\/portosma.com.br\/\",\"logo\":{\"@type\":\"ImageObject\",\"inLanguage\":\"pt-BR\",\"@id\":\"https:\/\/portosma.com.br\/#\/schema\/logo\/image\/\",\"url\":\"https:\/\/portosma.com.br\/wp-content\/uploads\/2026\/03\/cropped-AD-PORTOSMA.jpg\",\"contentUrl\":\"https:\/\/portosma.com.br\/wp-content\/uploads\/2026\/03\/cropped-AD-PORTOSMA.jpg\",\"width\":400,\"height\":115,\"caption\":\"Portosma\"},\"image\":{\"@id\":\"https:\/\/portosma.com.br\/#\/schema\/logo\/image\/\"}},{\"@type\":\"Person\",\"@id\":\"https:\/\/portosma.com.br\/#\/schema\/person\/fb92dfe283ab47293259c87c813d8623\",\"name\":\"admin\",\"sameAs\":[\"https:\/\/portosma.com.br\"],\"url\":\"https:\/\/portosma.com.br\/index.php\/author\/portosma\/\"}]}<\/script>\n<!-- \/ Yoast SEO plugin. -->","yoast_head_json":{"title":"Capitania dos Portos promove a I Corrida do Dia do Marinheiro - Portosma","robots":{"index":"index","follow":"follow","max-snippet":"max-snippet:-1","max-image-preview":"max-image-preview:large","max-video-preview":"max-video-preview:-1"},"canonical":"https:\/\/portosma.com.br\/index.php\/2024\/12\/09\/cpma-promove-i-corrida-do-dia-do-marinheiro\/","og_locale":"pt_BR","og_type":"article","og_title":"Capitania dos Portos promove a I Corrida do Dia do Marinheiro - Portosma","og_description":"O evento aconteceu no Complexo do Parque Ambiental na \u00e1rea do Itapirac\u00f3, foi dividido em duas categorias e teve um percurso de 5 quil\u00f4metros.","og_url":"https:\/\/portosma.com.br\/index.php\/2024\/12\/09\/cpma-promove-i-corrida-do-dia-do-marinheiro\/","og_site_name":"Portosma","article_published_time":"2024-12-09T20:41:51+00:00","article_modified_time":"2024-12-09T20:47:49+00:00","og_image":[{"width":1200,"height":508,"url":"https:\/\/portosma.com.br\/wp-content\/uploads\/2024\/12\/CAPA.jpg","type":"image\/jpeg"}],"author":"admin","twitter_card":"summary_large_image","twitter_misc":{"Escrito por":"admin","Est. tempo de leitura":"6 minutos"},"schema":{"@context":"https:\/\/schema.org","@graph":[{"@type":"Article","@id":"https:\/\/portosma.com.br\/index.php\/2024\/12\/09\/cpma-promove-i-corrida-do-dia-do-marinheiro\/#article","isPartOf":{"@id":"https:\/\/portosma.com.br\/index.php\/2024\/12\/09\/cpma-promove-i-corrida-do-dia-do-marinheiro\/"},"author":{"name":"admin","@id":"https:\/\/portosma.com.br\/#\/schema\/person\/fb92dfe283ab47293259c87c813d8623"},"headline":"Capitania dos Portos promove a I Corrida do Dia do Marinheiro","datePublished":"2024-12-09T20:41:51+00:00","dateModified":"2024-12-09T20:47:49+00:00","mainEntityOfPage":{"@id":"https:\/\/portosma.com.br\/index.php\/2024\/12\/09\/cpma-promove-i-corrida-do-dia-do-marinheiro\/"},"wordCount":680,"publisher":{"@id":"https:\/\/portosma.com.br\/#organization"},"image":{"@id":"https:\/\/portosma.com.br\/index.php\/2024\/12\/09\/cpma-promove-i-corrida-do-dia-do-marinheiro\/#primaryimage"},"thumbnailUrl":"https:\/\/portosma.com.br\/wp-content\/uploads\/2024\/12\/CAPA.jpg","articleSection":["Not\u00edcias"],"inLanguage":"pt-BR"},{"@type":"WebPage","@id":"https:\/\/portosma.com.br\/index.php\/2024\/12\/09\/cpma-promove-i-corrida-do-dia-do-marinheiro\/","url":"https:\/\/portosma.com.br\/index.php\/2024\/12\/09\/cpma-promove-i-corrida-do-dia-do-marinheiro\/","name":"Capitania dos Portos promove a I Corrida do Dia do Marinheiro - Portosma","isPartOf":{"@id":"https:\/\/portosma.com.br\/#website"},"primaryImageOfPage":{"@id":"https:\/\/portosma.com.br\/index.php\/2024\/12\/09\/cpma-promove-i-corrida-do-dia-do-marinheiro\/#primaryimage"},"image":{"@id":"https:\/\/portosma.com.br\/index.php\/2024\/12\/09\/cpma-promove-i-corrida-do-dia-do-marinheiro\/#primaryimage"},"thumbnailUrl":"https:\/\/portosma.com.br\/wp-content\/uploads\/2024\/12\/CAPA.jpg","datePublished":"2024-12-09T20:41:51+00:00","dateModified":"2024-12-09T20:47:49+00:00","breadcrumb":{"@id":"https:\/\/portosma.com.br\/index.php\/2024\/12\/09\/cpma-promove-i-corrida-do-dia-do-marinheiro\/#breadcrumb"},"inLanguage":"pt-BR","potentialAction":[{"@type":"ReadAction","target":["https:\/\/portosma.com.br\/index.php\/2024\/12\/09\/cpma-promove-i-corrida-do-dia-do-marinheiro\/"]}]},{"@type":"ImageObject","inLanguage":"pt-BR","@id":"https:\/\/portosma.com.br\/index.php\/2024\/12\/09\/cpma-promove-i-corrida-do-dia-do-marinheiro\/#primaryimage","url":"https:\/\/portosma.com.br\/wp-content\/uploads\/2024\/12\/CAPA.jpg","contentUrl":"https:\/\/portosma.com.br\/wp-content\/uploads\/2024\/12\/CAPA.jpg","width":1200,"height":508},{"@type":"BreadcrumbList","@id":"https:\/\/portosma.com.br\/index.php\/2024\/12\/09\/cpma-promove-i-corrida-do-dia-do-marinheiro\/#breadcrumb","itemListElement":[{"@type":"ListItem","position":1,"name":"In\u00edcio","item":"https:\/\/portosma.com.br\/"},{"@type":"ListItem","position":2,"name":"Capitania dos Portos promove a I Corrida do Dia do Marinheiro"}]},{"@type":"WebSite","@id":"https:\/\/portosma.com.br\/#website","url":"https:\/\/portosma.com.br\/","name":"Portosma","description":"Um site de not\u00edcias","publisher":{"@id":"https:\/\/portosma.com.br\/#organization"},"potentialAction":[{"@type":"SearchAction","target":{"@type":"EntryPoint","urlTemplate":"https:\/\/portosma.com.br\/?s={search_term_string}"},"query-input":"required name=search_term_string"}],"inLanguage":"pt-BR"},{"@type":"Organization","@id":"https:\/\/portosma.com.br\/#organization","name":"Portosma","alternateName":"Portosma","url":"https:\/\/portosma.com.br\/","logo":{"@type":"ImageObject","inLanguage":"pt-BR","@id":"https:\/\/portosma.com.br\/#\/schema\/logo\/image\/","url":"https:\/\/portosma.com.br\/wp-content\/uploads\/2026\/03\/cropped-AD-PORTOSMA.jpg","contentUrl":"https:\/\/portosma.com.br\/wp-content\/uploads\/2026\/03\/cropped-AD-PORTOSMA.jpg","width":400,"height":115,"caption":"Portosma"},"image":{"@id":"https:\/\/portosma.com.br\/#\/schema\/logo\/image\/"}},{"@type":"Person","@id":"https:\/\/portosma.com.br\/#\/schema\/person\/fb92dfe283ab47293259c87c813d8623","name":"admin","sameAs":["https:\/\/portosma.com.br"],"url":"https:\/\/portosma.com.br\/index.php\/author\/portosma\/"}]}},"_links":{"self":[{"href":"https:\/\/portosma.com.br\/index.php\/wp-json\/wp\/v2\/posts\/19331","targetHints":{"allow":["GET"]}}],"collection":[{"href":"https:\/\/portosma.com.br\/index.php\/wp-json\/wp\/v2\/posts"}],"about":[{"href":"https:\/\/portosma.com.br\/index.php\/wp-json\/wp\/v2\/types\/post"}],"author":[{"embeddable":true,"href":"https:\/\/portosma.com.br\/index.php\/wp-json\/wp\/v2\/users\/1"}],"replies":[{"embeddable":true,"href":"https:\/\/portosma.com.br\/index.php\/wp-json\/wp\/v2\/comments?post=19331"}],"version-history":[{"count":8,"href":"https:\/\/portosma.com.br\/index.php\/wp-json\/wp\/v2\/posts\/19331\/revisions"}],"predecessor-version":[{"id":19352,"href":"https:\/\/portosma.com.br\/index.php\/wp-json\/wp\/v2\/posts\/19331\/revisions\/19352"}],"wp:featuredmedia":[{"embeddable":true,"href":"https:\/\/portosma.com.br\/index.php\/wp-json\/wp\/v2\/media\/19332"}],"wp:attachment":[{"href":"https:\/\/portosma.com.br\/index.php\/wp-json\/wp\/v2\/media?parent=19331"}],"wp:term":[{"taxonomy":"category","embeddable":true,"href":"https:\/\/portosma.com.br\/index.php\/wp-json\/wp\/v2\/categories?post=19331"},{"taxonomy":"post_tag","embeddable":true,"href":"https:\/\/portosma.com.br\/index.php\/wp-json\/wp\/v2\/tags?post=19331"}],"curies":[{"name":"wp","href":"https:\/\/api.w.org\/{rel}","templated":true}]}}