{"id":15659,"date":"2024-06-22T13:33:45","date_gmt":"2024-06-22T13:33:45","guid":{"rendered":"https:\/\/portosma.com.br\/?p=15659"},"modified":"2024-06-22T13:34:44","modified_gmt":"2024-06-22T13:34:44","slug":"estado-do-maranhao-presente-no-forum-nordeste-export-2024","status":"publish","type":"post","link":"https:\/\/portosma.com.br\/index.php\/2024\/06\/22\/estado-do-maranhao-presente-no-forum-nordeste-export-2024\/","title":{"rendered":"Estado do Maranh\u00e3o presente no F\u00f3rum Nordeste Export 2024"},"content":{"rendered":"<h4><span style=\"color: #808080;\">Abertura do F\u00f3rum reuniu autoridades e lideran\u00e7as do setor de log\u00edstica, infraestrutura e transportes na Casa da Ind\u00fastria, em Fortaleza, capital do Cear\u00e1.<\/span><\/h4>\n<p>A Casa da Ind\u00fastria do Cear\u00e1 recebeu, na noite de quinta-feira (20\/06), a solenidade de abertura do Nordeste Export &#8211; F\u00f3rum Regional de Log\u00edstica, Infraestrutura e Transportes, realizado em Fortaleza nos dias 20 e 21 de junho. Organizado pelo Grupo Brasil Export, o evento reuniu autoridades e lideran\u00e7as nacionais e locais para debates sobre solu\u00e7\u00f5es para o setor e tra\u00e7ar conex\u00f5es pelo desenvolvimento do Nordeste.<\/p>\n<p><img fetchpriority=\"high\" decoding=\"async\" class=\"alignnone wp-image-15661 size-full\" src=\"https:\/\/portosma.com.br\/wp-content\/uploads\/2024\/06\/EXPO-02.jpg\" alt=\"\" width=\"900\" height=\"375\" srcset=\"https:\/\/portosma.com.br\/wp-content\/uploads\/2024\/06\/EXPO-02.jpg 900w, https:\/\/portosma.com.br\/wp-content\/uploads\/2024\/06\/EXPO-02-300x125.jpg 300w, https:\/\/portosma.com.br\/wp-content\/uploads\/2024\/06\/EXPO-02-768x320.jpg 768w\" sizes=\"(max-width: 900px) 100vw, 900px\" \/><\/p>\n<p>O Vice-Presidente da Federa\u00e7\u00e3o das Ind\u00fastrias do Estado do Cear\u00e1 (FIEC), Andr\u00e9 Montenegro, representando o Presidente da FIEC, Ricardo Cavalcante, recebeu os participantes do f\u00f3rum no Audit\u00f3rio Waldyr Diogo com discurso que enfatizou a necessidade de uni\u00e3o de esfor\u00e7os para promover o progresso econ\u00f4mico e social da regi\u00e3o. &#8220;\u00c9 com imensa alegria que recebemos este f\u00f3rum na Casa da Ind\u00fastria. Hoje celebramos a uni\u00e3o de esfor\u00e7os em prol do desenvolvimento do Nordeste, uma regi\u00e3o de riqueza cultural inestim\u00e1vel e de potencial econ\u00f4mico extraordin\u00e1rio&#8221;, afirmou.<\/p>\n<p>Montenegro refor\u00e7ou o compromisso da FIEC no apoio a a\u00e7\u00f5es e estudos que objetivam a gera\u00e7\u00e3o de ideias inovadoras e solu\u00e7\u00f5es pr\u00e1ticas que fortale\u00e7am a Ind\u00fastria no Cear\u00e1 e em todo o Brasil, assim como trazer bem-estar para a popula\u00e7\u00e3o. O dirigente tamb\u00e9m apontou aos presentes a pauta da transi\u00e7\u00e3o energ\u00e9tica como um dos principais pontos de trabalho da Federa\u00e7\u00e3o nos \u00faltimos anos.<\/p>\n<p>&#8220;O mundo est\u00e1 passando por uma transforma\u00e7\u00e3o energ\u00e9tica sem precedentes e o Cear\u00e1, assim como todo o Nordeste, est\u00e3o na vanguarda desta mudan\u00e7a. Estamos sempre buscando parcerias estrat\u00e9gicas para colocar o nosso estado como l\u00edder global na produ\u00e7\u00e3o do hidrog\u00eanio verde. A nossa matriz energ\u00e9tica propicia todas as condi\u00e7\u00f5es para que estejamos nesta condi\u00e7\u00e3o de destaque&#8221;, pontuou.<\/p>\n<p>Em sua fala, o CEO do Grupo Brasil Export, Fabr\u00edcio Guimar\u00e3es Juli\u00e3o, classificou o f\u00f3rum Nordeste Export como um grande catalisador de estrat\u00e9gias e colabora\u00e7\u00f5es para que o setor de log\u00edstica, infraestrutura e transporte encontre a sinergia necess\u00e1ria para resolver as suas principais demandas. &#8220;Eu vejo aqui, dentro desta comunidade, o sentimento de uni\u00e3o. Juntos faremos a diferen\u00e7a, levantando as bandeiras de um setor que gera empregos, que gera renda e contribui para o desenvolvimento de todas as regi\u00f5es brasileiras&#8221;. O CEO apontou que o Nordeste necessita aprimorar sua malha terrestre de transportes para aumentar a efici\u00eancia da movimenta\u00e7\u00e3o de cargas e da mobilidade de seus habitantes e turistas.<\/p>\n<p>&#8220;O Nordeste clama por ser a porta de entrada da carga que vem da Europa, que poderia ser muito maior. O Nordeste clama por uma carga de retorno da sua produ\u00e7\u00e3o, seja de algod\u00e3o, seja da fruta, seja do min\u00e9rio. O Nordeste clama pela aten\u00e7\u00e3o \u00e0 energia renov\u00e1vel e a sua voca\u00e7\u00e3o natural. Eu n\u00e3o tenho d\u00favida que ser\u00e1 o grande centro de energia renov\u00e1vel do Brasil, pelas condi\u00e7\u00f5es \u00f3bvias a favor. E, logicamente, o Nordeste clama por acessos. Precisamos continuar trabalhando a intermodalidade. N\u00e3o podemos mais ter portos isolados, pois porto isolado n\u00e3o gera competitividade e n\u00e3o tem resultado. Esse \u00e9 o grande objetivo da pauta deste ano&#8221;, complementou Juli\u00e3o.<\/p>\n<p>Tamb\u00e9m participaram da cerim\u00f4nia de abertura a Secret\u00e1ria-Executiva do Minist\u00e9rio de Portos e Aeroportos, Mariana Pescatori; o Secret\u00e1rio Especial do Programa de Parcerias de Investimentos (PPI), Marcus Cavalcanti; o Ministro do Tribunal Superior do Trabalho (TST), Guilherme Caputo Bastos; o Diretor-Presidente da Ag\u00eancia Nacional de Avia\u00e7\u00e3o Civil (ANAC), Tiago Sousa Pereira; o Diretor da Ag\u00eancia Nacional de Transportes Aquavi\u00e1rios (ANTAQ), Alber Furtado de Vasconcelos Neto; o Diretor da Ag\u00eancia Nacional de Transportes Terrestres (ANTT), Lucas Asfor; o Presidente do Complexo Industrial e Portu\u00e1rio do Pec\u00e9m, Hugo Figueiredo; o Presidente do Conselho Nacional do Brasil Export, Jos\u00e9 Roberto Campos; a Presidente do Conselho Feminino do Brasil Export, Gilmara Tem\u00f3teo; o Presidente do Conselho do Nordeste Export, Alu\u00edsio Sobreira; o Presidente Executivo do Instituto Brasileiro de Infraestrutura (IBI), M\u00e1rio P\u00f4va; e o Presidente do Instituto Brasileiro de Log\u00edstica (IBL), Ricardo Mol\u00edtzas.<\/p>\n<p>&nbsp;<img decoding=\"async\" class=\"alignnone wp-image-15664 size-full\" src=\"https:\/\/portosma.com.br\/wp-content\/uploads\/2024\/06\/EXPO-05.jpg\" alt=\"\" width=\"900\" height=\"576\" srcset=\"https:\/\/portosma.com.br\/wp-content\/uploads\/2024\/06\/EXPO-05.jpg 900w, https:\/\/portosma.com.br\/wp-content\/uploads\/2024\/06\/EXPO-05-300x192.jpg 300w, https:\/\/portosma.com.br\/wp-content\/uploads\/2024\/06\/EXPO-05-768x492.jpg 768w\" sizes=\"(max-width: 900px) 100vw, 900px\" \/><br \/>\nO Maranh\u00e3o esteve presente (<em>foto acima<\/em>) representado por uma comitiva formada por Cesar Meireles \/ Conselheiro do Maranh\u00e3o Export; Aloisio Sobreira \/ Presidente do Nordeste Export; Luiz Raimundo Azevedo \/ Presidente do Maranh\u00e3o Export; Fabr\u00edcio Juli\u00e3o \/ CEO do Brasil Export; Urubatan Filho \/ Conselheiro do Maranh\u00e3o Export; Rachel Vli \/ Conselheira do Maranh\u00e3o Export; Flavio Oliveira \/ Conselheiro do Maranh\u00e3o Export; Silvio Aguiar \/ Conselheiro do Maranh\u00e3o Export e Luciano Bragagnolo \/ Presidente do Conselho de Autoridade do Porto do Itaqui.<\/p>\n<p><strong>Programa\u00e7\u00e3o e debates<\/strong><\/p>\n<p>Na sua quinta realiza\u00e7\u00e3o em 2024, o f\u00f3rum regional Nordeste Export consiste em dois dias de palestras que trazem temas atuais nas \u00e1reas de tecnologia, inova\u00e7\u00e3o, planejamento estrat\u00e9gico, al\u00e9m de discuss\u00f5es t\u00e9cnicas e troca de experi\u00eancias por parte de representantes do setor. Antes da abertura do evento, os inscritos participaram de visita t\u00e9cnica ao Complexo Industrial e Portu\u00e1rio do Pec\u00e9m (CIPP), com apresenta\u00e7\u00e3o institucional da Companhia Docas do Cear\u00e1, das instala\u00e7\u00f5es da Zona de Processamento de Exporta\u00e7\u00e3o (ZPE) e terminais do complexo.<\/p>\n<p>Os pain\u00e9is do Nordeste Export serviram para debater as diversas quest\u00f5es da regi\u00e3o para al\u00e9m dos portos, como a infraestrutura aeroportu\u00e1ria e a democratiza\u00e7\u00e3o do transporte multimodal na opera\u00e7\u00e3o de cont\u00eaineres.<\/p>\n<p>Outro evento paralelo ao Nordeste Export ser\u00e1 o Inova Export. Organizada pelo HUB Brasil Export em parceria com o Grupo Brasil Export, a atra\u00e7\u00e3o tem como objetivo reunir os principais atores do setor de infraestrutura, log\u00edstica, portos e com\u00e9rcio exterior para impulsionar a inova\u00e7\u00e3o, estimular o crescimento sustent\u00e1vel e fortalecer as parcerias estrat\u00e9gicas.<\/p>\n<p><img decoding=\"async\" class=\"alignnone wp-image-15665 size-full\" src=\"https:\/\/portosma.com.br\/wp-content\/uploads\/2024\/06\/EXPO-06.jpg\" alt=\"\" width=\"900\" height=\"501\" srcset=\"https:\/\/portosma.com.br\/wp-content\/uploads\/2024\/06\/EXPO-06.jpg 900w, https:\/\/portosma.com.br\/wp-content\/uploads\/2024\/06\/EXPO-06-300x167.jpg 300w, https:\/\/portosma.com.br\/wp-content\/uploads\/2024\/06\/EXPO-06-768x428.jpg 768w\" sizes=\"(max-width: 900px) 100vw, 900px\" \/><\/p>\n<p>Entre os pain\u00e9is e palestras foram abordados nos dois dias de evento, temas como \u201cAlian\u00e7as estrat\u00e9gicas: Impulsionando a evolu\u00e7\u00e3o setorial\u201d, \u201cDesbloqueando inova\u00e7\u00f5es: Tecnologias aplicadas ao setor\u201d, \u201cMudando o jogo: Startups que est\u00e3o redefinindo o futuro\u201d, \u201cDiagn\u00f3stico das demandas no Poder Judici\u00e1rio\u201d, \u201cLitigiosidade na Justi\u00e7a do Trabalho\u201d, \u201cDesafios na Zona de Praticagem 5\u201d, \u201cDesafios e oportunidades de fomento e linhas de cr\u00e9dito para o desenvolvimento da infraestrutura\u201d, \u201cInvestimentos na infraestrutura aeroportu\u00e1ria e conectividade a\u00e9rea na regi\u00e3o Nordeste\u201d, \u201cDescarboniza\u00e7\u00e3o na navega\u00e7\u00e3o e no setor de infraestrutura portu\u00e1ria\u201d, e \u201cAmplia\u00e7\u00e3o da malha terrestre como fator de desenvolvimento econ\u00f4mico da regi\u00e3o Nordeste\u201d.<\/p>\n<p><img loading=\"lazy\" decoding=\"async\" class=\"alignnone wp-image-15663\" src=\"https:\/\/portosma.com.br\/wp-content\/uploads\/2024\/06\/EXPO-04-300x143.jpg\" alt=\"\" width=\"900\" height=\"428\" srcset=\"https:\/\/portosma.com.br\/wp-content\/uploads\/2024\/06\/EXPO-04-300x143.jpg 300w, https:\/\/portosma.com.br\/wp-content\/uploads\/2024\/06\/EXPO-04-1024x487.jpg 1024w, https:\/\/portosma.com.br\/wp-content\/uploads\/2024\/06\/EXPO-04-768x365.jpg 768w, https:\/\/portosma.com.br\/wp-content\/uploads\/2024\/06\/EXPO-04.jpg 1200w\" sizes=\"(max-width: 900px) 100vw, 900px\" \/><\/p>\n","protected":false},"excerpt":{"rendered":"<p>Abertura do evento reuniu autoridades e lideran\u00e7as do setor de log\u00edstica, infraestrutura e transportes na Casa da Ind\u00fastria, em Fortaleza, capital do Cear\u00e1.<\/p>\n","protected":false},"author":1,"featured_media":15660,"comment_status":"closed","ping_status":"open","sticky":false,"template":"","format":"standard","meta":{"_editorskit_title_hidden":false,"_editorskit_reading_time":0,"_editorskit_is_block_options_detached":false,"_editorskit_block_options_position":"{}","ngg_post_thumbnail":0,"footnotes":""},"categories":[1],"tags":[],"class_list":["post-15659","post","type-post","status-publish","format-standard","has-post-thumbnail","hentry","category-noticias"],"yoast_head":"<!-- This site is optimized with the Yoast SEO plugin v22.5 - https:\/\/yoast.com\/wordpress\/plugins\/seo\/ -->\n<title>Estado do Maranh\u00e3o presente no F\u00f3rum Nordeste Export 2024 - Portosma<\/title>\n<meta name=\"robots\" content=\"index, follow, max-snippet:-1, max-image-preview:large, max-video-preview:-1\" \/>\n<link rel=\"canonical\" href=\"https:\/\/portosma.com.br\/index.php\/2024\/06\/22\/estado-do-maranhao-presente-no-forum-nordeste-export-2024\/\" \/>\n<meta property=\"og:locale\" content=\"pt_BR\" \/>\n<meta property=\"og:type\" content=\"article\" \/>\n<meta property=\"og:title\" content=\"Estado do Maranh\u00e3o presente no F\u00f3rum Nordeste Export 2024 - Portosma\" \/>\n<meta property=\"og:description\" content=\"Abertura do evento reuniu autoridades e lideran\u00e7as do setor de log\u00edstica, infraestrutura e transportes na Casa da Ind\u00fastria, em Fortaleza, capital do Cear\u00e1.\" \/>\n<meta property=\"og:url\" content=\"https:\/\/portosma.com.br\/index.php\/2024\/06\/22\/estado-do-maranhao-presente-no-forum-nordeste-export-2024\/\" \/>\n<meta property=\"og:site_name\" content=\"Portosma\" \/>\n<meta property=\"article:published_time\" content=\"2024-06-22T13:33:45+00:00\" \/>\n<meta property=\"article:modified_time\" content=\"2024-06-22T13:34:44+00:00\" \/>\n<meta property=\"og:image\" content=\"https:\/\/portosma.com.br\/wp-content\/uploads\/2024\/06\/EXPO-01.jpg\" \/>\n\t<meta property=\"og:image:width\" content=\"1200\" \/>\n\t<meta property=\"og:image:height\" content=\"501\" \/>\n\t<meta property=\"og:image:type\" content=\"image\/jpeg\" \/>\n<meta name=\"author\" content=\"admin\" \/>\n<meta name=\"twitter:card\" content=\"summary_large_image\" \/>\n<meta name=\"twitter:label1\" content=\"Escrito por\" \/>\n\t<meta name=\"twitter:data1\" content=\"admin\" \/>\n\t<meta name=\"twitter:label2\" content=\"Est. tempo de leitura\" \/>\n\t<meta name=\"twitter:data2\" content=\"7 minutos\" \/>\n<script type=\"application\/ld+json\" class=\"yoast-schema-graph\">{\"@context\":\"https:\/\/schema.org\",\"@graph\":[{\"@type\":\"Article\",\"@id\":\"https:\/\/portosma.com.br\/index.php\/2024\/06\/22\/estado-do-maranhao-presente-no-forum-nordeste-export-2024\/#article\",\"isPartOf\":{\"@id\":\"https:\/\/portosma.com.br\/index.php\/2024\/06\/22\/estado-do-maranhao-presente-no-forum-nordeste-export-2024\/\"},\"author\":{\"name\":\"admin\",\"@id\":\"https:\/\/portosma.com.br\/#\/schema\/person\/fb92dfe283ab47293259c87c813d8623\"},\"headline\":\"Estado do Maranh\u00e3o presente no F\u00f3rum Nordeste Export 2024\",\"datePublished\":\"2024-06-22T13:33:45+00:00\",\"dateModified\":\"2024-06-22T13:34:44+00:00\",\"mainEntityOfPage\":{\"@id\":\"https:\/\/portosma.com.br\/index.php\/2024\/06\/22\/estado-do-maranhao-presente-no-forum-nordeste-export-2024\/\"},\"wordCount\":1146,\"publisher\":{\"@id\":\"https:\/\/portosma.com.br\/#organization\"},\"image\":{\"@id\":\"https:\/\/portosma.com.br\/index.php\/2024\/06\/22\/estado-do-maranhao-presente-no-forum-nordeste-export-2024\/#primaryimage\"},\"thumbnailUrl\":\"https:\/\/portosma.com.br\/wp-content\/uploads\/2024\/06\/EXPO-01.jpg\",\"articleSection\":[\"Not\u00edcias\"],\"inLanguage\":\"pt-BR\"},{\"@type\":\"WebPage\",\"@id\":\"https:\/\/portosma.com.br\/index.php\/2024\/06\/22\/estado-do-maranhao-presente-no-forum-nordeste-export-2024\/\",\"url\":\"https:\/\/portosma.com.br\/index.php\/2024\/06\/22\/estado-do-maranhao-presente-no-forum-nordeste-export-2024\/\",\"name\":\"Estado do Maranh\u00e3o presente no F\u00f3rum Nordeste Export 2024 - Portosma\",\"isPartOf\":{\"@id\":\"https:\/\/portosma.com.br\/#website\"},\"primaryImageOfPage\":{\"@id\":\"https:\/\/portosma.com.br\/index.php\/2024\/06\/22\/estado-do-maranhao-presente-no-forum-nordeste-export-2024\/#primaryimage\"},\"image\":{\"@id\":\"https:\/\/portosma.com.br\/index.php\/2024\/06\/22\/estado-do-maranhao-presente-no-forum-nordeste-export-2024\/#primaryimage\"},\"thumbnailUrl\":\"https:\/\/portosma.com.br\/wp-content\/uploads\/2024\/06\/EXPO-01.jpg\",\"datePublished\":\"2024-06-22T13:33:45+00:00\",\"dateModified\":\"2024-06-22T13:34:44+00:00\",\"breadcrumb\":{\"@id\":\"https:\/\/portosma.com.br\/index.php\/2024\/06\/22\/estado-do-maranhao-presente-no-forum-nordeste-export-2024\/#breadcrumb\"},\"inLanguage\":\"pt-BR\",\"potentialAction\":[{\"@type\":\"ReadAction\",\"target\":[\"https:\/\/portosma.com.br\/index.php\/2024\/06\/22\/estado-do-maranhao-presente-no-forum-nordeste-export-2024\/\"]}]},{\"@type\":\"ImageObject\",\"inLanguage\":\"pt-BR\",\"@id\":\"https:\/\/portosma.com.br\/index.php\/2024\/06\/22\/estado-do-maranhao-presente-no-forum-nordeste-export-2024\/#primaryimage\",\"url\":\"https:\/\/portosma.com.br\/wp-content\/uploads\/2024\/06\/EXPO-01.jpg\",\"contentUrl\":\"https:\/\/portosma.com.br\/wp-content\/uploads\/2024\/06\/EXPO-01.jpg\",\"width\":1200,\"height\":501},{\"@type\":\"BreadcrumbList\",\"@id\":\"https:\/\/portosma.com.br\/index.php\/2024\/06\/22\/estado-do-maranhao-presente-no-forum-nordeste-export-2024\/#breadcrumb\",\"itemListElement\":[{\"@type\":\"ListItem\",\"position\":1,\"name\":\"In\u00edcio\",\"item\":\"https:\/\/portosma.com.br\/\"},{\"@type\":\"ListItem\",\"position\":2,\"name\":\"Estado do Maranh\u00e3o presente no F\u00f3rum Nordeste Export 2024\"}]},{\"@type\":\"WebSite\",\"@id\":\"https:\/\/portosma.com.br\/#website\",\"url\":\"https:\/\/portosma.com.br\/\",\"name\":\"Portosma\",\"description\":\"Um site de not\u00edcias\",\"publisher\":{\"@id\":\"https:\/\/portosma.com.br\/#organization\"},\"potentialAction\":[{\"@type\":\"SearchAction\",\"target\":{\"@type\":\"EntryPoint\",\"urlTemplate\":\"https:\/\/portosma.com.br\/?s={search_term_string}\"},\"query-input\":\"required name=search_term_string\"}],\"inLanguage\":\"pt-BR\"},{\"@type\":\"Organization\",\"@id\":\"https:\/\/portosma.com.br\/#organization\",\"name\":\"Portosma\",\"alternateName\":\"Portosma\",\"url\":\"https:\/\/portosma.com.br\/\",\"logo\":{\"@type\":\"ImageObject\",\"inLanguage\":\"pt-BR\",\"@id\":\"https:\/\/portosma.com.br\/#\/schema\/logo\/image\/\",\"url\":\"https:\/\/portosma.com.br\/wp-content\/uploads\/2026\/03\/cropped-AD-PORTOSMA.jpg\",\"contentUrl\":\"https:\/\/portosma.com.br\/wp-content\/uploads\/2026\/03\/cropped-AD-PORTOSMA.jpg\",\"width\":400,\"height\":115,\"caption\":\"Portosma\"},\"image\":{\"@id\":\"https:\/\/portosma.com.br\/#\/schema\/logo\/image\/\"}},{\"@type\":\"Person\",\"@id\":\"https:\/\/portosma.com.br\/#\/schema\/person\/fb92dfe283ab47293259c87c813d8623\",\"name\":\"admin\",\"sameAs\":[\"https:\/\/portosma.com.br\"],\"url\":\"https:\/\/portosma.com.br\/index.php\/author\/portosma\/\"}]}<\/script>\n<!-- \/ Yoast SEO plugin. -->","yoast_head_json":{"title":"Estado do Maranh\u00e3o presente no F\u00f3rum Nordeste Export 2024 - Portosma","robots":{"index":"index","follow":"follow","max-snippet":"max-snippet:-1","max-image-preview":"max-image-preview:large","max-video-preview":"max-video-preview:-1"},"canonical":"https:\/\/portosma.com.br\/index.php\/2024\/06\/22\/estado-do-maranhao-presente-no-forum-nordeste-export-2024\/","og_locale":"pt_BR","og_type":"article","og_title":"Estado do Maranh\u00e3o presente no F\u00f3rum Nordeste Export 2024 - Portosma","og_description":"Abertura do evento reuniu autoridades e lideran\u00e7as do setor de log\u00edstica, infraestrutura e transportes na Casa da Ind\u00fastria, em Fortaleza, capital do Cear\u00e1.","og_url":"https:\/\/portosma.com.br\/index.php\/2024\/06\/22\/estado-do-maranhao-presente-no-forum-nordeste-export-2024\/","og_site_name":"Portosma","article_published_time":"2024-06-22T13:33:45+00:00","article_modified_time":"2024-06-22T13:34:44+00:00","og_image":[{"width":1200,"height":501,"url":"https:\/\/portosma.com.br\/wp-content\/uploads\/2024\/06\/EXPO-01.jpg","type":"image\/jpeg"}],"author":"admin","twitter_card":"summary_large_image","twitter_misc":{"Escrito por":"admin","Est. tempo de leitura":"7 minutos"},"schema":{"@context":"https:\/\/schema.org","@graph":[{"@type":"Article","@id":"https:\/\/portosma.com.br\/index.php\/2024\/06\/22\/estado-do-maranhao-presente-no-forum-nordeste-export-2024\/#article","isPartOf":{"@id":"https:\/\/portosma.com.br\/index.php\/2024\/06\/22\/estado-do-maranhao-presente-no-forum-nordeste-export-2024\/"},"author":{"name":"admin","@id":"https:\/\/portosma.com.br\/#\/schema\/person\/fb92dfe283ab47293259c87c813d8623"},"headline":"Estado do Maranh\u00e3o presente no F\u00f3rum Nordeste Export 2024","datePublished":"2024-06-22T13:33:45+00:00","dateModified":"2024-06-22T13:34:44+00:00","mainEntityOfPage":{"@id":"https:\/\/portosma.com.br\/index.php\/2024\/06\/22\/estado-do-maranhao-presente-no-forum-nordeste-export-2024\/"},"wordCount":1146,"publisher":{"@id":"https:\/\/portosma.com.br\/#organization"},"image":{"@id":"https:\/\/portosma.com.br\/index.php\/2024\/06\/22\/estado-do-maranhao-presente-no-forum-nordeste-export-2024\/#primaryimage"},"thumbnailUrl":"https:\/\/portosma.com.br\/wp-content\/uploads\/2024\/06\/EXPO-01.jpg","articleSection":["Not\u00edcias"],"inLanguage":"pt-BR"},{"@type":"WebPage","@id":"https:\/\/portosma.com.br\/index.php\/2024\/06\/22\/estado-do-maranhao-presente-no-forum-nordeste-export-2024\/","url":"https:\/\/portosma.com.br\/index.php\/2024\/06\/22\/estado-do-maranhao-presente-no-forum-nordeste-export-2024\/","name":"Estado do Maranh\u00e3o presente no F\u00f3rum Nordeste Export 2024 - Portosma","isPartOf":{"@id":"https:\/\/portosma.com.br\/#website"},"primaryImageOfPage":{"@id":"https:\/\/portosma.com.br\/index.php\/2024\/06\/22\/estado-do-maranhao-presente-no-forum-nordeste-export-2024\/#primaryimage"},"image":{"@id":"https:\/\/portosma.com.br\/index.php\/2024\/06\/22\/estado-do-maranhao-presente-no-forum-nordeste-export-2024\/#primaryimage"},"thumbnailUrl":"https:\/\/portosma.com.br\/wp-content\/uploads\/2024\/06\/EXPO-01.jpg","datePublished":"2024-06-22T13:33:45+00:00","dateModified":"2024-06-22T13:34:44+00:00","breadcrumb":{"@id":"https:\/\/portosma.com.br\/index.php\/2024\/06\/22\/estado-do-maranhao-presente-no-forum-nordeste-export-2024\/#breadcrumb"},"inLanguage":"pt-BR","potentialAction":[{"@type":"ReadAction","target":["https:\/\/portosma.com.br\/index.php\/2024\/06\/22\/estado-do-maranhao-presente-no-forum-nordeste-export-2024\/"]}]},{"@type":"ImageObject","inLanguage":"pt-BR","@id":"https:\/\/portosma.com.br\/index.php\/2024\/06\/22\/estado-do-maranhao-presente-no-forum-nordeste-export-2024\/#primaryimage","url":"https:\/\/portosma.com.br\/wp-content\/uploads\/2024\/06\/EXPO-01.jpg","contentUrl":"https:\/\/portosma.com.br\/wp-content\/uploads\/2024\/06\/EXPO-01.jpg","width":1200,"height":501},{"@type":"BreadcrumbList","@id":"https:\/\/portosma.com.br\/index.php\/2024\/06\/22\/estado-do-maranhao-presente-no-forum-nordeste-export-2024\/#breadcrumb","itemListElement":[{"@type":"ListItem","position":1,"name":"In\u00edcio","item":"https:\/\/portosma.com.br\/"},{"@type":"ListItem","position":2,"name":"Estado do Maranh\u00e3o presente no F\u00f3rum Nordeste Export 2024"}]},{"@type":"WebSite","@id":"https:\/\/portosma.com.br\/#website","url":"https:\/\/portosma.com.br\/","name":"Portosma","description":"Um site de not\u00edcias","publisher":{"@id":"https:\/\/portosma.com.br\/#organization"},"potentialAction":[{"@type":"SearchAction","target":{"@type":"EntryPoint","urlTemplate":"https:\/\/portosma.com.br\/?s={search_term_string}"},"query-input":"required name=search_term_string"}],"inLanguage":"pt-BR"},{"@type":"Organization","@id":"https:\/\/portosma.com.br\/#organization","name":"Portosma","alternateName":"Portosma","url":"https:\/\/portosma.com.br\/","logo":{"@type":"ImageObject","inLanguage":"pt-BR","@id":"https:\/\/portosma.com.br\/#\/schema\/logo\/image\/","url":"https:\/\/portosma.com.br\/wp-content\/uploads\/2026\/03\/cropped-AD-PORTOSMA.jpg","contentUrl":"https:\/\/portosma.com.br\/wp-content\/uploads\/2026\/03\/cropped-AD-PORTOSMA.jpg","width":400,"height":115,"caption":"Portosma"},"image":{"@id":"https:\/\/portosma.com.br\/#\/schema\/logo\/image\/"}},{"@type":"Person","@id":"https:\/\/portosma.com.br\/#\/schema\/person\/fb92dfe283ab47293259c87c813d8623","name":"admin","sameAs":["https:\/\/portosma.com.br"],"url":"https:\/\/portosma.com.br\/index.php\/author\/portosma\/"}]}},"_links":{"self":[{"href":"https:\/\/portosma.com.br\/index.php\/wp-json\/wp\/v2\/posts\/15659","targetHints":{"allow":["GET"]}}],"collection":[{"href":"https:\/\/portosma.com.br\/index.php\/wp-json\/wp\/v2\/posts"}],"about":[{"href":"https:\/\/portosma.com.br\/index.php\/wp-json\/wp\/v2\/types\/post"}],"author":[{"embeddable":true,"href":"https:\/\/portosma.com.br\/index.php\/wp-json\/wp\/v2\/users\/1"}],"replies":[{"embeddable":true,"href":"https:\/\/portosma.com.br\/index.php\/wp-json\/wp\/v2\/comments?post=15659"}],"version-history":[{"count":2,"href":"https:\/\/portosma.com.br\/index.php\/wp-json\/wp\/v2\/posts\/15659\/revisions"}],"predecessor-version":[{"id":15667,"href":"https:\/\/portosma.com.br\/index.php\/wp-json\/wp\/v2\/posts\/15659\/revisions\/15667"}],"wp:featuredmedia":[{"embeddable":true,"href":"https:\/\/portosma.com.br\/index.php\/wp-json\/wp\/v2\/media\/15660"}],"wp:attachment":[{"href":"https:\/\/portosma.com.br\/index.php\/wp-json\/wp\/v2\/media?parent=15659"}],"wp:term":[{"taxonomy":"category","embeddable":true,"href":"https:\/\/portosma.com.br\/index.php\/wp-json\/wp\/v2\/categories?post=15659"},{"taxonomy":"post_tag","embeddable":true,"href":"https:\/\/portosma.com.br\/index.php\/wp-json\/wp\/v2\/tags?post=15659"}],"curies":[{"name":"wp","href":"https:\/\/api.w.org\/{rel}","templated":true}]}}