{"id":14694,"date":"2024-05-06T18:03:58","date_gmt":"2024-05-06T18:03:58","guid":{"rendered":"https:\/\/portosma.com.br\/?p=14694"},"modified":"2024-05-07T11:21:35","modified_gmt":"2024-05-07T11:21:35","slug":"escoteiros-do-18tao-visitam-o-museu-maritimo-da-soamar","status":"publish","type":"post","link":"https:\/\/portosma.com.br\/index.php\/2024\/05\/06\/escoteiros-do-18tao-visitam-o-museu-maritimo-da-soamar\/","title":{"rendered":"Escoteiros do 18T\u00e3o visitam o Museu Mar\u00edtimo da Soamar"},"content":{"rendered":"<p>Em continuidade ao seu calend\u00e1rio de atividades, e\/ou, a\u00e7\u00f5es para o ano de 2024, o Grupo de Escoteiros do Mar 18T\u00e3o visitou, na manh\u00e3 de s\u00e1bado, 4\/5, o Museu Mar\u00edtimo da Soamar \u2013 Sociedade Amigos da Marinha do Maranh\u00e3o. Ocupando todo espa\u00e7o t\u00e9rreo da sede social da entidade, no bairro do Jenipapeiro, o museu oferece aos seus visitante um acervo de mais de 2 mil pe\u00e7as \u2013 fotos, maquetes, roupas, fardamentos, livros \u2013 que contam, em um s\u00f3 lugar, e \u00fanico no estado, cap\u00edtulos inteiros da evolu\u00e7\u00e3o hist\u00f3ria, e contempor\u00e2nea da atividade mar\u00edtima maranhense. Os instrutores destacaram, como n\u00e3o poderia deixar de ser, a import\u00e2ncia da Marinha, atrav\u00e9s da Capitania do Maranh\u00e3o, a Soamar, e os terminais portu\u00e1rios de S\u00e3o Lu\u00eds, como os da Alumar, Vale e Itaqui.<\/p>\n<p><img fetchpriority=\"high\" decoding=\"async\" class=\"alignnone wp-image-14711 size-full\" src=\"https:\/\/portosma.com.br\/wp-content\/uploads\/2024\/05\/MUSEU-20.jpg\" alt=\"\" width=\"900\" height=\"467\" srcset=\"https:\/\/portosma.com.br\/wp-content\/uploads\/2024\/05\/MUSEU-20.jpg 900w, https:\/\/portosma.com.br\/wp-content\/uploads\/2024\/05\/MUSEU-20-300x156.jpg 300w, https:\/\/portosma.com.br\/wp-content\/uploads\/2024\/05\/MUSEU-20-768x399.jpg 768w\" sizes=\"(max-width: 900px) 100vw, 900px\" \/><\/p>\n<p>O Grupo de Escoteiros, que teve o acompanhamento do Chefe da Tropa Escoteira, Evandro Silva, Akela, e a presidente do 18T\u00e3o Telma Aniquites, foram recebidos e ciceroneados no Museu pelas representantes da Soamar, Valdina Borges e Tamara Vi\u00e9gas. Secretaria e diretora social da entidade. Durante a visita, uma s\u00e9rie de ensinamentos e conceitos marinheiros foram repassados aos jovens escoteiros que se mostraram encantados. Para a maioria, conhecendo pela primeira vez o interior de um museu do mar.<\/p>\n<p>Para a presidente do 18T\u00e3o, Telma Aniquites, visitas como essa solidificam na pr\u00e1tica, o que eles recebem em suas instru\u00e7\u00f5es te\u00f3ricas enquanto escoteiros. Ela aproveitou tamb\u00e9m para agradecer o Presidente da Soamar, S\u00edlvio Aguiar e os parceiros Vix Transportes e a Orizon Mar\u00edtima que garantiu o lanche da garotada. Confira a seguir, fotos da visita.<\/p>\n<p><img decoding=\"async\" class=\"alignnone wp-image-14696 size-full\" src=\"https:\/\/portosma.com.br\/wp-content\/uploads\/2024\/05\/MUSEU-1.jpg\" alt=\"\" width=\"900\" height=\"530\" srcset=\"https:\/\/portosma.com.br\/wp-content\/uploads\/2024\/05\/MUSEU-1.jpg 900w, https:\/\/portosma.com.br\/wp-content\/uploads\/2024\/05\/MUSEU-1-300x177.jpg 300w, https:\/\/portosma.com.br\/wp-content\/uploads\/2024\/05\/MUSEU-1-768x452.jpg 768w\" sizes=\"(max-width: 900px) 100vw, 900px\" \/><\/p>\n<p><img decoding=\"async\" class=\"alignnone wp-image-14697 size-full\" src=\"https:\/\/portosma.com.br\/wp-content\/uploads\/2024\/05\/MUSEU-2.jpg\" alt=\"\" width=\"900\" height=\"503\" srcset=\"https:\/\/portosma.com.br\/wp-content\/uploads\/2024\/05\/MUSEU-2.jpg 900w, https:\/\/portosma.com.br\/wp-content\/uploads\/2024\/05\/MUSEU-2-300x168.jpg 300w, https:\/\/portosma.com.br\/wp-content\/uploads\/2024\/05\/MUSEU-2-768x429.jpg 768w\" sizes=\"(max-width: 900px) 100vw, 900px\" \/> &nbsp;<img loading=\"lazy\" decoding=\"async\" class=\"alignnone wp-image-14699 size-full\" src=\"https:\/\/portosma.com.br\/wp-content\/uploads\/2024\/05\/MUSEU-4.jpg\" alt=\"\" width=\"900\" height=\"409\" srcset=\"https:\/\/portosma.com.br\/wp-content\/uploads\/2024\/05\/MUSEU-4.jpg 900w, https:\/\/portosma.com.br\/wp-content\/uploads\/2024\/05\/MUSEU-4-300x136.jpg 300w, https:\/\/portosma.com.br\/wp-content\/uploads\/2024\/05\/MUSEU-4-768x349.jpg 768w\" sizes=\"(max-width: 900px) 100vw, 900px\" \/><\/p>\n<p><img loading=\"lazy\" decoding=\"async\" class=\"alignnone wp-image-14700 size-full\" src=\"https:\/\/portosma.com.br\/wp-content\/uploads\/2024\/05\/MUSEU-5.jpg\" alt=\"\" width=\"900\" height=\"449\" srcset=\"https:\/\/portosma.com.br\/wp-content\/uploads\/2024\/05\/MUSEU-5.jpg 900w, https:\/\/portosma.com.br\/wp-content\/uploads\/2024\/05\/MUSEU-5-300x150.jpg 300w, https:\/\/portosma.com.br\/wp-content\/uploads\/2024\/05\/MUSEU-5-768x383.jpg 768w\" sizes=\"(max-width: 900px) 100vw, 900px\" \/><\/p>\n","protected":false},"excerpt":{"rendered":"<p>Ali receberam no\u00e7\u00f5es da import\u00e2ncia da Marinha, Capitania, Soamar, e dos terminais portu\u00e1rios de S\u00e3o Lu\u00eds, como os da Alumar, Vale e Itaqui.<\/p>\n","protected":false},"author":1,"featured_media":14695,"comment_status":"closed","ping_status":"open","sticky":false,"template":"","format":"standard","meta":{"_editorskit_title_hidden":false,"_editorskit_reading_time":0,"_editorskit_is_block_options_detached":false,"_editorskit_block_options_position":"{}","ngg_post_thumbnail":0,"footnotes":""},"categories":[1],"tags":[],"class_list":["post-14694","post","type-post","status-publish","format-standard","has-post-thumbnail","hentry","category-noticias"],"yoast_head":"<!-- This site is optimized with the Yoast SEO plugin v22.5 - https:\/\/yoast.com\/wordpress\/plugins\/seo\/ -->\n<title>Escoteiros do 18T\u00e3o visitam o Museu Mar\u00edtimo da Soamar - Portosma<\/title>\n<meta name=\"robots\" content=\"index, follow, max-snippet:-1, max-image-preview:large, max-video-preview:-1\" \/>\n<link rel=\"canonical\" href=\"https:\/\/portosma.com.br\/index.php\/2024\/05\/06\/escoteiros-do-18tao-visitam-o-museu-maritimo-da-soamar\/\" \/>\n<meta property=\"og:locale\" content=\"pt_BR\" \/>\n<meta property=\"og:type\" content=\"article\" \/>\n<meta property=\"og:title\" content=\"Escoteiros do 18T\u00e3o visitam o Museu Mar\u00edtimo da Soamar - Portosma\" \/>\n<meta property=\"og:description\" content=\"Ali receberam no\u00e7\u00f5es da import\u00e2ncia da Marinha, Capitania, Soamar, e dos terminais portu\u00e1rios de S\u00e3o Lu\u00eds, como os da Alumar, Vale e Itaqui.\" \/>\n<meta property=\"og:url\" content=\"https:\/\/portosma.com.br\/index.php\/2024\/05\/06\/escoteiros-do-18tao-visitam-o-museu-maritimo-da-soamar\/\" \/>\n<meta property=\"og:site_name\" content=\"Portosma\" \/>\n<meta property=\"article:published_time\" content=\"2024-05-06T18:03:58+00:00\" \/>\n<meta property=\"article:modified_time\" content=\"2024-05-07T11:21:35+00:00\" \/>\n<meta property=\"og:image\" content=\"https:\/\/portosma.com.br\/wp-content\/uploads\/2024\/05\/MUSEU-3.jpg\" \/>\n\t<meta property=\"og:image:width\" content=\"1200\" \/>\n\t<meta property=\"og:image:height\" content=\"501\" \/>\n\t<meta property=\"og:image:type\" content=\"image\/jpeg\" \/>\n<meta name=\"author\" content=\"admin\" \/>\n<meta name=\"twitter:card\" content=\"summary_large_image\" \/>\n<meta name=\"twitter:label1\" content=\"Escrito por\" \/>\n\t<meta name=\"twitter:data1\" content=\"admin\" \/>\n\t<meta name=\"twitter:label2\" content=\"Est. tempo de leitura\" \/>\n\t<meta name=\"twitter:data2\" content=\"3 minutos\" \/>\n<script type=\"application\/ld+json\" class=\"yoast-schema-graph\">{\"@context\":\"https:\/\/schema.org\",\"@graph\":[{\"@type\":\"Article\",\"@id\":\"https:\/\/portosma.com.br\/index.php\/2024\/05\/06\/escoteiros-do-18tao-visitam-o-museu-maritimo-da-soamar\/#article\",\"isPartOf\":{\"@id\":\"https:\/\/portosma.com.br\/index.php\/2024\/05\/06\/escoteiros-do-18tao-visitam-o-museu-maritimo-da-soamar\/\"},\"author\":{\"name\":\"admin\",\"@id\":\"https:\/\/portosma.com.br\/#\/schema\/person\/fb92dfe283ab47293259c87c813d8623\"},\"headline\":\"Escoteiros do 18T\u00e3o visitam o Museu Mar\u00edtimo da Soamar\",\"datePublished\":\"2024-05-06T18:03:58+00:00\",\"dateModified\":\"2024-05-07T11:21:35+00:00\",\"mainEntityOfPage\":{\"@id\":\"https:\/\/portosma.com.br\/index.php\/2024\/05\/06\/escoteiros-do-18tao-visitam-o-museu-maritimo-da-soamar\/\"},\"wordCount\":298,\"publisher\":{\"@id\":\"https:\/\/portosma.com.br\/#organization\"},\"image\":{\"@id\":\"https:\/\/portosma.com.br\/index.php\/2024\/05\/06\/escoteiros-do-18tao-visitam-o-museu-maritimo-da-soamar\/#primaryimage\"},\"thumbnailUrl\":\"https:\/\/portosma.com.br\/wp-content\/uploads\/2024\/05\/MUSEU-3.jpg\",\"articleSection\":[\"Not\u00edcias\"],\"inLanguage\":\"pt-BR\"},{\"@type\":\"WebPage\",\"@id\":\"https:\/\/portosma.com.br\/index.php\/2024\/05\/06\/escoteiros-do-18tao-visitam-o-museu-maritimo-da-soamar\/\",\"url\":\"https:\/\/portosma.com.br\/index.php\/2024\/05\/06\/escoteiros-do-18tao-visitam-o-museu-maritimo-da-soamar\/\",\"name\":\"Escoteiros do 18T\u00e3o visitam o Museu Mar\u00edtimo da Soamar - Portosma\",\"isPartOf\":{\"@id\":\"https:\/\/portosma.com.br\/#website\"},\"primaryImageOfPage\":{\"@id\":\"https:\/\/portosma.com.br\/index.php\/2024\/05\/06\/escoteiros-do-18tao-visitam-o-museu-maritimo-da-soamar\/#primaryimage\"},\"image\":{\"@id\":\"https:\/\/portosma.com.br\/index.php\/2024\/05\/06\/escoteiros-do-18tao-visitam-o-museu-maritimo-da-soamar\/#primaryimage\"},\"thumbnailUrl\":\"https:\/\/portosma.com.br\/wp-content\/uploads\/2024\/05\/MUSEU-3.jpg\",\"datePublished\":\"2024-05-06T18:03:58+00:00\",\"dateModified\":\"2024-05-07T11:21:35+00:00\",\"breadcrumb\":{\"@id\":\"https:\/\/portosma.com.br\/index.php\/2024\/05\/06\/escoteiros-do-18tao-visitam-o-museu-maritimo-da-soamar\/#breadcrumb\"},\"inLanguage\":\"pt-BR\",\"potentialAction\":[{\"@type\":\"ReadAction\",\"target\":[\"https:\/\/portosma.com.br\/index.php\/2024\/05\/06\/escoteiros-do-18tao-visitam-o-museu-maritimo-da-soamar\/\"]}]},{\"@type\":\"ImageObject\",\"inLanguage\":\"pt-BR\",\"@id\":\"https:\/\/portosma.com.br\/index.php\/2024\/05\/06\/escoteiros-do-18tao-visitam-o-museu-maritimo-da-soamar\/#primaryimage\",\"url\":\"https:\/\/portosma.com.br\/wp-content\/uploads\/2024\/05\/MUSEU-3.jpg\",\"contentUrl\":\"https:\/\/portosma.com.br\/wp-content\/uploads\/2024\/05\/MUSEU-3.jpg\",\"width\":1200,\"height\":501},{\"@type\":\"BreadcrumbList\",\"@id\":\"https:\/\/portosma.com.br\/index.php\/2024\/05\/06\/escoteiros-do-18tao-visitam-o-museu-maritimo-da-soamar\/#breadcrumb\",\"itemListElement\":[{\"@type\":\"ListItem\",\"position\":1,\"name\":\"In\u00edcio\",\"item\":\"https:\/\/portosma.com.br\/\"},{\"@type\":\"ListItem\",\"position\":2,\"name\":\"Escoteiros do 18T\u00e3o visitam o Museu Mar\u00edtimo da Soamar\"}]},{\"@type\":\"WebSite\",\"@id\":\"https:\/\/portosma.com.br\/#website\",\"url\":\"https:\/\/portosma.com.br\/\",\"name\":\"Portosma\",\"description\":\"Um site de not\u00edcias\",\"publisher\":{\"@id\":\"https:\/\/portosma.com.br\/#organization\"},\"potentialAction\":[{\"@type\":\"SearchAction\",\"target\":{\"@type\":\"EntryPoint\",\"urlTemplate\":\"https:\/\/portosma.com.br\/?s={search_term_string}\"},\"query-input\":\"required name=search_term_string\"}],\"inLanguage\":\"pt-BR\"},{\"@type\":\"Organization\",\"@id\":\"https:\/\/portosma.com.br\/#organization\",\"name\":\"Portosma\",\"alternateName\":\"Portosma\",\"url\":\"https:\/\/portosma.com.br\/\",\"logo\":{\"@type\":\"ImageObject\",\"inLanguage\":\"pt-BR\",\"@id\":\"https:\/\/portosma.com.br\/#\/schema\/logo\/image\/\",\"url\":\"https:\/\/portosma.com.br\/wp-content\/uploads\/2026\/03\/cropped-AD-PORTOSMA.jpg\",\"contentUrl\":\"https:\/\/portosma.com.br\/wp-content\/uploads\/2026\/03\/cropped-AD-PORTOSMA.jpg\",\"width\":400,\"height\":115,\"caption\":\"Portosma\"},\"image\":{\"@id\":\"https:\/\/portosma.com.br\/#\/schema\/logo\/image\/\"}},{\"@type\":\"Person\",\"@id\":\"https:\/\/portosma.com.br\/#\/schema\/person\/fb92dfe283ab47293259c87c813d8623\",\"name\":\"admin\",\"sameAs\":[\"https:\/\/portosma.com.br\"],\"url\":\"https:\/\/portosma.com.br\/index.php\/author\/portosma\/\"}]}<\/script>\n<!-- \/ Yoast SEO plugin. -->","yoast_head_json":{"title":"Escoteiros do 18T\u00e3o visitam o Museu Mar\u00edtimo da Soamar - Portosma","robots":{"index":"index","follow":"follow","max-snippet":"max-snippet:-1","max-image-preview":"max-image-preview:large","max-video-preview":"max-video-preview:-1"},"canonical":"https:\/\/portosma.com.br\/index.php\/2024\/05\/06\/escoteiros-do-18tao-visitam-o-museu-maritimo-da-soamar\/","og_locale":"pt_BR","og_type":"article","og_title":"Escoteiros do 18T\u00e3o visitam o Museu Mar\u00edtimo da Soamar - Portosma","og_description":"Ali receberam no\u00e7\u00f5es da import\u00e2ncia da Marinha, Capitania, Soamar, e dos terminais portu\u00e1rios de S\u00e3o Lu\u00eds, como os da Alumar, Vale e Itaqui.","og_url":"https:\/\/portosma.com.br\/index.php\/2024\/05\/06\/escoteiros-do-18tao-visitam-o-museu-maritimo-da-soamar\/","og_site_name":"Portosma","article_published_time":"2024-05-06T18:03:58+00:00","article_modified_time":"2024-05-07T11:21:35+00:00","og_image":[{"width":1200,"height":501,"url":"https:\/\/portosma.com.br\/wp-content\/uploads\/2024\/05\/MUSEU-3.jpg","type":"image\/jpeg"}],"author":"admin","twitter_card":"summary_large_image","twitter_misc":{"Escrito por":"admin","Est. tempo de leitura":"3 minutos"},"schema":{"@context":"https:\/\/schema.org","@graph":[{"@type":"Article","@id":"https:\/\/portosma.com.br\/index.php\/2024\/05\/06\/escoteiros-do-18tao-visitam-o-museu-maritimo-da-soamar\/#article","isPartOf":{"@id":"https:\/\/portosma.com.br\/index.php\/2024\/05\/06\/escoteiros-do-18tao-visitam-o-museu-maritimo-da-soamar\/"},"author":{"name":"admin","@id":"https:\/\/portosma.com.br\/#\/schema\/person\/fb92dfe283ab47293259c87c813d8623"},"headline":"Escoteiros do 18T\u00e3o visitam o Museu Mar\u00edtimo da Soamar","datePublished":"2024-05-06T18:03:58+00:00","dateModified":"2024-05-07T11:21:35+00:00","mainEntityOfPage":{"@id":"https:\/\/portosma.com.br\/index.php\/2024\/05\/06\/escoteiros-do-18tao-visitam-o-museu-maritimo-da-soamar\/"},"wordCount":298,"publisher":{"@id":"https:\/\/portosma.com.br\/#organization"},"image":{"@id":"https:\/\/portosma.com.br\/index.php\/2024\/05\/06\/escoteiros-do-18tao-visitam-o-museu-maritimo-da-soamar\/#primaryimage"},"thumbnailUrl":"https:\/\/portosma.com.br\/wp-content\/uploads\/2024\/05\/MUSEU-3.jpg","articleSection":["Not\u00edcias"],"inLanguage":"pt-BR"},{"@type":"WebPage","@id":"https:\/\/portosma.com.br\/index.php\/2024\/05\/06\/escoteiros-do-18tao-visitam-o-museu-maritimo-da-soamar\/","url":"https:\/\/portosma.com.br\/index.php\/2024\/05\/06\/escoteiros-do-18tao-visitam-o-museu-maritimo-da-soamar\/","name":"Escoteiros do 18T\u00e3o visitam o Museu Mar\u00edtimo da Soamar - Portosma","isPartOf":{"@id":"https:\/\/portosma.com.br\/#website"},"primaryImageOfPage":{"@id":"https:\/\/portosma.com.br\/index.php\/2024\/05\/06\/escoteiros-do-18tao-visitam-o-museu-maritimo-da-soamar\/#primaryimage"},"image":{"@id":"https:\/\/portosma.com.br\/index.php\/2024\/05\/06\/escoteiros-do-18tao-visitam-o-museu-maritimo-da-soamar\/#primaryimage"},"thumbnailUrl":"https:\/\/portosma.com.br\/wp-content\/uploads\/2024\/05\/MUSEU-3.jpg","datePublished":"2024-05-06T18:03:58+00:00","dateModified":"2024-05-07T11:21:35+00:00","breadcrumb":{"@id":"https:\/\/portosma.com.br\/index.php\/2024\/05\/06\/escoteiros-do-18tao-visitam-o-museu-maritimo-da-soamar\/#breadcrumb"},"inLanguage":"pt-BR","potentialAction":[{"@type":"ReadAction","target":["https:\/\/portosma.com.br\/index.php\/2024\/05\/06\/escoteiros-do-18tao-visitam-o-museu-maritimo-da-soamar\/"]}]},{"@type":"ImageObject","inLanguage":"pt-BR","@id":"https:\/\/portosma.com.br\/index.php\/2024\/05\/06\/escoteiros-do-18tao-visitam-o-museu-maritimo-da-soamar\/#primaryimage","url":"https:\/\/portosma.com.br\/wp-content\/uploads\/2024\/05\/MUSEU-3.jpg","contentUrl":"https:\/\/portosma.com.br\/wp-content\/uploads\/2024\/05\/MUSEU-3.jpg","width":1200,"height":501},{"@type":"BreadcrumbList","@id":"https:\/\/portosma.com.br\/index.php\/2024\/05\/06\/escoteiros-do-18tao-visitam-o-museu-maritimo-da-soamar\/#breadcrumb","itemListElement":[{"@type":"ListItem","position":1,"name":"In\u00edcio","item":"https:\/\/portosma.com.br\/"},{"@type":"ListItem","position":2,"name":"Escoteiros do 18T\u00e3o visitam o Museu Mar\u00edtimo da Soamar"}]},{"@type":"WebSite","@id":"https:\/\/portosma.com.br\/#website","url":"https:\/\/portosma.com.br\/","name":"Portosma","description":"Um site de not\u00edcias","publisher":{"@id":"https:\/\/portosma.com.br\/#organization"},"potentialAction":[{"@type":"SearchAction","target":{"@type":"EntryPoint","urlTemplate":"https:\/\/portosma.com.br\/?s={search_term_string}"},"query-input":"required name=search_term_string"}],"inLanguage":"pt-BR"},{"@type":"Organization","@id":"https:\/\/portosma.com.br\/#organization","name":"Portosma","alternateName":"Portosma","url":"https:\/\/portosma.com.br\/","logo":{"@type":"ImageObject","inLanguage":"pt-BR","@id":"https:\/\/portosma.com.br\/#\/schema\/logo\/image\/","url":"https:\/\/portosma.com.br\/wp-content\/uploads\/2026\/03\/cropped-AD-PORTOSMA.jpg","contentUrl":"https:\/\/portosma.com.br\/wp-content\/uploads\/2026\/03\/cropped-AD-PORTOSMA.jpg","width":400,"height":115,"caption":"Portosma"},"image":{"@id":"https:\/\/portosma.com.br\/#\/schema\/logo\/image\/"}},{"@type":"Person","@id":"https:\/\/portosma.com.br\/#\/schema\/person\/fb92dfe283ab47293259c87c813d8623","name":"admin","sameAs":["https:\/\/portosma.com.br"],"url":"https:\/\/portosma.com.br\/index.php\/author\/portosma\/"}]}},"_links":{"self":[{"href":"https:\/\/portosma.com.br\/index.php\/wp-json\/wp\/v2\/posts\/14694","targetHints":{"allow":["GET"]}}],"collection":[{"href":"https:\/\/portosma.com.br\/index.php\/wp-json\/wp\/v2\/posts"}],"about":[{"href":"https:\/\/portosma.com.br\/index.php\/wp-json\/wp\/v2\/types\/post"}],"author":[{"embeddable":true,"href":"https:\/\/portosma.com.br\/index.php\/wp-json\/wp\/v2\/users\/1"}],"replies":[{"embeddable":true,"href":"https:\/\/portosma.com.br\/index.php\/wp-json\/wp\/v2\/comments?post=14694"}],"version-history":[{"count":5,"href":"https:\/\/portosma.com.br\/index.php\/wp-json\/wp\/v2\/posts\/14694\/revisions"}],"predecessor-version":[{"id":14712,"href":"https:\/\/portosma.com.br\/index.php\/wp-json\/wp\/v2\/posts\/14694\/revisions\/14712"}],"wp:featuredmedia":[{"embeddable":true,"href":"https:\/\/portosma.com.br\/index.php\/wp-json\/wp\/v2\/media\/14695"}],"wp:attachment":[{"href":"https:\/\/portosma.com.br\/index.php\/wp-json\/wp\/v2\/media?parent=14694"}],"wp:term":[{"taxonomy":"category","embeddable":true,"href":"https:\/\/portosma.com.br\/index.php\/wp-json\/wp\/v2\/categories?post=14694"},{"taxonomy":"post_tag","embeddable":true,"href":"https:\/\/portosma.com.br\/index.php\/wp-json\/wp\/v2\/tags?post=14694"}],"curies":[{"name":"wp","href":"https:\/\/api.w.org\/{rel}","templated":true}]}}