{"id":14048,"date":"2024-04-11T21:50:36","date_gmt":"2024-04-11T21:50:36","guid":{"rendered":"https:\/\/portosma.com.br\/?p=14048"},"modified":"2024-04-11T21:52:39","modified_gmt":"2024-04-11T21:52:39","slug":"alumar-forma-a-primeira-turma-de-pilotagem-de-drones","status":"publish","type":"post","link":"https:\/\/portosma.com.br\/index.php\/2024\/04\/11\/alumar-forma-a-primeira-turma-de-pilotagem-de-drones\/","title":{"rendered":"Cons\u00f3rcio Alumar forma a primeira turma de pilotagem de drones"},"content":{"rendered":"<h4><span style=\"color: #808080;\">O programa, voltado exclusivamente \u00e0 comunidade trans, faz parte do projeto Jornada de Valor e foi ministrado em S\u00e3o Lu\u00eds, capital do estado do Maranh\u00e3o.<\/span><\/h4>\n<p>\u201cEm um pa\u00eds que mais mata pessoas trans e travestis, ver uma grande empresa, como a Alumar, oferecer para a comunidade trans da nossa cidade uma oportunidade de ser reconhecida, com uma profiss\u00e3o que nos d\u00ea dignidade, n\u00e3o tem pre\u00e7o\u201d, expressou Marcya Morais, uma das participantes do curso e coordenadoras do F\u00f3rum de ONGs LGBTI+ do Maranh\u00e3o, ao comentar sobre o projeto Jornadas de Valor, programa de qualifica\u00e7\u00e3o profissional para pessoas trans e travestis, realizado na \u00faltima semana, em S\u00e3o Lu\u00eds.<\/p>\n<p>Com o suporte da TODXS, consultoria especializada na comunidade LGBTI+, 14 participantes conclu\u00edram o curso de pilotagem de drone, apontada como uma das profiss\u00f5es mais valorizadas neste ano, de acordo com levantamento realizado pela plataforma Linkedin. A iniciativa aconteceu entre os dias 1 e 5 de abril, na escola do Senai, no Distrito Industrial.<\/p>\n<p>O programa focou no desenvolvimento de habilidades t\u00e9cnicas e comportamentais das pessoas participantes e teve a finalidade de promover reconhecimento e igualdade de oportunidades para grupos minorizados no mercado de trabalho. Ao criar este curso, o Cons\u00f3rcio de Alum\u00ednio do Maranh\u00e3o propicia que alunos e alunas possam aprofundar conhecimentos espec\u00edficos na \u00e1rea e se preparar para ingressar ou se recolocar no mercado de trabalho, em ind\u00fastrias ou outros setores da economia. \u201cQuando comecei, eu confesso que fiquei surpreso com a quantidade de informa\u00e7\u00f5es e cuidados para levantar um drone. Mas o legal \u00e9 que todos os participantes se ajudaram, construindo um ambiente muito bacana e, ao final, formamos um grande time de pessoas engajadas e parceiras para a vida\u201d, disse Leon Sawyer da Costa, um dos participantes do curso. \u201cAgora, eu quero trabalhar nessa \u00e1rea. Podem me contratar\u201d, brincou com a plateia durante a cerim\u00f4nia de encerramento.<\/p>\n<p>O Gerente de Rela\u00e7\u00f5es Institucionais, Comunica\u00e7\u00e3o e Sustentabilidade, Daniel Florenzano, destacou o pioneirismo do curso e a participa\u00e7\u00e3o dos formandos, lembrando que todos e todas est\u00e3o vencendo pela educa\u00e7\u00e3o. &#8220;Sabemos dos desafios, mas \u00e9 muito importante celebrar o avan\u00e7o de cada etapa alcan\u00e7ada para assegurar um ambiente justo e igualit\u00e1rio, em condi\u00e7\u00f5es de liberdade, equidade, seguran\u00e7a e dignidade. Outro ponto \u00e9 que o curso \u00e9 pioneiro no Brasil, isto nos enche de orgulho\u201d, afirmou.<\/p>\n<figure id=\"attachment_14050\" aria-describedby=\"caption-attachment-14050\" style=\"width: 900px\" class=\"wp-caption alignnone\"><img fetchpriority=\"high\" decoding=\"async\" class=\"wp-image-14050 size-full\" src=\"https:\/\/portosma.com.br\/wp-content\/uploads\/2024\/04\/DRONE-2.jpg\" alt=\"\" width=\"900\" height=\"521\" srcset=\"https:\/\/portosma.com.br\/wp-content\/uploads\/2024\/04\/DRONE-2.jpg 900w, https:\/\/portosma.com.br\/wp-content\/uploads\/2024\/04\/DRONE-2-300x174.jpg 300w, https:\/\/portosma.com.br\/wp-content\/uploads\/2024\/04\/DRONE-2-768x445.jpg 768w\" sizes=\"(max-width: 900px) 100vw, 900px\" \/><figcaption id=\"caption-attachment-14050\" class=\"wp-caption-text\"><span style=\"color: #800000;\"><em>Os participantes exibem com orgulho o certificado de conclus\u00e3o do curso.<\/em><\/span><\/figcaption><\/figure>\n<p>Antes de iniciar o programa, instrutores e estudantes passaram por momentos de letramento e sensibiliza\u00e7\u00e3o. \u201cNos sentimos muito felizes em oportunizar a inser\u00e7\u00e3o produtiva do p\u00fablico por meio da educa\u00e7\u00e3o profissional e trazer uma forma\u00e7\u00e3o de excel\u00eancia com possibilidades de oportunidades iguais para todas as pessoas. A educa\u00e7\u00e3o profissional pode transformar a vida dessas pessoas, tornando-as protagonistas das suas hist\u00f3rias\u201d, concluiu a diretora de RH da Alumar, Sandra Faria.<br \/>\n<strong><br \/>\nSobre a Alumar<\/strong> &#8211; O Cons\u00f3rcio de Alum\u00ednio do Maranh\u00e3o &#8211; Alumar \u00e9 um dos maiores complexos industriais de produ\u00e7\u00e3o de alumina e alum\u00ednio do mundo. Inaugurado em julho de 1984, \u00e9 formado pelas empresas Alcoa, Rio Tinto e South32 e desempenha um papel importante no Maranh\u00e3o. Cerca de 90% de seus colaboradores s\u00e3o maranhenses, al\u00e9m de contar com centenas de fornecedores locais. O sistema de gest\u00e3o da Alumar \u00e9 integrado e engloba gest\u00f5es de qualidade, sa\u00fade, seguran\u00e7a e meio ambiente estabelecido com base nas normas NBR ISO 9001, NBR ISO 14001 e NBR ISO 45001. Em 2019, obteve a certifica\u00e7\u00e3o ASI (Aluminium Stewardship Initiative), o mais importante Selo de Sustentabilidade na cadeia de valor do alum\u00ednio.<\/p>\n<p>&nbsp;<\/p>\n<p><em><strong>Fonte:<\/strong><\/em><br \/>\n<em><strong>AMG Comunica<\/strong><\/em><\/p>\n","protected":false},"excerpt":{"rendered":"<p>O programa, voltado exclusivamente \u00e0 comunidade trans, faz parte do projeto Jornada de Valor e foi ministrado em S\u00e3o Lu\u00eds, capital do Maranh\u00e3o.<\/p>\n","protected":false},"author":1,"featured_media":14049,"comment_status":"closed","ping_status":"open","sticky":false,"template":"","format":"standard","meta":{"_editorskit_title_hidden":false,"_editorskit_reading_time":0,"_editorskit_is_block_options_detached":false,"_editorskit_block_options_position":"{}","ngg_post_thumbnail":0,"footnotes":""},"categories":[1],"tags":[],"class_list":["post-14048","post","type-post","status-publish","format-standard","has-post-thumbnail","hentry","category-noticias"],"yoast_head":"<!-- This site is optimized with the Yoast SEO plugin v22.5 - https:\/\/yoast.com\/wordpress\/plugins\/seo\/ -->\n<title>Cons\u00f3rcio Alumar forma a primeira turma de pilotagem de drones - Portosma<\/title>\n<meta name=\"robots\" content=\"index, follow, max-snippet:-1, max-image-preview:large, max-video-preview:-1\" \/>\n<link rel=\"canonical\" href=\"https:\/\/portosma.com.br\/index.php\/2024\/04\/11\/alumar-forma-a-primeira-turma-de-pilotagem-de-drones\/\" \/>\n<meta property=\"og:locale\" content=\"pt_BR\" \/>\n<meta property=\"og:type\" content=\"article\" \/>\n<meta property=\"og:title\" content=\"Cons\u00f3rcio Alumar forma a primeira turma de pilotagem de drones - Portosma\" \/>\n<meta property=\"og:description\" content=\"O programa, voltado exclusivamente \u00e0 comunidade trans, faz parte do projeto Jornada de Valor e foi ministrado em S\u00e3o Lu\u00eds, capital do Maranh\u00e3o.\" \/>\n<meta property=\"og:url\" content=\"https:\/\/portosma.com.br\/index.php\/2024\/04\/11\/alumar-forma-a-primeira-turma-de-pilotagem-de-drones\/\" \/>\n<meta property=\"og:site_name\" content=\"Portosma\" \/>\n<meta property=\"article:published_time\" content=\"2024-04-11T21:50:36+00:00\" \/>\n<meta property=\"article:modified_time\" content=\"2024-04-11T21:52:39+00:00\" \/>\n<meta property=\"og:image\" content=\"https:\/\/portosma.com.br\/wp-content\/uploads\/2024\/04\/DRONE-1.jpg\" \/>\n\t<meta property=\"og:image:width\" content=\"1200\" \/>\n\t<meta property=\"og:image:height\" content=\"502\" \/>\n\t<meta property=\"og:image:type\" content=\"image\/jpeg\" \/>\n<meta name=\"author\" content=\"admin\" \/>\n<meta name=\"twitter:card\" content=\"summary_large_image\" \/>\n<meta name=\"twitter:label1\" content=\"Escrito por\" \/>\n\t<meta name=\"twitter:data1\" content=\"admin\" \/>\n\t<meta name=\"twitter:label2\" content=\"Est. tempo de leitura\" \/>\n\t<meta name=\"twitter:data2\" content=\"4 minutos\" \/>\n<script type=\"application\/ld+json\" class=\"yoast-schema-graph\">{\"@context\":\"https:\/\/schema.org\",\"@graph\":[{\"@type\":\"Article\",\"@id\":\"https:\/\/portosma.com.br\/index.php\/2024\/04\/11\/alumar-forma-a-primeira-turma-de-pilotagem-de-drones\/#article\",\"isPartOf\":{\"@id\":\"https:\/\/portosma.com.br\/index.php\/2024\/04\/11\/alumar-forma-a-primeira-turma-de-pilotagem-de-drones\/\"},\"author\":{\"name\":\"admin\",\"@id\":\"https:\/\/portosma.com.br\/#\/schema\/person\/fb92dfe283ab47293259c87c813d8623\"},\"headline\":\"Cons\u00f3rcio Alumar forma a primeira turma de pilotagem de drones\",\"datePublished\":\"2024-04-11T21:50:36+00:00\",\"dateModified\":\"2024-04-11T21:52:39+00:00\",\"mainEntityOfPage\":{\"@id\":\"https:\/\/portosma.com.br\/index.php\/2024\/04\/11\/alumar-forma-a-primeira-turma-de-pilotagem-de-drones\/\"},\"wordCount\":638,\"publisher\":{\"@id\":\"https:\/\/portosma.com.br\/#organization\"},\"image\":{\"@id\":\"https:\/\/portosma.com.br\/index.php\/2024\/04\/11\/alumar-forma-a-primeira-turma-de-pilotagem-de-drones\/#primaryimage\"},\"thumbnailUrl\":\"https:\/\/portosma.com.br\/wp-content\/uploads\/2024\/04\/DRONE-1.jpg\",\"articleSection\":[\"Not\u00edcias\"],\"inLanguage\":\"pt-BR\"},{\"@type\":\"WebPage\",\"@id\":\"https:\/\/portosma.com.br\/index.php\/2024\/04\/11\/alumar-forma-a-primeira-turma-de-pilotagem-de-drones\/\",\"url\":\"https:\/\/portosma.com.br\/index.php\/2024\/04\/11\/alumar-forma-a-primeira-turma-de-pilotagem-de-drones\/\",\"name\":\"Cons\u00f3rcio Alumar forma a primeira turma de pilotagem de drones - Portosma\",\"isPartOf\":{\"@id\":\"https:\/\/portosma.com.br\/#website\"},\"primaryImageOfPage\":{\"@id\":\"https:\/\/portosma.com.br\/index.php\/2024\/04\/11\/alumar-forma-a-primeira-turma-de-pilotagem-de-drones\/#primaryimage\"},\"image\":{\"@id\":\"https:\/\/portosma.com.br\/index.php\/2024\/04\/11\/alumar-forma-a-primeira-turma-de-pilotagem-de-drones\/#primaryimage\"},\"thumbnailUrl\":\"https:\/\/portosma.com.br\/wp-content\/uploads\/2024\/04\/DRONE-1.jpg\",\"datePublished\":\"2024-04-11T21:50:36+00:00\",\"dateModified\":\"2024-04-11T21:52:39+00:00\",\"breadcrumb\":{\"@id\":\"https:\/\/portosma.com.br\/index.php\/2024\/04\/11\/alumar-forma-a-primeira-turma-de-pilotagem-de-drones\/#breadcrumb\"},\"inLanguage\":\"pt-BR\",\"potentialAction\":[{\"@type\":\"ReadAction\",\"target\":[\"https:\/\/portosma.com.br\/index.php\/2024\/04\/11\/alumar-forma-a-primeira-turma-de-pilotagem-de-drones\/\"]}]},{\"@type\":\"ImageObject\",\"inLanguage\":\"pt-BR\",\"@id\":\"https:\/\/portosma.com.br\/index.php\/2024\/04\/11\/alumar-forma-a-primeira-turma-de-pilotagem-de-drones\/#primaryimage\",\"url\":\"https:\/\/portosma.com.br\/wp-content\/uploads\/2024\/04\/DRONE-1.jpg\",\"contentUrl\":\"https:\/\/portosma.com.br\/wp-content\/uploads\/2024\/04\/DRONE-1.jpg\",\"width\":1200,\"height\":502},{\"@type\":\"BreadcrumbList\",\"@id\":\"https:\/\/portosma.com.br\/index.php\/2024\/04\/11\/alumar-forma-a-primeira-turma-de-pilotagem-de-drones\/#breadcrumb\",\"itemListElement\":[{\"@type\":\"ListItem\",\"position\":1,\"name\":\"In\u00edcio\",\"item\":\"https:\/\/portosma.com.br\/\"},{\"@type\":\"ListItem\",\"position\":2,\"name\":\"Cons\u00f3rcio Alumar forma a primeira turma de pilotagem de drones\"}]},{\"@type\":\"WebSite\",\"@id\":\"https:\/\/portosma.com.br\/#website\",\"url\":\"https:\/\/portosma.com.br\/\",\"name\":\"Portosma\",\"description\":\"Um site de not\u00edcias\",\"publisher\":{\"@id\":\"https:\/\/portosma.com.br\/#organization\"},\"potentialAction\":[{\"@type\":\"SearchAction\",\"target\":{\"@type\":\"EntryPoint\",\"urlTemplate\":\"https:\/\/portosma.com.br\/?s={search_term_string}\"},\"query-input\":\"required name=search_term_string\"}],\"inLanguage\":\"pt-BR\"},{\"@type\":\"Organization\",\"@id\":\"https:\/\/portosma.com.br\/#organization\",\"name\":\"Portosma\",\"alternateName\":\"Portosma\",\"url\":\"https:\/\/portosma.com.br\/\",\"logo\":{\"@type\":\"ImageObject\",\"inLanguage\":\"pt-BR\",\"@id\":\"https:\/\/portosma.com.br\/#\/schema\/logo\/image\/\",\"url\":\"https:\/\/portosma.com.br\/wp-content\/uploads\/2026\/03\/cropped-AD-PORTOSMA.jpg\",\"contentUrl\":\"https:\/\/portosma.com.br\/wp-content\/uploads\/2026\/03\/cropped-AD-PORTOSMA.jpg\",\"width\":400,\"height\":115,\"caption\":\"Portosma\"},\"image\":{\"@id\":\"https:\/\/portosma.com.br\/#\/schema\/logo\/image\/\"}},{\"@type\":\"Person\",\"@id\":\"https:\/\/portosma.com.br\/#\/schema\/person\/fb92dfe283ab47293259c87c813d8623\",\"name\":\"admin\",\"sameAs\":[\"https:\/\/portosma.com.br\"],\"url\":\"https:\/\/portosma.com.br\/index.php\/author\/portosma\/\"}]}<\/script>\n<!-- \/ Yoast SEO plugin. -->","yoast_head_json":{"title":"Cons\u00f3rcio Alumar forma a primeira turma de pilotagem de drones - Portosma","robots":{"index":"index","follow":"follow","max-snippet":"max-snippet:-1","max-image-preview":"max-image-preview:large","max-video-preview":"max-video-preview:-1"},"canonical":"https:\/\/portosma.com.br\/index.php\/2024\/04\/11\/alumar-forma-a-primeira-turma-de-pilotagem-de-drones\/","og_locale":"pt_BR","og_type":"article","og_title":"Cons\u00f3rcio Alumar forma a primeira turma de pilotagem de drones - Portosma","og_description":"O programa, voltado exclusivamente \u00e0 comunidade trans, faz parte do projeto Jornada de Valor e foi ministrado em S\u00e3o Lu\u00eds, capital do Maranh\u00e3o.","og_url":"https:\/\/portosma.com.br\/index.php\/2024\/04\/11\/alumar-forma-a-primeira-turma-de-pilotagem-de-drones\/","og_site_name":"Portosma","article_published_time":"2024-04-11T21:50:36+00:00","article_modified_time":"2024-04-11T21:52:39+00:00","og_image":[{"width":1200,"height":502,"url":"https:\/\/portosma.com.br\/wp-content\/uploads\/2024\/04\/DRONE-1.jpg","type":"image\/jpeg"}],"author":"admin","twitter_card":"summary_large_image","twitter_misc":{"Escrito por":"admin","Est. tempo de leitura":"4 minutos"},"schema":{"@context":"https:\/\/schema.org","@graph":[{"@type":"Article","@id":"https:\/\/portosma.com.br\/index.php\/2024\/04\/11\/alumar-forma-a-primeira-turma-de-pilotagem-de-drones\/#article","isPartOf":{"@id":"https:\/\/portosma.com.br\/index.php\/2024\/04\/11\/alumar-forma-a-primeira-turma-de-pilotagem-de-drones\/"},"author":{"name":"admin","@id":"https:\/\/portosma.com.br\/#\/schema\/person\/fb92dfe283ab47293259c87c813d8623"},"headline":"Cons\u00f3rcio Alumar forma a primeira turma de pilotagem de drones","datePublished":"2024-04-11T21:50:36+00:00","dateModified":"2024-04-11T21:52:39+00:00","mainEntityOfPage":{"@id":"https:\/\/portosma.com.br\/index.php\/2024\/04\/11\/alumar-forma-a-primeira-turma-de-pilotagem-de-drones\/"},"wordCount":638,"publisher":{"@id":"https:\/\/portosma.com.br\/#organization"},"image":{"@id":"https:\/\/portosma.com.br\/index.php\/2024\/04\/11\/alumar-forma-a-primeira-turma-de-pilotagem-de-drones\/#primaryimage"},"thumbnailUrl":"https:\/\/portosma.com.br\/wp-content\/uploads\/2024\/04\/DRONE-1.jpg","articleSection":["Not\u00edcias"],"inLanguage":"pt-BR"},{"@type":"WebPage","@id":"https:\/\/portosma.com.br\/index.php\/2024\/04\/11\/alumar-forma-a-primeira-turma-de-pilotagem-de-drones\/","url":"https:\/\/portosma.com.br\/index.php\/2024\/04\/11\/alumar-forma-a-primeira-turma-de-pilotagem-de-drones\/","name":"Cons\u00f3rcio Alumar forma a primeira turma de pilotagem de drones - Portosma","isPartOf":{"@id":"https:\/\/portosma.com.br\/#website"},"primaryImageOfPage":{"@id":"https:\/\/portosma.com.br\/index.php\/2024\/04\/11\/alumar-forma-a-primeira-turma-de-pilotagem-de-drones\/#primaryimage"},"image":{"@id":"https:\/\/portosma.com.br\/index.php\/2024\/04\/11\/alumar-forma-a-primeira-turma-de-pilotagem-de-drones\/#primaryimage"},"thumbnailUrl":"https:\/\/portosma.com.br\/wp-content\/uploads\/2024\/04\/DRONE-1.jpg","datePublished":"2024-04-11T21:50:36+00:00","dateModified":"2024-04-11T21:52:39+00:00","breadcrumb":{"@id":"https:\/\/portosma.com.br\/index.php\/2024\/04\/11\/alumar-forma-a-primeira-turma-de-pilotagem-de-drones\/#breadcrumb"},"inLanguage":"pt-BR","potentialAction":[{"@type":"ReadAction","target":["https:\/\/portosma.com.br\/index.php\/2024\/04\/11\/alumar-forma-a-primeira-turma-de-pilotagem-de-drones\/"]}]},{"@type":"ImageObject","inLanguage":"pt-BR","@id":"https:\/\/portosma.com.br\/index.php\/2024\/04\/11\/alumar-forma-a-primeira-turma-de-pilotagem-de-drones\/#primaryimage","url":"https:\/\/portosma.com.br\/wp-content\/uploads\/2024\/04\/DRONE-1.jpg","contentUrl":"https:\/\/portosma.com.br\/wp-content\/uploads\/2024\/04\/DRONE-1.jpg","width":1200,"height":502},{"@type":"BreadcrumbList","@id":"https:\/\/portosma.com.br\/index.php\/2024\/04\/11\/alumar-forma-a-primeira-turma-de-pilotagem-de-drones\/#breadcrumb","itemListElement":[{"@type":"ListItem","position":1,"name":"In\u00edcio","item":"https:\/\/portosma.com.br\/"},{"@type":"ListItem","position":2,"name":"Cons\u00f3rcio Alumar forma a primeira turma de pilotagem de drones"}]},{"@type":"WebSite","@id":"https:\/\/portosma.com.br\/#website","url":"https:\/\/portosma.com.br\/","name":"Portosma","description":"Um site de not\u00edcias","publisher":{"@id":"https:\/\/portosma.com.br\/#organization"},"potentialAction":[{"@type":"SearchAction","target":{"@type":"EntryPoint","urlTemplate":"https:\/\/portosma.com.br\/?s={search_term_string}"},"query-input":"required name=search_term_string"}],"inLanguage":"pt-BR"},{"@type":"Organization","@id":"https:\/\/portosma.com.br\/#organization","name":"Portosma","alternateName":"Portosma","url":"https:\/\/portosma.com.br\/","logo":{"@type":"ImageObject","inLanguage":"pt-BR","@id":"https:\/\/portosma.com.br\/#\/schema\/logo\/image\/","url":"https:\/\/portosma.com.br\/wp-content\/uploads\/2026\/03\/cropped-AD-PORTOSMA.jpg","contentUrl":"https:\/\/portosma.com.br\/wp-content\/uploads\/2026\/03\/cropped-AD-PORTOSMA.jpg","width":400,"height":115,"caption":"Portosma"},"image":{"@id":"https:\/\/portosma.com.br\/#\/schema\/logo\/image\/"}},{"@type":"Person","@id":"https:\/\/portosma.com.br\/#\/schema\/person\/fb92dfe283ab47293259c87c813d8623","name":"admin","sameAs":["https:\/\/portosma.com.br"],"url":"https:\/\/portosma.com.br\/index.php\/author\/portosma\/"}]}},"_links":{"self":[{"href":"https:\/\/portosma.com.br\/index.php\/wp-json\/wp\/v2\/posts\/14048","targetHints":{"allow":["GET"]}}],"collection":[{"href":"https:\/\/portosma.com.br\/index.php\/wp-json\/wp\/v2\/posts"}],"about":[{"href":"https:\/\/portosma.com.br\/index.php\/wp-json\/wp\/v2\/types\/post"}],"author":[{"embeddable":true,"href":"https:\/\/portosma.com.br\/index.php\/wp-json\/wp\/v2\/users\/1"}],"replies":[{"embeddable":true,"href":"https:\/\/portosma.com.br\/index.php\/wp-json\/wp\/v2\/comments?post=14048"}],"version-history":[{"count":4,"href":"https:\/\/portosma.com.br\/index.php\/wp-json\/wp\/v2\/posts\/14048\/revisions"}],"predecessor-version":[{"id":14054,"href":"https:\/\/portosma.com.br\/index.php\/wp-json\/wp\/v2\/posts\/14048\/revisions\/14054"}],"wp:featuredmedia":[{"embeddable":true,"href":"https:\/\/portosma.com.br\/index.php\/wp-json\/wp\/v2\/media\/14049"}],"wp:attachment":[{"href":"https:\/\/portosma.com.br\/index.php\/wp-json\/wp\/v2\/media?parent=14048"}],"wp:term":[{"taxonomy":"category","embeddable":true,"href":"https:\/\/portosma.com.br\/index.php\/wp-json\/wp\/v2\/categories?post=14048"},{"taxonomy":"post_tag","embeddable":true,"href":"https:\/\/portosma.com.br\/index.php\/wp-json\/wp\/v2\/tags?post=14048"}],"curies":[{"name":"wp","href":"https:\/\/api.w.org\/{rel}","templated":true}]}}