{"id":14015,"date":"2024-04-11T15:14:32","date_gmt":"2024-04-11T15:14:32","guid":{"rendered":"https:\/\/portosma.com.br\/?p=14015"},"modified":"2024-04-11T22:31:52","modified_gmt":"2024-04-11T22:31:52","slug":"14015","status":"publish","type":"post","link":"https:\/\/portosma.com.br\/index.php\/2024\/04\/11\/14015\/","title":{"rendered":"Quarto Distrito Naval da Marinha tem um novo comandante"},"content":{"rendered":"<p>Sob o comando do Almirante de Esquadra Wladmilson Borges de Aguiar, Comandante de Opera\u00e7\u00f5es Navais da Marinha do Brasil, o Vice-Almirante S\u00e9rgio Renato Berna Salgueirinho assumiu o cargo de novo Comandante do IV Distrito Naval, em substitui\u00e7\u00e3o ao Vice-Almirante Ant\u00f4nio Capistrano de Freitas Filho A solenidade aconteceu no \u00faltimo 10 de abril, na sede do IV DN, na cidade de Bel\u00e9m, capital do Estado do Par\u00e1. Entre os convidados, da sociedade civil e militar, o Maranh\u00e3o esteve representado pelo Presidente da Soamar Brasil, Orson Feres de Moraes R\u00eago (acompanhado pelo vice-presidente da entidade, Jorge Eduardo Pessoa de Arag\u00e3o, da Soamar de Pernambuco), o presidente da Soamar do Maranh\u00e3o, S\u00edlvio L\u00facio de Oliveira Aguiar e o ex-capit\u00e3o dos portos do Maranh\u00e3o, Marcos Tadashi e o atual comandante da Capitania do Maranh\u00e3o, o capit\u00e3o de Mar e Guerra Alessandro Domingos Gurski. Al\u00e9m das autoridades de Marinha, presentes tamb\u00e9m diversos representantes do setor portu\u00e1rio, como, por exemplo, o senhor Walter Pinheiro, Diretor Executivo do Porto Norte da Vale.<\/p>\n<h4><span style=\"color: #333399;\">TRANSMISS\u00c3O DO CARGO DE COMANDANTE DO 4\u00b0 DISTRITO NAVAL<\/span><\/h4>\n<p>AGRADECIMENTOS E BOAS VINDAS<\/p>\n<p><img decoding=\"async\" class=\"alignleft wp-image-14017\" src=\"https:\/\/portosma.com.br\/wp-content\/uploads\/2024\/04\/4DN-04.jpg\" alt=\"\" width=\"250\" height=\"183\" srcset=\"https:\/\/portosma.com.br\/wp-content\/uploads\/2024\/04\/4DN-04.jpg 400w, https:\/\/portosma.com.br\/wp-content\/uploads\/2024\/04\/4DN-04-300x220.jpg 300w\" sizes=\"(max-width: 250px) 100vw, 250px\" \/>\u201cAp\u00f3s uma navega\u00e7\u00e3o de, aproximadamente, um ano e tr\u00eas meses, ressoa o apito marinheiro que marca a despedida do Vice-Almirante ANT\u00d4NIO CAPISTRANO DE FREITAS FILHO do exerc\u00edcio do nobre cargo de Comandante do 4\u00b0 Distrito Naval. Oficial de elevadas qualidades profissionais e pessoais, o Vice-Almirante CAPISTRANO desempenhou o cargo com ex\u00edmia compet\u00eancia nos mais variados assuntos correlatos a esse importante Comando Naval de \u00c1rea.<\/p>\n<p>Alicer\u00e7ado em um am\u00e1lgama constitu\u00eddo pela experi\u00eancia e por conhecimentos amealhados em 42 anos de carreira naval, timoneou o \u201cGuardi\u00e3o do Portal da Amaz\u00f4nia\u201d e suas Organiza\u00e7\u00f5es Militares (OM) subordinadas com a habilidade t\u00edpica de um \u201cMarinheiro\u201d experimentado por mares revoltos, de modo a proporcionar assessoria precisa e oportuna ao Comandante de Opera\u00e7\u00f5es Navais.<\/p>\n<p>Nesse sentido, destaco algumas das principais realiza\u00e7\u00f5es do Com4\u00b0DN durante o Comando do Almirante Capistrano: &#8211; coordenou a 36\u00aa edi\u00e7\u00e3o do C\u00edrio Fluvial de Nossa Senhora de Nazar\u00e9, com emprego de vinte embarca\u00e7\u00f5es e a participa\u00e7\u00e3o da fam\u00edlia naval, bem como de autoridades civis e militares.<\/p>\n<p>&#8211; empregou seus Navios e embarca\u00e7\u00f5es em a\u00e7\u00f5es de Patrulha Naval e Patrulhamento, as quais resultaram na abordagem de cerca de mil embarca\u00e7\u00f5es e, por conseguinte, na apreens\u00e3o de cerca de 20 milh\u00f5es de reais em multas e mercadorias ilegais;<\/p>\n<p>&#8211; ampliou o quantitativo de A\u00e7\u00f5es C\u00edvico Sociais (ACiSo), de modo realizar mais de 7.000 atendimentos m\u00e9dicos e odontol\u00f3gicos, assim como distribuiu cerca de 66.000 medicamentos. Nessa esteira, estabeleceu um acordo com o Minist\u00e9rio da Sa\u00fade, por meio do qual 10 milh\u00f5es de reais ser\u00e3o revertidos para a MB no tri\u00eanio de 2024 a 2026;<\/p>\n<p>&#8211; efetuou o transporte de 32.695 metros c\u00fabicos de oxig\u00eanio para atender \u00e0 emerg\u00eancia em sa\u00fade p\u00fablica no Estado do Amap\u00e1, log\u00edstica que, pelo emprego do Navio de Apoio Oce\u00e2nico \u201cIguatemi\u201d, carreou um vaporizador atmosf\u00e9rico, um misturador de ar medicinal e demais equipamentos hospitalares \u00e0quela Unidade da Federa\u00e7\u00e3o;<\/p>\n<p>&#8211; superou em mais de 80% o \u00cdndice de Efic\u00e1cia dos Aux\u00edlios \u00e0 Navega\u00e7\u00e3o sob responsabilidade do 4\u00ba Distrito Naval; &#8211; desenvolveu estudos direcionados ao aumento gradual do calado m\u00e1ximo de navega\u00e7\u00e3o no Canal do Quiriri, com apoio do Centro de Hidrografia e Navega\u00e7\u00e3o do Norte e da Capitania dos Portos da Amaz\u00f4nia Oriental;<\/p>\n<p>&#8211; concluiu a forma\u00e7\u00e3o de mais de 2.300 alunos, por meio de 70 cursos do Ensino Profissional Mar\u00edtimo, nas capitanias subordinadas e no Centro de Instru\u00e7\u00e3o Almirante Br\u00e1s de Aguiar (CIABA), dentre os quais 47 alunos da Escola de Forma\u00e7\u00e3o de Oficiais da Marinha Mercante;<\/p>\n<p>&#8211; promoveu sens\u00edveis melhorias na qualidade de servi\u00e7os m\u00e9dicos e hospitalares para a fam\u00edlia naval, por meio da aquisi\u00e7\u00e3o de modernos equipamentos de \u00e1rea da sa\u00fade, tais como uma ambul\u00e2ncia UTI, uma mesa r\u00e1dio transparente para utiliza\u00e7\u00e3o no centro cir\u00fargico, dentre outros equipamentos; &#8211; delimitou o novo ordenamento da Poligonal do Porto de Santar\u00e9m, com vistas a incrementar a seguran\u00e7a da navega\u00e7\u00e3o na regi\u00e3o; e<\/p>\n<p>&#8211; no Plano de Concentra\u00e7\u00e3o Log\u00edstica (PCL), conduziu a efetiva\u00e7\u00e3o do Centro de Intend\u00eancia da Marinha em Bel\u00e9m como o primeiro centro de intend\u00eancia a assumir a responsabilidade do rancho, em apoio \u00e0s OM de um Complexo Naval. Faz-se mister mencionar adicionais consecu\u00e7\u00f5es, tais como:<\/p>\n<p>&#8211; retomada da constru\u00e7\u00e3o do Navio de Assist\u00eancia Hospitalar \u201cAnna Nery\u201d; a realiza\u00e7\u00e3o do exerc\u00edcio de minagem defensiva da foz do Rio Amazonas<\/p>\n<p>&#8211; Opera\u00e7\u00e3o MINEX 2023 &#8211; ap\u00f3s 13 anos de sua \u00faltima edi\u00e7\u00e3o; a execu\u00e7\u00e3o da opera\u00e7\u00e3o RIBEIREX 2023; e o apoio com Aeronaves Super Cougar do 1\u00ba Esquadr\u00e3o de Helic\u00f3pteros de Emprego Geral do Norte nas Opera\u00e7\u00f5es \u00c1GATA FRONTEIRA NORTE e TERRA IND\u00cdGENA YANOMAMI.<\/p>\n<p>Ao passar a cana do leme do 4\u00ba Distrito Naval, ante aos protestos de congratula\u00e7\u00e3o por uma gest\u00e3o segura e reconhecidamente exitosa, o Vice-Almirante Capistrano tamb\u00e9m se despede do servi\u00e7o ativo, durante o qual ofertou diligentemente mais de quatro d\u00e9cadas de prestimosas contribui\u00e7\u00f5es \u00e0 Marinha do Brasil. Natural de Fortaleza-CE, ingressou na briosa For\u00e7a no ano de 1982, como aluno do Col\u00e9gio Naval, e concluiu seu per\u00edodo de forma\u00e7\u00e3o ao ser declarado Guarda-Marinha no solo sagrado da Ilha de Villegagnon, no ano de 1982.<\/p>\n<p>Naquele momento indel\u00e9vel, o canto da can\u00e7\u00e3o \u201cAdeus Escola Querida\u201d impelia uma vibrante singradura, da qual hoje podemos nos orgulhar e reverenciar. Durante os anos em que ocupou os postos atinentes ao c\u00edrculo de Oficiais Subalternos e o c\u00edrculo de Oficiais Intermedi\u00e1rios, demonstrou peculiar profissionalismo e lideran\u00e7a, qualidades que viriam a serem replicadas em toda a sua carreira naval. Nesse per\u00edodo, dentre outras honrosas fun\u00e7\u00f5es, imediatou o Navio-Varredor &#8220;Atalaia&#8221; \u2013 o valente \u201c\u00c1guia\u201d \u2013 e ostentou a estrela dourada atinente ao seu primeiro comando no mar, o Aviso de Instru\u00e7\u00e3o &#8220;GuardaMarinha Brito&#8221;.<\/p>\n<p>Como oficial superior, viveu a alegria de, mais uma vez, ter a sua fl\u00e2mula de comando i\u00e7ada no mastro de combate de um Navio de Guerra, ao comandar a pujante Fragata \u201cDefensora\u201d. Ainda como oficial superior, exerceu relevantes fun\u00e7\u00f5es, dentre as quais se destacam a de Assessor-Chefe de Rela\u00e7\u00f5es Institucionais do Gabinete do Comandante da Marinha, Estagi\u00e1rio e Assessor do Col\u00e9gio Interamericano de Defesa e Assessor de Rela\u00e7\u00f5es Institucionais da Diretoria-Geral de Desenvolvimento Nuclear e Tecnol\u00f3gico da Marinha. Por todas as incontestes congru\u00eancias de seus valores com a nossa rosa das virtudes, bem como pelas muitas experi\u00eancias t\u00e9cnico-profissionais amealhadas ao longo de sua devotada carreira, ascendeu ao c\u00edrculo de Oficiais Generais ao ser promovido ao posto de Contra-Almirante, em 31 de mar\u00e7o de 2018.<\/p>\n<p>Nesse c\u00edrculo, exerceu, com notoriedade, os cargos de Subchefe de Log\u00edstica do Estado-Maior da Armada, de Secret\u00e1rio de Coordena\u00e7\u00e3o de Sistemas do Gabinete de Seguran\u00e7a Institucional da Presid\u00eancia da Rep\u00fablica, de Chefe de Gabinete da Secretaria-Geral do Minist\u00e9rio da Defesa e de Chefe do Gabinete do Comandante da Marinha e, por derradeiro, o cargo de Comandante do 4\u00ba Distrito Naval, que ora transmite em uma carta n\u00e1utica perfeitamente plotada e iluminada.<\/p>\n<p>Distinto Vice-Almirante CAPISTRANO, no momento em que rememoramos o grande legado consubstanciado pela sua abnega\u00e7\u00e3o e invulgar dedica\u00e7\u00e3o \u00e0s atividades da Marinha do Brasil, formulo os mais expansivos protestos de estima e gratid\u00e3o por sua consistente contribui\u00e7\u00e3o a este \u00d3rg\u00e3o de Dire\u00e7\u00e3o Setorial e \u00e0 Marinha do Brasil. Rogo ao bom Deus que o aben\u00e7oe em todos os planos que forem concebidos no seio da sua fam\u00edlia, bem como a sustente com sa\u00fade, alegria e paz! BRAVO ZULU!<\/p>\n<ol start=\"4\">\n<li><strong>BOAS VINDAS<\/strong><\/li>\n<\/ol>\n<p>Ao Vice-Almirante SERGIO RENATO BERNA SALGUEIRINHO, apresento as boas-vindas, com a certeza de que as qualidades morais e profissionais que o levaram a ser escolhido, pelo Comandante de Marinha, para t\u00e3o nobre e honroso Comando o credenciam para a condu\u00e7\u00e3o, com pleno \u00eaxito, do cargo que ora assume\u201d.<\/p>\n<p><strong>WLADMILSON BORGES DE AGUIAR<br \/>\n<\/strong><em>Almirante de Esquadra Comandante de Opera\u00e7\u00f5es Navais<\/em><\/p>\n<h4><span style=\"color: #333399;\">AGRADECIMENTO E DESPEDIDA<\/span><\/h4>\n<p><img fetchpriority=\"high\" decoding=\"async\" class=\"alignleft wp-image-14018\" src=\"https:\/\/portosma.com.br\/wp-content\/uploads\/2024\/04\/4DN-16-182x300.jpg\" alt=\"\" width=\"250\" height=\"413\" srcset=\"https:\/\/portosma.com.br\/wp-content\/uploads\/2024\/04\/4DN-16-182x300.jpg 182w, https:\/\/portosma.com.br\/wp-content\/uploads\/2024\/04\/4DN-16.jpg 400w\" sizes=\"(max-width: 250px) 100vw, 250px\" \/>\u201cH\u00e1 um ano e tr\u00eas meses, neste mesmo local, assumia o Comando do 4\u00b0 Distrito Naval com palavras de entusiasmo pela miss\u00e3o que estava iniciando. Comandar no Portal da Amaz\u00f4nia, justamente onde a \u201cAmaz\u00f4nia Verde\u201d encontra com a \u201cAmaz\u00f4nia Azul\u201d, \u00e9 um privil\u00e9gio e foi uma ben\u00e7\u00e3o de Deus! N\u00e3o h\u00e1 d\u00favida de que a principal miss\u00e3o da Marinha \u00e9 a defesa da P\u00e1tria, mas ela tem outra importante miss\u00e3o, que a liga ao dia a dia da sociedade brasileira, as nossas tarefas afetas \u00e0 Autoridade Mar\u00edtima.<\/p>\n<p>Na \u00c1rea de Jurisdi\u00e7\u00e3o do 4\u00b0 DN, onde de forma simplificada se diz que os \u201crios s\u00e3o as estradas\u201d, as atividades de seguran\u00e7a da navega\u00e7\u00e3o, salvaguarda da vida humana e preven\u00e7\u00e3o a polui\u00e7\u00e3o h\u00eddrica se destacam. Pelo mar, por esses rios, portos e terminais fluviais se deslocam pessoas, se transportam grandes riquezas de nosso Pa\u00eds e o Estado leva cidadania a muitos brasileiros. At\u00e9 pela grande \u00e1rea e longas dist\u00e2ncias, nosso herc\u00faleo trabalho s\u00f3 pode ser realizado com apoio e muita parceria. Agrade\u00e7o inicialmente ao Almirante de Esquadra WLADMILSON BORGES DE AGUIAR, Comandante de Opera\u00e7\u00f5es Navais, que preside esta cerim\u00f4nia, por apoiar e orientar este seu subordinado durante meu Comando, em especial, por durante todo esse per\u00edodo o senhor ainda ter acumulado o cargo de Diretor-Geral de Navega\u00e7\u00e3o.<\/p>\n<p>Volto a destacar a import\u00e2ncia da parceria para o cumprimento de nossa miss\u00e3o. Agrade\u00e7o na pessoa do General de Ex\u00e9rcito GUILHERME, Comandante Militar do Norte, a parceria com as demais Forcas e \u00f3rg\u00e3os da esfera federal, estadual e municipal, do Amap\u00e1, Maranh\u00e3o, Par\u00e1 e Piaui. O nosso entendimento e apoio m\u00fatuo \u00e9 essencial para o desenvolvimento e bem-estar de nossa sociedade.<\/p>\n<p>Aos membros da Sociedade Amigos da Marinha, nossos SOAMARINOS, que com desapego e motiva\u00e7\u00e3o trabalham para uma maior integra\u00e7\u00e3o da Marinha com os diversos segmentos da nossa sociedade, agrade\u00e7o, nas pessoas de seus Presidentes, pela dedica\u00e7\u00e3o e principalmente, pela amizade e considera\u00e7\u00e3o demonstrada para comigo: na SOAMAR o Senhor ORSON FERES, na do Par\u00e1 os Senhores RELTON PUREZA e CARLOS NASCIMENTO, na do Amap\u00e1 o Senhor GLAUCO CEI, no Piau\u00ed os Senhores JOAO PAULINO e AN\u00cdSIO ALMEIDA, no Maranh\u00e3o o Senhor SILVIO AGUIAR, em Imperatriz o Sr. RAIFRAN MAGALHAES e em Santar\u00e9m, que aceitou o desafio de reativar aquela SOAMAR no ultimo m\u00eas de fevereiro o Sr. BENE PANTOJA.<\/p>\n<p>Aos Chefes do Estado-Maior que tive durante o meu Comado, Contra-Almirante CARLOS ROBERTO e COELHO RANGEL, mais do que assessores e subordinados, leais amigos, agrade\u00e7o por todo o trabalho e parceria, que foram fundamentais na condu\u00e7\u00e3o das mais variadas atividades do Distrito, bem como pela lideran\u00e7a do Estado-Maior e Titulares de OM subordinadas. Junto, com toda a tripula\u00e7\u00e3o das diversas organiza\u00e7\u00f5es que comp\u00f5em a estrutura do 4\u00b0 Distrito Naval, foram fundamentais para o \u00eaxito de meu Comando. Muito obrigado! Gratid\u00e3o especial a um amigo, meu Assistente, o CC (T) M\u00c1RIO, que junto com a equipe que ele formou esteve ao meu lado em todos os momentos, nas minhas diversas comiss\u00f5es como Almirante, apoiando e buscando solu\u00e7\u00f5es para desafios que se apresentaram.<\/p>\n<p>Desejo ao meu amigo de longa data, VA SALGUERINHO, muitas realiza\u00e7\u00f5es pessoais e profissionais no Comando que ora assume, bem como que seja muito feliz junto com a sua esposa LILIAN e filhas MANUELA e L\u00cdVIA nesta acolhedora cidade de Bel\u00e9m. Sucesso meu amigo. Dentro de poucos momentos, a minha Fl\u00e2mula de Comando ser\u00e1 arriada pela \u00faltima vez.<\/p>\n<p>Como me realizei e fui feliz neste Comando! Agrade\u00e7o \u00e0 Nossa Senhora de Nazar\u00e9 por te me guiado at\u00e9 este momento, que tamb\u00e9m \u00e9 para mim e minha fam\u00edlia um marco, pois simboliza o final de uma jornada e o in\u00edcio de uma nova fase de vida! Jornada essa iniciada h\u00e1 mais de 42 anos, naquele janeiro de 1982, quando sa\u00ed de Fortaleza para o Col\u00e9gio Naval, em Angra dos Reis, no Rio de Janeiro, deixando para tr\u00e1s o conv\u00edvio di\u00e1rio com meus amados pais e irm\u00e3, para iniciar minha carreira na Marinha.<\/p>\n<p>Naquele momento, n\u00e3o tinha como imaginar que, apesar dos muitos desafios que tive que superar, viveria momentos fant\u00e1sticos na carreira que escolhi. Logo, como Guarda-Marinha, participei da 6a Viagem de circum-navega\u00e7\u00e3o da hist\u00f3ria de nossa Marinha, a 3a do Navio-Escola \u201cBrasil\u201d. Embarcado, servi em diversos navios da Esquadra, fui imediato de um Navio-Varredor e comandei o Aviso de Instru\u00e7\u00e3o \u201cGM Brito\u201d e a Fragata \u201cDefensora\u201d. Nesses per\u00edodos, atraquei em diversos portos no Brasil e no exterior. Tive a felicidade de voltar ao conv\u00edvio dos meus pais ao imediatar a Escola de Aprendizes Marinheiros do Cear\u00e1. Com meus dois maiores tesouros, minhas filhas MARIA EDUARDA e ANA LU\u00cdSA, moramos em outro Pa\u00eds, onde pudemos ter contato com outra cultura e adquirir muitas experi\u00eancias que levamos por nossas vidas. Ainda vivi relevantes momentos ao servir na Assessoria Parlamentar da Marinha junto ao Congresso Nacional e, posteriormente, na Presid\u00eancia da Rep\u00fablica.<\/p>\n<p>Aproveitei intensamente todas as oportunidades que tive na Marinha, em especial a oportunidade que tive de encontrar o amor da minha vida, minha companheira e amiga, minha esposa CF (EN) ELAINE RODINO. N\u00e3o tenho como agradecer a todos com quem tive a honra de dividir os conveses de nossos navios e organiza\u00e7\u00f5es militares. Muito aprendi com Comandantes, chefes, companheiros de Pra\u00e7a d\u2019Armas, colegas da Turma Almirante Prot\u00f3genes Pereira Guimar\u00e3es (CN-82\/EN-88) e subordinados. Todos verdadeiros Camaradas! O cora\u00e7\u00e3o marinheiro continuar\u00e1 batendo em meu peito e, assim, encerro tomando por inspira\u00e7\u00e3o alguns versos de uma das can\u00e7\u00f5es da Marinha: Adeus Camaradas Gentis! Servi a P\u00e1tria! Eu vou Partir! Viva a Marinha!\u201d<\/p>\n<p><strong>ANT\u00d4NIO CAPISTRANO DE FREITAS FILHO<br \/>\n<em>Vice-Almirante Comandante<\/em><\/strong><\/p>\n<p>CONFIRA FOTOS DA SOLENIDADE<\/p>\n<figure id=\"attachment_14019\" aria-describedby=\"caption-attachment-14019\" style=\"width: 900px\" class=\"wp-caption alignnone\"><img decoding=\"async\" class=\"wp-image-14019 size-full\" src=\"https:\/\/portosma.com.br\/wp-content\/uploads\/2024\/04\/4DN-02.jpg\" alt=\"\" width=\"900\" height=\"575\" srcset=\"https:\/\/portosma.com.br\/wp-content\/uploads\/2024\/04\/4DN-02.jpg 900w, https:\/\/portosma.com.br\/wp-content\/uploads\/2024\/04\/4DN-02-300x192.jpg 300w, https:\/\/portosma.com.br\/wp-content\/uploads\/2024\/04\/4DN-02-768x491.jpg 768w\" sizes=\"(max-width: 900px) 100vw, 900px\" \/><figcaption id=\"caption-attachment-14019\" class=\"wp-caption-text\"><span style=\"color: #800000;\"><em>O atual e o agora ex-comandante do IV Distrito Naval.<\/em><\/span><\/figcaption><\/figure>\n<p><img loading=\"lazy\" decoding=\"async\" class=\"alignnone wp-image-14022 size-full\" src=\"https:\/\/portosma.com.br\/wp-content\/uploads\/2024\/04\/4DN-07.jpg\" alt=\"\" width=\"900\" height=\"450\" srcset=\"https:\/\/portosma.com.br\/wp-content\/uploads\/2024\/04\/4DN-07.jpg 900w, https:\/\/portosma.com.br\/wp-content\/uploads\/2024\/04\/4DN-07-300x150.jpg 300w, https:\/\/portosma.com.br\/wp-content\/uploads\/2024\/04\/4DN-07-768x384.jpg 768w\" sizes=\"(max-width: 900px) 100vw, 900px\" \/><\/p>\n<figure id=\"attachment_14029\" aria-describedby=\"caption-attachment-14029\" style=\"width: 900px\" class=\"wp-caption alignnone\"><img loading=\"lazy\" decoding=\"async\" class=\"wp-image-14029 size-full\" src=\"https:\/\/portosma.com.br\/wp-content\/uploads\/2024\/04\/4DN-14.jpg\" alt=\"\" width=\"900\" height=\"563\" srcset=\"https:\/\/portosma.com.br\/wp-content\/uploads\/2024\/04\/4DN-14.jpg 900w, https:\/\/portosma.com.br\/wp-content\/uploads\/2024\/04\/4DN-14-300x188.jpg 300w, https:\/\/portosma.com.br\/wp-content\/uploads\/2024\/04\/4DN-14-768x480.jpg 768w\" sizes=\"(max-width: 900px) 100vw, 900px\" \/><figcaption id=\"caption-attachment-14029\" class=\"wp-caption-text\"><span style=\"color: #800000;\"><em>Com o VA Capistrano, o presidente da Soamar do Maranh\u00e3o, S\u00edlvio Aguiar, o presidente da Soamar Brasil Orson Feres e o vice-presidente da Soamar Brasil Jorge Arag\u00e3o.<\/em><\/span><\/figcaption><\/figure>\n<p><img loading=\"lazy\" decoding=\"async\" class=\"alignnone wp-image-14020\" src=\"https:\/\/portosma.com.br\/wp-content\/uploads\/2024\/04\/4DN-05-300x125.jpg\" alt=\"\" width=\"900\" height=\"375\" srcset=\"https:\/\/portosma.com.br\/wp-content\/uploads\/2024\/04\/4DN-05-300x125.jpg 300w, https:\/\/portosma.com.br\/wp-content\/uploads\/2024\/04\/4DN-05-1024x427.jpg 1024w, https:\/\/portosma.com.br\/wp-content\/uploads\/2024\/04\/4DN-05-768x320.jpg 768w, https:\/\/portosma.com.br\/wp-content\/uploads\/2024\/04\/4DN-05.jpg 1200w\" sizes=\"(max-width: 900px) 100vw, 900px\" \/><\/p>\n<p><img loading=\"lazy\" decoding=\"async\" class=\"alignnone wp-image-14021 size-full\" src=\"https:\/\/portosma.com.br\/wp-content\/uploads\/2024\/04\/4DN-06.jpg\" alt=\"\" width=\"900\" height=\"445\" srcset=\"https:\/\/portosma.com.br\/wp-content\/uploads\/2024\/04\/4DN-06.jpg 900w, https:\/\/portosma.com.br\/wp-content\/uploads\/2024\/04\/4DN-06-300x148.jpg 300w, https:\/\/portosma.com.br\/wp-content\/uploads\/2024\/04\/4DN-06-768x380.jpg 768w\" sizes=\"(max-width: 900px) 100vw, 900px\" \/><\/p>\n<p><img loading=\"lazy\" decoding=\"async\" class=\"alignnone wp-image-14033 size-full\" src=\"https:\/\/portosma.com.br\/wp-content\/uploads\/2024\/04\/4DN-18.jpg\" alt=\"\" width=\"900\" height=\"562\" srcset=\"https:\/\/portosma.com.br\/wp-content\/uploads\/2024\/04\/4DN-18.jpg 900w, https:\/\/portosma.com.br\/wp-content\/uploads\/2024\/04\/4DN-18-300x187.jpg 300w, https:\/\/portosma.com.br\/wp-content\/uploads\/2024\/04\/4DN-18-768x480.jpg 768w\" sizes=\"(max-width: 900px) 100vw, 900px\" \/>&nbsp;<img loading=\"lazy\" decoding=\"async\" class=\"alignnone wp-image-14023 size-full\" src=\"https:\/\/portosma.com.br\/wp-content\/uploads\/2024\/04\/4DN-08.jpg\" alt=\"\" width=\"900\" height=\"420\" srcset=\"https:\/\/portosma.com.br\/wp-content\/uploads\/2024\/04\/4DN-08.jpg 900w, https:\/\/portosma.com.br\/wp-content\/uploads\/2024\/04\/4DN-08-300x140.jpg 300w, https:\/\/portosma.com.br\/wp-content\/uploads\/2024\/04\/4DN-08-768x358.jpg 768w\" sizes=\"(max-width: 900px) 100vw, 900px\" \/><\/p>\n<p><img loading=\"lazy\" decoding=\"async\" class=\"alignnone wp-image-14024 size-full\" src=\"https:\/\/portosma.com.br\/wp-content\/uploads\/2024\/04\/4DN-09.jpg\" alt=\"\" width=\"900\" height=\"430\" srcset=\"https:\/\/portosma.com.br\/wp-content\/uploads\/2024\/04\/4DN-09.jpg 900w, https:\/\/portosma.com.br\/wp-content\/uploads\/2024\/04\/4DN-09-300x143.jpg 300w, https:\/\/portosma.com.br\/wp-content\/uploads\/2024\/04\/4DN-09-768x367.jpg 768w\" sizes=\"(max-width: 900px) 100vw, 900px\" \/><\/p>\n<p><img loading=\"lazy\" decoding=\"async\" class=\"alignnone wp-image-14025 size-full\" src=\"https:\/\/portosma.com.br\/wp-content\/uploads\/2024\/04\/4DN-10.jpg\" alt=\"\" width=\"900\" height=\"551\" srcset=\"https:\/\/portosma.com.br\/wp-content\/uploads\/2024\/04\/4DN-10.jpg 900w, https:\/\/portosma.com.br\/wp-content\/uploads\/2024\/04\/4DN-10-300x184.jpg 300w, https:\/\/portosma.com.br\/wp-content\/uploads\/2024\/04\/4DN-10-768x470.jpg 768w\" sizes=\"(max-width: 900px) 100vw, 900px\" \/><\/p>\n<p><img loading=\"lazy\" decoding=\"async\" class=\"alignnone wp-image-14026 size-full\" src=\"https:\/\/portosma.com.br\/wp-content\/uploads\/2024\/04\/4DN-11.jpg\" alt=\"\" width=\"900\" height=\"461\" srcset=\"https:\/\/portosma.com.br\/wp-content\/uploads\/2024\/04\/4DN-11.jpg 900w, https:\/\/portosma.com.br\/wp-content\/uploads\/2024\/04\/4DN-11-300x154.jpg 300w, https:\/\/portosma.com.br\/wp-content\/uploads\/2024\/04\/4DN-11-768x393.jpg 768w\" sizes=\"(max-width: 900px) 100vw, 900px\" \/> &nbsp;&nbsp; &nbsp;&nbsp;<img loading=\"lazy\" decoding=\"async\" class=\"alignnone wp-image-14032 size-full\" src=\"https:\/\/portosma.com.br\/wp-content\/uploads\/2024\/04\/4DN-17.jpg\" alt=\"\" width=\"900\" height=\"528\" srcset=\"https:\/\/portosma.com.br\/wp-content\/uploads\/2024\/04\/4DN-17.jpg 900w, https:\/\/portosma.com.br\/wp-content\/uploads\/2024\/04\/4DN-17-300x176.jpg 300w, https:\/\/portosma.com.br\/wp-content\/uploads\/2024\/04\/4DN-17-768x451.jpg 768w\" sizes=\"(max-width: 900px) 100vw, 900px\" \/> &nbsp;<img loading=\"lazy\" decoding=\"async\" class=\"alignnone wp-image-14034 size-full\" src=\"https:\/\/portosma.com.br\/wp-content\/uploads\/2024\/04\/4DN-19.jpg\" alt=\"\" width=\"900\" height=\"675\" srcset=\"https:\/\/portosma.com.br\/wp-content\/uploads\/2024\/04\/4DN-19.jpg 900w, https:\/\/portosma.com.br\/wp-content\/uploads\/2024\/04\/4DN-19-300x225.jpg 300w, https:\/\/portosma.com.br\/wp-content\/uploads\/2024\/04\/4DN-19-768x576.jpg 768w\" sizes=\"(max-width: 900px) 100vw, 900px\" \/><\/p>\n<p><img loading=\"lazy\" decoding=\"async\" class=\"alignnone wp-image-14035 size-full\" src=\"https:\/\/portosma.com.br\/wp-content\/uploads\/2024\/04\/4DN-20.jpg\" alt=\"\" width=\"900\" height=\"586\" srcset=\"https:\/\/portosma.com.br\/wp-content\/uploads\/2024\/04\/4DN-20.jpg 900w, https:\/\/portosma.com.br\/wp-content\/uploads\/2024\/04\/4DN-20-300x195.jpg 300w, https:\/\/portosma.com.br\/wp-content\/uploads\/2024\/04\/4DN-20-768x500.jpg 768w\" sizes=\"(max-width: 900px) 100vw, 900px\" \/><\/p>\n<p><span style=\"color: #808080;\"><em><strong>Fonte:<\/strong><\/em><\/span><br \/>\n<span style=\"color: #808080;\"><em><strong>Site Lu\u00eds Celso News<\/strong><\/em><\/span><\/p>\n","protected":false},"excerpt":{"rendered":"<p>O VA S\u00e9rgio Renato Berna Salgueirinho assumiu o cargo de Comandante do IVDN em substitui\u00e7\u00e3o ao Vice-Almirante Ant\u00f4nio Capistrano de Freitas Filho.<\/p>\n","protected":false},"author":1,"featured_media":14016,"comment_status":"closed","ping_status":"open","sticky":false,"template":"","format":"standard","meta":{"_editorskit_title_hidden":false,"_editorskit_reading_time":0,"_editorskit_is_block_options_detached":false,"_editorskit_block_options_position":"{}","ngg_post_thumbnail":0,"footnotes":""},"categories":[1],"tags":[],"class_list":["post-14015","post","type-post","status-publish","format-standard","has-post-thumbnail","hentry","category-noticias"],"yoast_head":"<!-- This site is optimized with the Yoast SEO plugin v22.5 - https:\/\/yoast.com\/wordpress\/plugins\/seo\/ -->\n<title>Quarto Distrito Naval da Marinha tem um novo comandante - Portosma<\/title>\n<meta name=\"robots\" content=\"index, follow, max-snippet:-1, max-image-preview:large, max-video-preview:-1\" \/>\n<link rel=\"canonical\" href=\"https:\/\/portosma.com.br\/index.php\/2024\/04\/11\/14015\/\" \/>\n<meta property=\"og:locale\" content=\"pt_BR\" \/>\n<meta property=\"og:type\" content=\"article\" \/>\n<meta property=\"og:title\" content=\"Quarto Distrito Naval da Marinha tem um novo comandante - Portosma\" \/>\n<meta property=\"og:description\" content=\"O VA S\u00e9rgio Renato Berna Salgueirinho assumiu o cargo de Comandante do IVDN em substitui\u00e7\u00e3o ao Vice-Almirante Ant\u00f4nio Capistrano de Freitas Filho.\" \/>\n<meta property=\"og:url\" content=\"https:\/\/portosma.com.br\/index.php\/2024\/04\/11\/14015\/\" \/>\n<meta property=\"og:site_name\" content=\"Portosma\" \/>\n<meta property=\"article:published_time\" content=\"2024-04-11T15:14:32+00:00\" \/>\n<meta property=\"article:modified_time\" content=\"2024-04-11T22:31:52+00:00\" \/>\n<meta property=\"og:image\" content=\"https:\/\/portosma.com.br\/wp-content\/uploads\/2024\/04\/4DN-12.jpg\" \/>\n\t<meta property=\"og:image:width\" content=\"1200\" \/>\n\t<meta property=\"og:image:height\" content=\"498\" \/>\n\t<meta property=\"og:image:type\" content=\"image\/jpeg\" \/>\n<meta name=\"author\" content=\"admin\" \/>\n<meta name=\"twitter:card\" content=\"summary_large_image\" \/>\n<meta name=\"twitter:label1\" content=\"Escrito por\" \/>\n\t<meta name=\"twitter:data1\" content=\"admin\" \/>\n\t<meta name=\"twitter:label2\" content=\"Est. tempo de leitura\" \/>\n\t<meta name=\"twitter:data2\" content=\"16 minutos\" \/>\n<script type=\"application\/ld+json\" class=\"yoast-schema-graph\">{\"@context\":\"https:\/\/schema.org\",\"@graph\":[{\"@type\":\"Article\",\"@id\":\"https:\/\/portosma.com.br\/index.php\/2024\/04\/11\/14015\/#article\",\"isPartOf\":{\"@id\":\"https:\/\/portosma.com.br\/index.php\/2024\/04\/11\/14015\/\"},\"author\":{\"name\":\"admin\",\"@id\":\"https:\/\/portosma.com.br\/#\/schema\/person\/fb92dfe283ab47293259c87c813d8623\"},\"headline\":\"Quarto Distrito Naval da Marinha tem um novo comandante\",\"datePublished\":\"2024-04-11T15:14:32+00:00\",\"dateModified\":\"2024-04-11T22:31:52+00:00\",\"mainEntityOfPage\":{\"@id\":\"https:\/\/portosma.com.br\/index.php\/2024\/04\/11\/14015\/\"},\"wordCount\":2484,\"publisher\":{\"@id\":\"https:\/\/portosma.com.br\/#organization\"},\"image\":{\"@id\":\"https:\/\/portosma.com.br\/index.php\/2024\/04\/11\/14015\/#primaryimage\"},\"thumbnailUrl\":\"https:\/\/portosma.com.br\/wp-content\/uploads\/2024\/04\/4DN-12.jpg\",\"articleSection\":[\"Not\u00edcias\"],\"inLanguage\":\"pt-BR\"},{\"@type\":\"WebPage\",\"@id\":\"https:\/\/portosma.com.br\/index.php\/2024\/04\/11\/14015\/\",\"url\":\"https:\/\/portosma.com.br\/index.php\/2024\/04\/11\/14015\/\",\"name\":\"Quarto Distrito Naval da Marinha tem um novo comandante - Portosma\",\"isPartOf\":{\"@id\":\"https:\/\/portosma.com.br\/#website\"},\"primaryImageOfPage\":{\"@id\":\"https:\/\/portosma.com.br\/index.php\/2024\/04\/11\/14015\/#primaryimage\"},\"image\":{\"@id\":\"https:\/\/portosma.com.br\/index.php\/2024\/04\/11\/14015\/#primaryimage\"},\"thumbnailUrl\":\"https:\/\/portosma.com.br\/wp-content\/uploads\/2024\/04\/4DN-12.jpg\",\"datePublished\":\"2024-04-11T15:14:32+00:00\",\"dateModified\":\"2024-04-11T22:31:52+00:00\",\"breadcrumb\":{\"@id\":\"https:\/\/portosma.com.br\/index.php\/2024\/04\/11\/14015\/#breadcrumb\"},\"inLanguage\":\"pt-BR\",\"potentialAction\":[{\"@type\":\"ReadAction\",\"target\":[\"https:\/\/portosma.com.br\/index.php\/2024\/04\/11\/14015\/\"]}]},{\"@type\":\"ImageObject\",\"inLanguage\":\"pt-BR\",\"@id\":\"https:\/\/portosma.com.br\/index.php\/2024\/04\/11\/14015\/#primaryimage\",\"url\":\"https:\/\/portosma.com.br\/wp-content\/uploads\/2024\/04\/4DN-12.jpg\",\"contentUrl\":\"https:\/\/portosma.com.br\/wp-content\/uploads\/2024\/04\/4DN-12.jpg\",\"width\":1200,\"height\":498},{\"@type\":\"BreadcrumbList\",\"@id\":\"https:\/\/portosma.com.br\/index.php\/2024\/04\/11\/14015\/#breadcrumb\",\"itemListElement\":[{\"@type\":\"ListItem\",\"position\":1,\"name\":\"In\u00edcio\",\"item\":\"https:\/\/portosma.com.br\/\"},{\"@type\":\"ListItem\",\"position\":2,\"name\":\"Quarto Distrito Naval da Marinha tem um novo comandante\"}]},{\"@type\":\"WebSite\",\"@id\":\"https:\/\/portosma.com.br\/#website\",\"url\":\"https:\/\/portosma.com.br\/\",\"name\":\"Portosma\",\"description\":\"Um site de not\u00edcias\",\"publisher\":{\"@id\":\"https:\/\/portosma.com.br\/#organization\"},\"potentialAction\":[{\"@type\":\"SearchAction\",\"target\":{\"@type\":\"EntryPoint\",\"urlTemplate\":\"https:\/\/portosma.com.br\/?s={search_term_string}\"},\"query-input\":\"required name=search_term_string\"}],\"inLanguage\":\"pt-BR\"},{\"@type\":\"Organization\",\"@id\":\"https:\/\/portosma.com.br\/#organization\",\"name\":\"Portosma\",\"alternateName\":\"Portosma\",\"url\":\"https:\/\/portosma.com.br\/\",\"logo\":{\"@type\":\"ImageObject\",\"inLanguage\":\"pt-BR\",\"@id\":\"https:\/\/portosma.com.br\/#\/schema\/logo\/image\/\",\"url\":\"https:\/\/portosma.com.br\/wp-content\/uploads\/2026\/03\/cropped-AD-PORTOSMA.jpg\",\"contentUrl\":\"https:\/\/portosma.com.br\/wp-content\/uploads\/2026\/03\/cropped-AD-PORTOSMA.jpg\",\"width\":400,\"height\":115,\"caption\":\"Portosma\"},\"image\":{\"@id\":\"https:\/\/portosma.com.br\/#\/schema\/logo\/image\/\"}},{\"@type\":\"Person\",\"@id\":\"https:\/\/portosma.com.br\/#\/schema\/person\/fb92dfe283ab47293259c87c813d8623\",\"name\":\"admin\",\"sameAs\":[\"https:\/\/portosma.com.br\"],\"url\":\"https:\/\/portosma.com.br\/index.php\/author\/portosma\/\"}]}<\/script>\n<!-- \/ Yoast SEO plugin. -->","yoast_head_json":{"title":"Quarto Distrito Naval da Marinha tem um novo comandante - Portosma","robots":{"index":"index","follow":"follow","max-snippet":"max-snippet:-1","max-image-preview":"max-image-preview:large","max-video-preview":"max-video-preview:-1"},"canonical":"https:\/\/portosma.com.br\/index.php\/2024\/04\/11\/14015\/","og_locale":"pt_BR","og_type":"article","og_title":"Quarto Distrito Naval da Marinha tem um novo comandante - Portosma","og_description":"O VA S\u00e9rgio Renato Berna Salgueirinho assumiu o cargo de Comandante do IVDN em substitui\u00e7\u00e3o ao Vice-Almirante Ant\u00f4nio Capistrano de Freitas Filho.","og_url":"https:\/\/portosma.com.br\/index.php\/2024\/04\/11\/14015\/","og_site_name":"Portosma","article_published_time":"2024-04-11T15:14:32+00:00","article_modified_time":"2024-04-11T22:31:52+00:00","og_image":[{"width":1200,"height":498,"url":"https:\/\/portosma.com.br\/wp-content\/uploads\/2024\/04\/4DN-12.jpg","type":"image\/jpeg"}],"author":"admin","twitter_card":"summary_large_image","twitter_misc":{"Escrito por":"admin","Est. tempo de leitura":"16 minutos"},"schema":{"@context":"https:\/\/schema.org","@graph":[{"@type":"Article","@id":"https:\/\/portosma.com.br\/index.php\/2024\/04\/11\/14015\/#article","isPartOf":{"@id":"https:\/\/portosma.com.br\/index.php\/2024\/04\/11\/14015\/"},"author":{"name":"admin","@id":"https:\/\/portosma.com.br\/#\/schema\/person\/fb92dfe283ab47293259c87c813d8623"},"headline":"Quarto Distrito Naval da Marinha tem um novo comandante","datePublished":"2024-04-11T15:14:32+00:00","dateModified":"2024-04-11T22:31:52+00:00","mainEntityOfPage":{"@id":"https:\/\/portosma.com.br\/index.php\/2024\/04\/11\/14015\/"},"wordCount":2484,"publisher":{"@id":"https:\/\/portosma.com.br\/#organization"},"image":{"@id":"https:\/\/portosma.com.br\/index.php\/2024\/04\/11\/14015\/#primaryimage"},"thumbnailUrl":"https:\/\/portosma.com.br\/wp-content\/uploads\/2024\/04\/4DN-12.jpg","articleSection":["Not\u00edcias"],"inLanguage":"pt-BR"},{"@type":"WebPage","@id":"https:\/\/portosma.com.br\/index.php\/2024\/04\/11\/14015\/","url":"https:\/\/portosma.com.br\/index.php\/2024\/04\/11\/14015\/","name":"Quarto Distrito Naval da Marinha tem um novo comandante - Portosma","isPartOf":{"@id":"https:\/\/portosma.com.br\/#website"},"primaryImageOfPage":{"@id":"https:\/\/portosma.com.br\/index.php\/2024\/04\/11\/14015\/#primaryimage"},"image":{"@id":"https:\/\/portosma.com.br\/index.php\/2024\/04\/11\/14015\/#primaryimage"},"thumbnailUrl":"https:\/\/portosma.com.br\/wp-content\/uploads\/2024\/04\/4DN-12.jpg","datePublished":"2024-04-11T15:14:32+00:00","dateModified":"2024-04-11T22:31:52+00:00","breadcrumb":{"@id":"https:\/\/portosma.com.br\/index.php\/2024\/04\/11\/14015\/#breadcrumb"},"inLanguage":"pt-BR","potentialAction":[{"@type":"ReadAction","target":["https:\/\/portosma.com.br\/index.php\/2024\/04\/11\/14015\/"]}]},{"@type":"ImageObject","inLanguage":"pt-BR","@id":"https:\/\/portosma.com.br\/index.php\/2024\/04\/11\/14015\/#primaryimage","url":"https:\/\/portosma.com.br\/wp-content\/uploads\/2024\/04\/4DN-12.jpg","contentUrl":"https:\/\/portosma.com.br\/wp-content\/uploads\/2024\/04\/4DN-12.jpg","width":1200,"height":498},{"@type":"BreadcrumbList","@id":"https:\/\/portosma.com.br\/index.php\/2024\/04\/11\/14015\/#breadcrumb","itemListElement":[{"@type":"ListItem","position":1,"name":"In\u00edcio","item":"https:\/\/portosma.com.br\/"},{"@type":"ListItem","position":2,"name":"Quarto Distrito Naval da Marinha tem um novo comandante"}]},{"@type":"WebSite","@id":"https:\/\/portosma.com.br\/#website","url":"https:\/\/portosma.com.br\/","name":"Portosma","description":"Um site de not\u00edcias","publisher":{"@id":"https:\/\/portosma.com.br\/#organization"},"potentialAction":[{"@type":"SearchAction","target":{"@type":"EntryPoint","urlTemplate":"https:\/\/portosma.com.br\/?s={search_term_string}"},"query-input":"required name=search_term_string"}],"inLanguage":"pt-BR"},{"@type":"Organization","@id":"https:\/\/portosma.com.br\/#organization","name":"Portosma","alternateName":"Portosma","url":"https:\/\/portosma.com.br\/","logo":{"@type":"ImageObject","inLanguage":"pt-BR","@id":"https:\/\/portosma.com.br\/#\/schema\/logo\/image\/","url":"https:\/\/portosma.com.br\/wp-content\/uploads\/2026\/03\/cropped-AD-PORTOSMA.jpg","contentUrl":"https:\/\/portosma.com.br\/wp-content\/uploads\/2026\/03\/cropped-AD-PORTOSMA.jpg","width":400,"height":115,"caption":"Portosma"},"image":{"@id":"https:\/\/portosma.com.br\/#\/schema\/logo\/image\/"}},{"@type":"Person","@id":"https:\/\/portosma.com.br\/#\/schema\/person\/fb92dfe283ab47293259c87c813d8623","name":"admin","sameAs":["https:\/\/portosma.com.br"],"url":"https:\/\/portosma.com.br\/index.php\/author\/portosma\/"}]}},"_links":{"self":[{"href":"https:\/\/portosma.com.br\/index.php\/wp-json\/wp\/v2\/posts\/14015","targetHints":{"allow":["GET"]}}],"collection":[{"href":"https:\/\/portosma.com.br\/index.php\/wp-json\/wp\/v2\/posts"}],"about":[{"href":"https:\/\/portosma.com.br\/index.php\/wp-json\/wp\/v2\/types\/post"}],"author":[{"embeddable":true,"href":"https:\/\/portosma.com.br\/index.php\/wp-json\/wp\/v2\/users\/1"}],"replies":[{"embeddable":true,"href":"https:\/\/portosma.com.br\/index.php\/wp-json\/wp\/v2\/comments?post=14015"}],"version-history":[{"count":14,"href":"https:\/\/portosma.com.br\/index.php\/wp-json\/wp\/v2\/posts\/14015\/revisions"}],"predecessor-version":[{"id":14062,"href":"https:\/\/portosma.com.br\/index.php\/wp-json\/wp\/v2\/posts\/14015\/revisions\/14062"}],"wp:featuredmedia":[{"embeddable":true,"href":"https:\/\/portosma.com.br\/index.php\/wp-json\/wp\/v2\/media\/14016"}],"wp:attachment":[{"href":"https:\/\/portosma.com.br\/index.php\/wp-json\/wp\/v2\/media?parent=14015"}],"wp:term":[{"taxonomy":"category","embeddable":true,"href":"https:\/\/portosma.com.br\/index.php\/wp-json\/wp\/v2\/categories?post=14015"},{"taxonomy":"post_tag","embeddable":true,"href":"https:\/\/portosma.com.br\/index.php\/wp-json\/wp\/v2\/tags?post=14015"}],"curies":[{"name":"wp","href":"https:\/\/api.w.org\/{rel}","templated":true}]}}