{"id":13738,"date":"2024-03-27T21:05:21","date_gmt":"2024-03-27T21:05:21","guid":{"rendered":"https:\/\/portosma.com.br\/?p=13738"},"modified":"2024-03-27T21:08:37","modified_gmt":"2024-03-27T21:08:37","slug":"economia-do-mar-e-um-farol-para-o-desenvolvimento-do-maranhao","status":"publish","type":"post","link":"https:\/\/portosma.com.br\/index.php\/2024\/03\/27\/economia-do-mar-e-um-farol-para-o-desenvolvimento-do-maranhao\/","title":{"rendered":"Economia do mar \u00e9 um farol para o desenvolvimento do Maranh\u00e3o"},"content":{"rendered":"<h4><span style=\"color: #808080;\"><strong>Na 2\u00aa Confer\u00eancia Estadual de Ci\u00eancia e Tecnologia, o presidente do Sindomar Daniel Pereira mediou painelistas, em discuss\u00e3o por oportunidades de investimentos que aqueceriam o setor portu\u00e1rio.<\/strong><\/span><\/h4>\n<p>Do turismo \u00e0 pesca, do transporte mar\u00edtimo \u00e0s atividades portu\u00e1rias. H\u00e1 um oceano de possibilidades que foram debatidas no painel \u201cEconomia do Mar\u201d, desta 2\u00aa Confer\u00eancia Estadual de Ci\u00eancia, Tecnologia e Inova\u00e7\u00e3o, realizada na \u00faltima semana, no pr\u00e9dio de arquitetura da Uema, no centro hist\u00f3rico de S\u00e3o Lu\u00eds. O ocean\u00f3grafo Daniel Pereira \u2013 presidente do Sindicato dos Operadores Portu\u00e1rios do Maranh\u00e3o (Sindomar) \u2013 foi quem mediou o painel, que teve como objetivo colher sugest\u00f5es para elabora\u00e7\u00e3o da Estrat\u00e9gia Nacional de CT&amp;I para os pr\u00f3ximos dez anos.<\/p>\n<p><img fetchpriority=\"high\" decoding=\"async\" class=\"alignnone wp-image-13740 size-full\" src=\"https:\/\/portosma.com.br\/wp-content\/uploads\/2024\/03\/PORTUA-2.jpg\" alt=\"\" width=\"900\" height=\"399\" srcset=\"https:\/\/portosma.com.br\/wp-content\/uploads\/2024\/03\/PORTUA-2.jpg 900w, https:\/\/portosma.com.br\/wp-content\/uploads\/2024\/03\/PORTUA-2-300x133.jpg 300w, https:\/\/portosma.com.br\/wp-content\/uploads\/2024\/03\/PORTUA-2-768x340.jpg 768w\" sizes=\"(max-width: 900px) 100vw, 900px\" \/> &nbsp;<br \/>\nA 2\u00aa Confer\u00eancia Estadual de Ci\u00eancia, Tecnologia e Inova\u00e7\u00e3o foi organizada pela Secretaria de Estado da Ci\u00eancia, Tecnologia e Inova\u00e7\u00e3o (Secti), com o apoio da Funda\u00e7\u00e3o de Amparo \u00e0 Pesquisa e ao Desenvolvimento Cient\u00edfico e Tecnol\u00f3gico do Maranh\u00e3o (Fapema). E os painelistas da Economia do Mar foram: Isabella Pearce, diretora Ciema\/Fiema e da Virt\u00fa Ambiental; Gabriel Mateucci, gerente de PD&amp;I no Porto do Itaqui; S\u00e9rgio Cutrim, coordenador do LabPortos e da especializa\u00e7\u00e3o em Log\u00edstica Portu\u00e1ria; Patrick Freire, secret\u00e1rio adjunto da Pesca e Aquicultura do Estado do Maranh\u00e3o; e Ronaldo Camorna, assessor de Inova\u00e7\u00e3o da Finep.<\/p>\n<p><img decoding=\"async\" class=\"alignnone wp-image-13741 size-full\" src=\"https:\/\/portosma.com.br\/wp-content\/uploads\/2024\/03\/PORTUA-3.jpg\" alt=\"\" width=\"900\" height=\"395\" srcset=\"https:\/\/portosma.com.br\/wp-content\/uploads\/2024\/03\/PORTUA-3.jpg 900w, https:\/\/portosma.com.br\/wp-content\/uploads\/2024\/03\/PORTUA-3-300x132.jpg 300w, https:\/\/portosma.com.br\/wp-content\/uploads\/2024\/03\/PORTUA-3-768x337.jpg 768w\" sizes=\"(max-width: 900px) 100vw, 900px\" \/><\/p>\n<p>\u201cCom 33 munic\u00edpios maranhenses litor\u00e2neos, o setor mar\u00edtimo\/portu\u00e1rio desempenha papel crucial no presente e num futuro de oportunidades para o desenvolvimento no estado do Maranh\u00e3o. Como mediador do painel \u2018economia do mar\u2019, eu tive a fun\u00e7\u00e3o de organizar o debate e facilitar a comunica\u00e7\u00e3o entre os painelistas. Mas como presidente do Sindomar, que tem doze empresas portu\u00e1rias associadas, posso dizer que participar dessa reuni\u00e3o com autoridades, empres\u00e1rios e especialistas \u00e9 um importante passo contra os desafios ambientais como a redu\u00e7\u00e3o da emiss\u00e3o de gases do efeito estufa. Mas, tamb\u00e9m, uma oportunidade de se pensar na articula\u00e7\u00e3o de investimentos e novos neg\u00f3cios que podem aquecer a economia do mar do Maranh\u00e3o, tamb\u00e9m chamada de economia azul\u201d, destacou Daniel Pereira.<\/p>\n<p>A painelista Isabella Pearce colocou em pauta o que \u00e9 desenvolvimento sustent\u00e1vel, mostrando os 17 objetivos do sistema sustent\u00e1vel e as etapas e benef\u00edcios de uma pol\u00edtica de gest\u00e3o ambiental. \u201cO crescimento econ\u00f4mico com desenvolvimento, envolvendo a economia do mar, precisa-se incluir comunidades locais, com gera\u00e7\u00e3o de emprego e oportunidades de qualifica\u00e7\u00e3o. E, esse crescimento econ\u00f4mico n\u00e3o pode ultrapassar os limites ecol\u00f3gicos do planeta\u201d, declarou Isabella Pearce.<\/p>\n<p><img decoding=\"async\" class=\"alignnone wp-image-13742 size-full\" src=\"https:\/\/portosma.com.br\/wp-content\/uploads\/2024\/03\/PORTUA-4.jpg\" alt=\"\" width=\"900\" height=\"506\" srcset=\"https:\/\/portosma.com.br\/wp-content\/uploads\/2024\/03\/PORTUA-4.jpg 900w, https:\/\/portosma.com.br\/wp-content\/uploads\/2024\/03\/PORTUA-4-300x169.jpg 300w, https:\/\/portosma.com.br\/wp-content\/uploads\/2024\/03\/PORTUA-4-768x432.jpg 768w\" sizes=\"(max-width: 900px) 100vw, 900px\" \/><\/p>\n<p>J\u00e1 o professor S\u00e9rgio Cutrim decorreu de como o setor portu\u00e1rio se insere na economia de mar, dando ainda recomenda\u00e7\u00f5es. \u201cAlgumas recomenda\u00e7\u00f5es precisam ser feitas ao setor no Maranh\u00e3o, como a criar um \u2018instituto de economia do mar\u2019 e investir no desenvolvimento do turismo n\u00e1utico, do esporte n\u00e1utico e da recrea\u00e7\u00e3o n\u00e1utica\u201d, defendeu Cutrim.<\/p>\n<p>O gerente de PD&amp;I no Porto do Itaqui, Gabriel Mateucci, destacou programas de inova\u00e7\u00e3o do porto. \u201cTemos cerca de 37 projetos em andamento e participamos de uma alian\u00e7a pela descarboniza\u00e7\u00e3o dos portos\u201d, frisou Mateucci. Ronaldo Carmano citou o \u201cpr\u00e9-sal\u201d maranhense como importante para a economia do mar, e Patrick Freire explicou atividades trabalhadas na pasta Pesca e Aquicultura do governo do Estado.<\/p>\n<p><span style=\"color: #808080;\"><em><strong>Fonte:<\/strong><\/em><\/span><br \/>\n<span style=\"color: #808080;\"><em><strong>WComunica\u00e7\u00e3o<\/strong><\/em><\/span><\/p>\n","protected":false},"excerpt":{"rendered":"<p>Na 2\u00aa Confer\u00eancia Estadual de Ci\u00eancia e Tecnologia, Daniel Pereira mediou painelistas, em discuss\u00e3o por mais investimentos no setor portu\u00e1rio.<\/p>\n","protected":false},"author":1,"featured_media":13739,"comment_status":"closed","ping_status":"open","sticky":false,"template":"","format":"standard","meta":{"_editorskit_title_hidden":false,"_editorskit_reading_time":0,"_editorskit_is_block_options_detached":false,"_editorskit_block_options_position":"{}","ngg_post_thumbnail":0,"footnotes":""},"categories":[1],"tags":[],"class_list":["post-13738","post","type-post","status-publish","format-standard","has-post-thumbnail","hentry","category-noticias"],"yoast_head":"<!-- This site is optimized with the Yoast SEO plugin v22.5 - https:\/\/yoast.com\/wordpress\/plugins\/seo\/ -->\n<title>Economia do mar \u00e9 um farol para o desenvolvimento do Maranh\u00e3o - Portosma<\/title>\n<meta name=\"robots\" content=\"index, follow, max-snippet:-1, max-image-preview:large, max-video-preview:-1\" \/>\n<link rel=\"canonical\" href=\"https:\/\/portosma.com.br\/index.php\/2024\/03\/27\/economia-do-mar-e-um-farol-para-o-desenvolvimento-do-maranhao\/\" \/>\n<meta property=\"og:locale\" content=\"pt_BR\" \/>\n<meta property=\"og:type\" content=\"article\" \/>\n<meta property=\"og:title\" content=\"Economia do mar \u00e9 um farol para o desenvolvimento do Maranh\u00e3o - Portosma\" \/>\n<meta property=\"og:description\" content=\"Na 2\u00aa Confer\u00eancia Estadual de Ci\u00eancia e Tecnologia, Daniel Pereira mediou painelistas, em discuss\u00e3o por mais investimentos no setor portu\u00e1rio.\" \/>\n<meta property=\"og:url\" content=\"https:\/\/portosma.com.br\/index.php\/2024\/03\/27\/economia-do-mar-e-um-farol-para-o-desenvolvimento-do-maranhao\/\" \/>\n<meta property=\"og:site_name\" content=\"Portosma\" \/>\n<meta property=\"article:published_time\" content=\"2024-03-27T21:05:21+00:00\" \/>\n<meta property=\"article:modified_time\" content=\"2024-03-27T21:08:37+00:00\" \/>\n<meta property=\"og:image\" content=\"https:\/\/portosma.com.br\/wp-content\/uploads\/2024\/03\/PORTUA-1.jpg\" \/>\n\t<meta property=\"og:image:width\" content=\"1200\" \/>\n\t<meta property=\"og:image:height\" content=\"500\" \/>\n\t<meta property=\"og:image:type\" content=\"image\/jpeg\" \/>\n<meta name=\"author\" content=\"admin\" \/>\n<meta name=\"twitter:card\" content=\"summary_large_image\" \/>\n<meta name=\"twitter:label1\" content=\"Escrito por\" \/>\n\t<meta name=\"twitter:data1\" content=\"admin\" \/>\n\t<meta name=\"twitter:label2\" content=\"Est. tempo de leitura\" \/>\n\t<meta name=\"twitter:data2\" content=\"4 minutos\" \/>\n<script type=\"application\/ld+json\" class=\"yoast-schema-graph\">{\"@context\":\"https:\/\/schema.org\",\"@graph\":[{\"@type\":\"Article\",\"@id\":\"https:\/\/portosma.com.br\/index.php\/2024\/03\/27\/economia-do-mar-e-um-farol-para-o-desenvolvimento-do-maranhao\/#article\",\"isPartOf\":{\"@id\":\"https:\/\/portosma.com.br\/index.php\/2024\/03\/27\/economia-do-mar-e-um-farol-para-o-desenvolvimento-do-maranhao\/\"},\"author\":{\"name\":\"admin\",\"@id\":\"https:\/\/portosma.com.br\/#\/schema\/person\/fb92dfe283ab47293259c87c813d8623\"},\"headline\":\"Economia do mar \u00e9 um farol para o desenvolvimento do Maranh\u00e3o\",\"datePublished\":\"2024-03-27T21:05:21+00:00\",\"dateModified\":\"2024-03-27T21:08:37+00:00\",\"mainEntityOfPage\":{\"@id\":\"https:\/\/portosma.com.br\/index.php\/2024\/03\/27\/economia-do-mar-e-um-farol-para-o-desenvolvimento-do-maranhao\/\"},\"wordCount\":597,\"publisher\":{\"@id\":\"https:\/\/portosma.com.br\/#organization\"},\"image\":{\"@id\":\"https:\/\/portosma.com.br\/index.php\/2024\/03\/27\/economia-do-mar-e-um-farol-para-o-desenvolvimento-do-maranhao\/#primaryimage\"},\"thumbnailUrl\":\"https:\/\/portosma.com.br\/wp-content\/uploads\/2024\/03\/PORTUA-1.jpg\",\"articleSection\":[\"Not\u00edcias\"],\"inLanguage\":\"pt-BR\"},{\"@type\":\"WebPage\",\"@id\":\"https:\/\/portosma.com.br\/index.php\/2024\/03\/27\/economia-do-mar-e-um-farol-para-o-desenvolvimento-do-maranhao\/\",\"url\":\"https:\/\/portosma.com.br\/index.php\/2024\/03\/27\/economia-do-mar-e-um-farol-para-o-desenvolvimento-do-maranhao\/\",\"name\":\"Economia do mar \u00e9 um farol para o desenvolvimento do Maranh\u00e3o - Portosma\",\"isPartOf\":{\"@id\":\"https:\/\/portosma.com.br\/#website\"},\"primaryImageOfPage\":{\"@id\":\"https:\/\/portosma.com.br\/index.php\/2024\/03\/27\/economia-do-mar-e-um-farol-para-o-desenvolvimento-do-maranhao\/#primaryimage\"},\"image\":{\"@id\":\"https:\/\/portosma.com.br\/index.php\/2024\/03\/27\/economia-do-mar-e-um-farol-para-o-desenvolvimento-do-maranhao\/#primaryimage\"},\"thumbnailUrl\":\"https:\/\/portosma.com.br\/wp-content\/uploads\/2024\/03\/PORTUA-1.jpg\",\"datePublished\":\"2024-03-27T21:05:21+00:00\",\"dateModified\":\"2024-03-27T21:08:37+00:00\",\"breadcrumb\":{\"@id\":\"https:\/\/portosma.com.br\/index.php\/2024\/03\/27\/economia-do-mar-e-um-farol-para-o-desenvolvimento-do-maranhao\/#breadcrumb\"},\"inLanguage\":\"pt-BR\",\"potentialAction\":[{\"@type\":\"ReadAction\",\"target\":[\"https:\/\/portosma.com.br\/index.php\/2024\/03\/27\/economia-do-mar-e-um-farol-para-o-desenvolvimento-do-maranhao\/\"]}]},{\"@type\":\"ImageObject\",\"inLanguage\":\"pt-BR\",\"@id\":\"https:\/\/portosma.com.br\/index.php\/2024\/03\/27\/economia-do-mar-e-um-farol-para-o-desenvolvimento-do-maranhao\/#primaryimage\",\"url\":\"https:\/\/portosma.com.br\/wp-content\/uploads\/2024\/03\/PORTUA-1.jpg\",\"contentUrl\":\"https:\/\/portosma.com.br\/wp-content\/uploads\/2024\/03\/PORTUA-1.jpg\",\"width\":1200,\"height\":500},{\"@type\":\"BreadcrumbList\",\"@id\":\"https:\/\/portosma.com.br\/index.php\/2024\/03\/27\/economia-do-mar-e-um-farol-para-o-desenvolvimento-do-maranhao\/#breadcrumb\",\"itemListElement\":[{\"@type\":\"ListItem\",\"position\":1,\"name\":\"In\u00edcio\",\"item\":\"https:\/\/portosma.com.br\/\"},{\"@type\":\"ListItem\",\"position\":2,\"name\":\"Economia do mar \u00e9 um farol para o desenvolvimento do Maranh\u00e3o\"}]},{\"@type\":\"WebSite\",\"@id\":\"https:\/\/portosma.com.br\/#website\",\"url\":\"https:\/\/portosma.com.br\/\",\"name\":\"Portosma\",\"description\":\"Um site de not\u00edcias\",\"publisher\":{\"@id\":\"https:\/\/portosma.com.br\/#organization\"},\"potentialAction\":[{\"@type\":\"SearchAction\",\"target\":{\"@type\":\"EntryPoint\",\"urlTemplate\":\"https:\/\/portosma.com.br\/?s={search_term_string}\"},\"query-input\":\"required name=search_term_string\"}],\"inLanguage\":\"pt-BR\"},{\"@type\":\"Organization\",\"@id\":\"https:\/\/portosma.com.br\/#organization\",\"name\":\"Portosma\",\"alternateName\":\"Portosma\",\"url\":\"https:\/\/portosma.com.br\/\",\"logo\":{\"@type\":\"ImageObject\",\"inLanguage\":\"pt-BR\",\"@id\":\"https:\/\/portosma.com.br\/#\/schema\/logo\/image\/\",\"url\":\"https:\/\/portosma.com.br\/wp-content\/uploads\/2026\/03\/cropped-AD-PORTOSMA.jpg\",\"contentUrl\":\"https:\/\/portosma.com.br\/wp-content\/uploads\/2026\/03\/cropped-AD-PORTOSMA.jpg\",\"width\":400,\"height\":115,\"caption\":\"Portosma\"},\"image\":{\"@id\":\"https:\/\/portosma.com.br\/#\/schema\/logo\/image\/\"}},{\"@type\":\"Person\",\"@id\":\"https:\/\/portosma.com.br\/#\/schema\/person\/fb92dfe283ab47293259c87c813d8623\",\"name\":\"admin\",\"sameAs\":[\"https:\/\/portosma.com.br\"],\"url\":\"https:\/\/portosma.com.br\/index.php\/author\/portosma\/\"}]}<\/script>\n<!-- \/ Yoast SEO plugin. -->","yoast_head_json":{"title":"Economia do mar \u00e9 um farol para o desenvolvimento do Maranh\u00e3o - Portosma","robots":{"index":"index","follow":"follow","max-snippet":"max-snippet:-1","max-image-preview":"max-image-preview:large","max-video-preview":"max-video-preview:-1"},"canonical":"https:\/\/portosma.com.br\/index.php\/2024\/03\/27\/economia-do-mar-e-um-farol-para-o-desenvolvimento-do-maranhao\/","og_locale":"pt_BR","og_type":"article","og_title":"Economia do mar \u00e9 um farol para o desenvolvimento do Maranh\u00e3o - Portosma","og_description":"Na 2\u00aa Confer\u00eancia Estadual de Ci\u00eancia e Tecnologia, Daniel Pereira mediou painelistas, em discuss\u00e3o por mais investimentos no setor portu\u00e1rio.","og_url":"https:\/\/portosma.com.br\/index.php\/2024\/03\/27\/economia-do-mar-e-um-farol-para-o-desenvolvimento-do-maranhao\/","og_site_name":"Portosma","article_published_time":"2024-03-27T21:05:21+00:00","article_modified_time":"2024-03-27T21:08:37+00:00","og_image":[{"width":1200,"height":500,"url":"https:\/\/portosma.com.br\/wp-content\/uploads\/2024\/03\/PORTUA-1.jpg","type":"image\/jpeg"}],"author":"admin","twitter_card":"summary_large_image","twitter_misc":{"Escrito por":"admin","Est. tempo de leitura":"4 minutos"},"schema":{"@context":"https:\/\/schema.org","@graph":[{"@type":"Article","@id":"https:\/\/portosma.com.br\/index.php\/2024\/03\/27\/economia-do-mar-e-um-farol-para-o-desenvolvimento-do-maranhao\/#article","isPartOf":{"@id":"https:\/\/portosma.com.br\/index.php\/2024\/03\/27\/economia-do-mar-e-um-farol-para-o-desenvolvimento-do-maranhao\/"},"author":{"name":"admin","@id":"https:\/\/portosma.com.br\/#\/schema\/person\/fb92dfe283ab47293259c87c813d8623"},"headline":"Economia do mar \u00e9 um farol para o desenvolvimento do Maranh\u00e3o","datePublished":"2024-03-27T21:05:21+00:00","dateModified":"2024-03-27T21:08:37+00:00","mainEntityOfPage":{"@id":"https:\/\/portosma.com.br\/index.php\/2024\/03\/27\/economia-do-mar-e-um-farol-para-o-desenvolvimento-do-maranhao\/"},"wordCount":597,"publisher":{"@id":"https:\/\/portosma.com.br\/#organization"},"image":{"@id":"https:\/\/portosma.com.br\/index.php\/2024\/03\/27\/economia-do-mar-e-um-farol-para-o-desenvolvimento-do-maranhao\/#primaryimage"},"thumbnailUrl":"https:\/\/portosma.com.br\/wp-content\/uploads\/2024\/03\/PORTUA-1.jpg","articleSection":["Not\u00edcias"],"inLanguage":"pt-BR"},{"@type":"WebPage","@id":"https:\/\/portosma.com.br\/index.php\/2024\/03\/27\/economia-do-mar-e-um-farol-para-o-desenvolvimento-do-maranhao\/","url":"https:\/\/portosma.com.br\/index.php\/2024\/03\/27\/economia-do-mar-e-um-farol-para-o-desenvolvimento-do-maranhao\/","name":"Economia do mar \u00e9 um farol para o desenvolvimento do Maranh\u00e3o - Portosma","isPartOf":{"@id":"https:\/\/portosma.com.br\/#website"},"primaryImageOfPage":{"@id":"https:\/\/portosma.com.br\/index.php\/2024\/03\/27\/economia-do-mar-e-um-farol-para-o-desenvolvimento-do-maranhao\/#primaryimage"},"image":{"@id":"https:\/\/portosma.com.br\/index.php\/2024\/03\/27\/economia-do-mar-e-um-farol-para-o-desenvolvimento-do-maranhao\/#primaryimage"},"thumbnailUrl":"https:\/\/portosma.com.br\/wp-content\/uploads\/2024\/03\/PORTUA-1.jpg","datePublished":"2024-03-27T21:05:21+00:00","dateModified":"2024-03-27T21:08:37+00:00","breadcrumb":{"@id":"https:\/\/portosma.com.br\/index.php\/2024\/03\/27\/economia-do-mar-e-um-farol-para-o-desenvolvimento-do-maranhao\/#breadcrumb"},"inLanguage":"pt-BR","potentialAction":[{"@type":"ReadAction","target":["https:\/\/portosma.com.br\/index.php\/2024\/03\/27\/economia-do-mar-e-um-farol-para-o-desenvolvimento-do-maranhao\/"]}]},{"@type":"ImageObject","inLanguage":"pt-BR","@id":"https:\/\/portosma.com.br\/index.php\/2024\/03\/27\/economia-do-mar-e-um-farol-para-o-desenvolvimento-do-maranhao\/#primaryimage","url":"https:\/\/portosma.com.br\/wp-content\/uploads\/2024\/03\/PORTUA-1.jpg","contentUrl":"https:\/\/portosma.com.br\/wp-content\/uploads\/2024\/03\/PORTUA-1.jpg","width":1200,"height":500},{"@type":"BreadcrumbList","@id":"https:\/\/portosma.com.br\/index.php\/2024\/03\/27\/economia-do-mar-e-um-farol-para-o-desenvolvimento-do-maranhao\/#breadcrumb","itemListElement":[{"@type":"ListItem","position":1,"name":"In\u00edcio","item":"https:\/\/portosma.com.br\/"},{"@type":"ListItem","position":2,"name":"Economia do mar \u00e9 um farol para o desenvolvimento do Maranh\u00e3o"}]},{"@type":"WebSite","@id":"https:\/\/portosma.com.br\/#website","url":"https:\/\/portosma.com.br\/","name":"Portosma","description":"Um site de not\u00edcias","publisher":{"@id":"https:\/\/portosma.com.br\/#organization"},"potentialAction":[{"@type":"SearchAction","target":{"@type":"EntryPoint","urlTemplate":"https:\/\/portosma.com.br\/?s={search_term_string}"},"query-input":"required name=search_term_string"}],"inLanguage":"pt-BR"},{"@type":"Organization","@id":"https:\/\/portosma.com.br\/#organization","name":"Portosma","alternateName":"Portosma","url":"https:\/\/portosma.com.br\/","logo":{"@type":"ImageObject","inLanguage":"pt-BR","@id":"https:\/\/portosma.com.br\/#\/schema\/logo\/image\/","url":"https:\/\/portosma.com.br\/wp-content\/uploads\/2026\/03\/cropped-AD-PORTOSMA.jpg","contentUrl":"https:\/\/portosma.com.br\/wp-content\/uploads\/2026\/03\/cropped-AD-PORTOSMA.jpg","width":400,"height":115,"caption":"Portosma"},"image":{"@id":"https:\/\/portosma.com.br\/#\/schema\/logo\/image\/"}},{"@type":"Person","@id":"https:\/\/portosma.com.br\/#\/schema\/person\/fb92dfe283ab47293259c87c813d8623","name":"admin","sameAs":["https:\/\/portosma.com.br"],"url":"https:\/\/portosma.com.br\/index.php\/author\/portosma\/"}]}},"_links":{"self":[{"href":"https:\/\/portosma.com.br\/index.php\/wp-json\/wp\/v2\/posts\/13738","targetHints":{"allow":["GET"]}}],"collection":[{"href":"https:\/\/portosma.com.br\/index.php\/wp-json\/wp\/v2\/posts"}],"about":[{"href":"https:\/\/portosma.com.br\/index.php\/wp-json\/wp\/v2\/types\/post"}],"author":[{"embeddable":true,"href":"https:\/\/portosma.com.br\/index.php\/wp-json\/wp\/v2\/users\/1"}],"replies":[{"embeddable":true,"href":"https:\/\/portosma.com.br\/index.php\/wp-json\/wp\/v2\/comments?post=13738"}],"version-history":[{"count":4,"href":"https:\/\/portosma.com.br\/index.php\/wp-json\/wp\/v2\/posts\/13738\/revisions"}],"predecessor-version":[{"id":13746,"href":"https:\/\/portosma.com.br\/index.php\/wp-json\/wp\/v2\/posts\/13738\/revisions\/13746"}],"wp:featuredmedia":[{"embeddable":true,"href":"https:\/\/portosma.com.br\/index.php\/wp-json\/wp\/v2\/media\/13739"}],"wp:attachment":[{"href":"https:\/\/portosma.com.br\/index.php\/wp-json\/wp\/v2\/media?parent=13738"}],"wp:term":[{"taxonomy":"category","embeddable":true,"href":"https:\/\/portosma.com.br\/index.php\/wp-json\/wp\/v2\/categories?post=13738"},{"taxonomy":"post_tag","embeddable":true,"href":"https:\/\/portosma.com.br\/index.php\/wp-json\/wp\/v2\/tags?post=13738"}],"curies":[{"name":"wp","href":"https:\/\/api.w.org\/{rel}","templated":true}]}}