{"id":13481,"date":"2024-03-15T19:33:17","date_gmt":"2024-03-15T19:33:17","guid":{"rendered":"https:\/\/portosma.com.br\/?p=13481"},"modified":"2024-03-15T22:26:50","modified_gmt":"2024-03-15T22:26:50","slug":"itaqui-adere-a-alianca-brasileira-para-descarbonizacao-de-portos","status":"publish","type":"post","link":"https:\/\/portosma.com.br\/index.php\/2024\/03\/15\/itaqui-adere-a-alianca-brasileira-para-descarbonizacao-de-portos\/","title":{"rendered":"Itaqui adere a alian\u00e7a brasileira para descarboniza\u00e7\u00e3o de portos"},"content":{"rendered":"<p>A quarta-feira, 06 de mar\u00e7o, segundo dia da Intermodal 2024, foi marcada por um momento hist\u00f3rico para o setor portu\u00e1rio nacional: o lan\u00e7amento da Alian\u00e7a Brasileira para Descarboniza\u00e7\u00e3o de Portos. O evento ocorreu no estande do Porto do Itaqui, que iniciou todas as tratativas para que isso acontecesse.<\/p>\n<p>O porto do Maranh\u00e3o assume a vanguarda desse projeto promissor, ao lado de alguns dos principais portos brasileiros. Para Gilberto Lins, presidente do Porto do Itaqui, &#8220;o Itaqui se posiciona como um grande apoiador desse projeto promissor evidenciando o compromisso do governador Carlos Brand\u00e3o e do Maranh\u00e3o, em promover o desenvolvimento sustent\u00e1vel. A cria\u00e7\u00e3o dessa alian\u00e7a \u00e9 um grande marco que impactar\u00e1 positivamente as futuras opera\u00e7\u00f5es\u201d.<\/p>\n<p><img fetchpriority=\"high\" decoding=\"async\" class=\"alignnone wp-image-13491 size-full\" src=\"https:\/\/portosma.com.br\/wp-content\/uploads\/2024\/03\/carbono-6.jpg\" alt=\"\" width=\"900\" height=\"399\" srcset=\"https:\/\/portosma.com.br\/wp-content\/uploads\/2024\/03\/carbono-6.jpg 900w, https:\/\/portosma.com.br\/wp-content\/uploads\/2024\/03\/carbono-6-300x133.jpg 300w, https:\/\/portosma.com.br\/wp-content\/uploads\/2024\/03\/carbono-6-768x340.jpg 768w\" sizes=\"(max-width: 900px) 100vw, 900px\" \/><em style=\"color: #800000; font-size: 14px;\"><strong>Carlos Cordovil (Bunker), Luiz Raimundo Azevedo (ex-presidente da Valec), e S\u00edlvio Aguiar (Granel Qu\u00edmica), prestigiando o Stand da Emap\/Itaqui..<\/strong><\/em><\/p>\n<p>A Alian\u00e7a re\u00fane diversas empresas, portos p\u00fablicos e privados, associa\u00e7\u00f5es de portos, startups e todos os demais atores do setor, com o prop\u00f3sito comum de multiplicar um trabalho de descarboniza\u00e7\u00e3o dos portos brasileiros. Luane Lemos, gerente de meio ambiente do Porto do Itaqui, ressaltou: &#8220;essa alian\u00e7a \u00e9 fundamentada em uma experi\u00eancia espanhola, onde portos colaboram para descarbonizar suas opera\u00e7\u00f5es. Aqui no Brasil, com toda nossa for\u00e7a e potencial, esperamos ser um centro de troca de experi\u00eancias e tecnologias para alcan\u00e7armos a descarboniza\u00e7\u00e3o do setor portu\u00e1rio brasileiro.&#8221;<\/p>\n<p><strong>Lan\u00e7amento e Apoio Institucional<\/strong><\/p>\n<p>O lan\u00e7amento oficial da Alian\u00e7a Brasileira para Descarboniza\u00e7\u00e3o de Portos reuniu alguns dos maiores portos do Brasil, como: o Porto de Pec\u00e9m (CE); Portos do Paran\u00e1; Porto RS; Imbituba (SC); Companhia das Docas do Estado da Bahia \u2013 Codeba; Porto do A\u00e7u (RJ); Porto Sudeste (RJ); Porto de Suape (PE), al\u00e9m de entidades extremamente representativas, como a Associa\u00e7\u00e3o Brasileira dos Terminais Portu\u00e1rios \u2013 ABTP,&nbsp; Associa\u00e7\u00e3o Brasileira das Entidades Portu\u00e1rias e Hidrovi\u00e1rias \u2013 ABEPH, a Associa\u00e7\u00e3o de Terminais Portu\u00e1rios Privados \u2013 ATP e o Sindicato Nacional das Empresas de Navega\u00e7\u00e3o de Apoio Portu\u00e1rio.<\/p>\n<p><img decoding=\"async\" class=\"alignnone wp-image-13483 size-full\" src=\"https:\/\/portosma.com.br\/wp-content\/uploads\/2024\/03\/carbono-2-2.jpg\" alt=\"\" width=\"900\" height=\"551\" srcset=\"https:\/\/portosma.com.br\/wp-content\/uploads\/2024\/03\/carbono-2-2.jpg 900w, https:\/\/portosma.com.br\/wp-content\/uploads\/2024\/03\/carbono-2-2-300x184.jpg 300w, https:\/\/portosma.com.br\/wp-content\/uploads\/2024\/03\/carbono-2-2-768x470.jpg 768w\" sizes=\"(max-width: 900px) 100vw, 900px\" \/> &nbsp;<\/p>\n<p>Diversas entidades tamb\u00e9m participaram como signat\u00e1rias e fundadoras da Alian\u00e7a, incluindo o Corredor Log\u00edstica e Infraestrutura \u2013 CLI, o Cons\u00f3rcio TEGRAM (MA), a Bunker One, a ZCarbon Solu\u00e7\u00f5es em Descarboniza\u00e7\u00e3o, a VIrtu GLN, a PortGreen Consultoria, a Suzano, a Santos Brasil, a Rightship, a G5 Solu\u00e7\u00f5es Log\u00edstica, Transpetro, Granel Qu\u00edmica e a Vports. A alian\u00e7a conta, tamb\u00e9m, com o apoio institucional da Fundaci\u00f2n ValenciaPort (Espanha) e da Secretaria Nacional de Portos e Transporte Aquavi\u00e1rio, que esteve representada pelo diretor do Departamento e Novas Outorgas e Pol\u00edticas Regulat\u00f3rias Portu\u00e1rias, Bruno Neri. Em sua fala, o diretor garantiu que a agenda de descarboniza\u00e7\u00e3o \u00e9 uma prioridade do Minist\u00e9rio dos Portos e Aeroportos. \u201c A Alian\u00e7a conta com nosso apoio institucional\u201d, afirmou o diretor.<\/p>\n<p>O diretor de Desenvolvimento de Neg\u00f3cios Internacional, da Funda\u00e7\u00e3o Valenciaport (Espanha), Miguel Neri, destacou que \u201ca Alian\u00e7a representa um espa\u00e7o de colabora\u00e7\u00e3o, fomenta\u00e7\u00e3o do conhecimento, capacita\u00e7\u00e3o e apoio a todos os intervenientes envolvidos neste desafio global de descarboniza\u00e7\u00e3o das atividades portu\u00e1rias\u201d<\/p>\n<p><strong>Compromisso Sustent\u00e1vel e Eficiente<\/strong><\/p>\n<p>A cria\u00e7\u00e3o da Alian\u00e7a Brasileira para Descarboniza\u00e7\u00e3o de Portos representa um marco na busca por solu\u00e7\u00f5es sustent\u00e1veis no setor portu\u00e1rio nacional. Ao unir for\u00e7as em prol de um futuro mais limpo e eficiente, os portos brasileiros refor\u00e7am seu compromisso com a descarboniza\u00e7\u00e3o e a constru\u00e7\u00e3o de um setor portu\u00e1rio mais sustent\u00e1vel. Nesse processo o Porto do Itaqui se posiciona como protagonista por ser o primeiro porto p\u00fablico brasileiro a implantar o seu programa de descarboniza\u00e7\u00e3o, o que deve acontecer no segundo semestre deste ano.<\/p>\n<p>O evento de lan\u00e7amento foi considerado hist\u00f3rico por marcar o in\u00edcio de uma fase crucial para a transforma\u00e7\u00e3o e moderniza\u00e7\u00e3o do setor, contribuindo significativamente para um meio ambiente mais saud\u00e1vel e sustent\u00e1vel.<\/p>\n<h4><span style=\"color: #800000;\">Porto do Itaqui ganha destaque no encerramento do Intermodal e consolida posi\u00e7\u00e3o como maior porto p\u00fablico do Norte Nordeste<\/span><\/h4>\n<p><img decoding=\"async\" class=\"wp-image-13484 size-full alignleft\" src=\"https:\/\/portosma.com.br\/wp-content\/uploads\/2024\/03\/carbono-3.jpg\" alt=\"\" width=\"500\" height=\"333\" srcset=\"https:\/\/portosma.com.br\/wp-content\/uploads\/2024\/03\/carbono-3.jpg 500w, https:\/\/portosma.com.br\/wp-content\/uploads\/2024\/03\/carbono-3-300x200.jpg 300w\" sizes=\"(max-width: 500px) 100vw, 500px\" \/>No \u00faltimo dia do Intermodal, o Porto do Itaqui foi um dos grandes protagonistas, destacando-se como o maior porto p\u00fablico da regi\u00e3o Norte Nordeste. Com uma gest\u00e3o eficiente, o Porto do Itaqui atraiu olhares e neg\u00f3cios durante o evento, consolidando sua relev\u00e2ncia no cen\u00e1rio log\u00edstico nacional.<\/p>\n<p>Durante a feira, autoridades e representantes da ind\u00fastria mar\u00edtima e log\u00edstica visitaram o estande do Porto do Itaqui, onde foram apresentados \u00e0s recentes melhorias em infraestrutura e opera\u00e7\u00f5es. Com investimentos significativos, o porto ampliou sua capacidade de movimenta\u00e7\u00e3o, promovendo efici\u00eancia e competitividade.<\/p>\n<p>O destaque do Porto do Itaqui na Intermodal, um dos maiores e mais completos eventos para o segmento de transporte de cargas, log\u00edstica, intralog\u00edstica, transporte de cargas e armazenagem do mundo, n\u00e3o se limitou apenas ao tamanho de suas instala\u00e7\u00f5es, mas tamb\u00e9m \u00e0 apresenta\u00e7\u00e3o de tecnologias inovadoras para otimizar processos, como os projetos j\u00e1 concretizados pela setor de inova\u00e7\u00e3o do Porto.<\/p>\n<p>Durante o encerramento do evento, autoridades em n\u00edvel nacional e internacional enfatizaram a import\u00e2ncia estrat\u00e9gica do Porto do Itaqui para o desenvolvimento econ\u00f4mico da regi\u00e3o. A proje\u00e7\u00e3o de crescimento sustent\u00e1vel e a busca por parcerias internacionais foram destacadas como objetivos essenciais para o futuro do porto e sua contribui\u00e7\u00e3o para a cadeia log\u00edstica global.<\/p>\n<p>A Intermodal proporcionou uma oportunidade \u00fanica para o Porto do Itaqui se conectar com parceiros comerciais, promover sua infraestrutur e fortalecer la\u00e7os dentro da ind\u00fastria. Ao encerrar o evento como destaque, o Porto do Itaqui divulgou o Maranh\u00e3o e refor\u00e7ou seu papel crucial no cen\u00e1rio portu\u00e1rio brasileiro, celebrando conquistas e tra\u00e7ando planos ambiciosos para o futuro. \u201cA feira foi uma excelente oportunidade para concretizarmos neg\u00f3cios significativos, elevando o Porto do Itaqui \u00e0 vanguarda com o lan\u00e7amento da inovadora Alian\u00e7a Brasileira para Descarboniza\u00e7\u00e3o de Portos. Agrade\u00e7o \u00e0 dedicada equipe e a todos que visitaram o nosso porto. O evento intermodal foi um grande sucesso\u201d, enfatizou o presidente do Porto do Itaqui, Gilberto Lins.<\/p>\n<h4><span style=\"color: #800000;\">Soamar Brasil visita o Stand da empresa Camorim Rebocadores<\/span><\/h4>\n<p>Ainda dentro da Intermodal 2024, representantes da Soamar Brasil visitaram o stand da empresa Camorim Rebocadores onde foram recebidos pelo seu gerente comercial Jos\u00e9 Carlos Micas. Na oportunidade conheceram em destalhes os planos de investimento da empresa nesse setor vital para a o desenvolvimento das atividades portu\u00e1rias do pa\u00eds. Segundo Micas, uma linha de investimento pesado, da ordem de 200 milh\u00f5es de reais na constru\u00e7\u00e3o de cinco novos rebocadores<\/p>\n<p>\u201cCom a entrega agora do Camorim Itaja\u00ed e Camorim Cabedelo, ambos de 70 BP, a estamos completando uma demanda de 12 rebocadores, que representa uma pol\u00edtica de investimentos pesados da nossa empresa apostando e acreditando no desenvolvimento do nosso pa\u00eds\u201d, garantiu Carlos Micas.<\/p>\n<p>&nbsp;&nbsp;<img loading=\"lazy\" decoding=\"async\" class=\"alignnone wp-image-13488 size-full\" src=\"https:\/\/portosma.com.br\/wp-content\/uploads\/2024\/03\/CAMORIM-4.jpg\" alt=\"\" width=\"900\" height=\"358\" srcset=\"https:\/\/portosma.com.br\/wp-content\/uploads\/2024\/03\/CAMORIM-4.jpg 900w, https:\/\/portosma.com.br\/wp-content\/uploads\/2024\/03\/CAMORIM-4-300x119.jpg 300w, https:\/\/portosma.com.br\/wp-content\/uploads\/2024\/03\/CAMORIM-4-768x305.jpg 768w\" sizes=\"(max-width: 900px) 100vw, 900px\" \/><br \/>\n<span style=\"color: #800000;\"><em><strong>Na foto, pela ordem, Jamiro Dias, presidente da Soamar Cear\u00e1; Orson Moraes R\u00eago, presidente da Soamar Brasil; Jos\u00e9 Carlos Micas, da Gerente Comercial da Camorim Rebocadores; Richard Granthame, Vice-presidente da Soamar Rio Grande e Marcelo Branco, presidente da Soamar Paranagu\u00e1. Abaixo os rebocadores Itaj\u00e1i e Cabedelo, os dois novos integrantes da frota da empresa Camorim Rebocadores.<\/strong><\/em><\/span><\/p>\n<p><img loading=\"lazy\" decoding=\"async\" class=\"alignnone wp-image-13486 size-full\" src=\"https:\/\/portosma.com.br\/wp-content\/uploads\/2024\/03\/CAMORIM-2.jpg\" alt=\"\" width=\"900\" height=\"484\" srcset=\"https:\/\/portosma.com.br\/wp-content\/uploads\/2024\/03\/CAMORIM-2.jpg 900w, https:\/\/portosma.com.br\/wp-content\/uploads\/2024\/03\/CAMORIM-2-300x161.jpg 300w, https:\/\/portosma.com.br\/wp-content\/uploads\/2024\/03\/CAMORIM-2-768x413.jpg 768w\" sizes=\"(max-width: 900px) 100vw, 900px\" \/><\/p>\n<p><img loading=\"lazy\" decoding=\"async\" class=\"alignnone wp-image-13487 size-full\" src=\"https:\/\/portosma.com.br\/wp-content\/uploads\/2024\/03\/CAMORIM-3.jpg\" alt=\"\" width=\"900\" height=\"508\" srcset=\"https:\/\/portosma.com.br\/wp-content\/uploads\/2024\/03\/CAMORIM-3.jpg 900w, https:\/\/portosma.com.br\/wp-content\/uploads\/2024\/03\/CAMORIM-3-300x169.jpg 300w, https:\/\/portosma.com.br\/wp-content\/uploads\/2024\/03\/CAMORIM-3-768x433.jpg 768w\" sizes=\"(max-width: 900px) 100vw, 900px\" \/><\/p>\n","protected":false},"excerpt":{"rendered":"<p>O porto do Maranh\u00e3o assume a vanguarda desse projeto promissor, ao lado dos principais portos brasileiros na Intermodal 2024, em S\u00e3o Paulo.<\/p>\n","protected":false},"author":1,"featured_media":13482,"comment_status":"closed","ping_status":"open","sticky":false,"template":"","format":"standard","meta":{"_editorskit_title_hidden":false,"_editorskit_reading_time":0,"_editorskit_is_block_options_detached":false,"_editorskit_block_options_position":"{}","ngg_post_thumbnail":0,"footnotes":""},"categories":[1],"tags":[],"class_list":["post-13481","post","type-post","status-publish","format-standard","has-post-thumbnail","hentry","category-noticias"],"yoast_head":"<!-- This site is optimized with the Yoast SEO plugin v22.5 - https:\/\/yoast.com\/wordpress\/plugins\/seo\/ -->\n<title>Itaqui adere a alian\u00e7a brasileira para descarboniza\u00e7\u00e3o de portos - Portosma<\/title>\n<meta name=\"robots\" content=\"index, follow, max-snippet:-1, max-image-preview:large, max-video-preview:-1\" \/>\n<link rel=\"canonical\" href=\"https:\/\/portosma.com.br\/index.php\/2024\/03\/15\/itaqui-adere-a-alianca-brasileira-para-descarbonizacao-de-portos\/\" \/>\n<meta property=\"og:locale\" content=\"pt_BR\" \/>\n<meta property=\"og:type\" content=\"article\" \/>\n<meta property=\"og:title\" content=\"Itaqui adere a alian\u00e7a brasileira para descarboniza\u00e7\u00e3o de portos - Portosma\" \/>\n<meta property=\"og:description\" content=\"O porto do Maranh\u00e3o assume a vanguarda desse projeto promissor, ao lado dos principais portos brasileiros na Intermodal 2024, em S\u00e3o Paulo.\" \/>\n<meta property=\"og:url\" content=\"https:\/\/portosma.com.br\/index.php\/2024\/03\/15\/itaqui-adere-a-alianca-brasileira-para-descarbonizacao-de-portos\/\" \/>\n<meta property=\"og:site_name\" content=\"Portosma\" \/>\n<meta property=\"article:published_time\" content=\"2024-03-15T19:33:17+00:00\" \/>\n<meta property=\"article:modified_time\" content=\"2024-03-15T22:26:50+00:00\" \/>\n<meta property=\"og:image\" content=\"https:\/\/portosma.com.br\/wp-content\/uploads\/2024\/03\/carbono-1-2.jpg\" \/>\n\t<meta property=\"og:image:width\" content=\"1200\" \/>\n\t<meta property=\"og:image:height\" content=\"504\" \/>\n\t<meta property=\"og:image:type\" content=\"image\/jpeg\" \/>\n<meta name=\"author\" content=\"admin\" \/>\n<meta name=\"twitter:card\" content=\"summary_large_image\" \/>\n<meta name=\"twitter:label1\" content=\"Escrito por\" \/>\n\t<meta name=\"twitter:data1\" content=\"admin\" \/>\n\t<meta name=\"twitter:label2\" content=\"Est. tempo de leitura\" \/>\n\t<meta name=\"twitter:data2\" content=\"8 minutos\" \/>\n<script type=\"application\/ld+json\" class=\"yoast-schema-graph\">{\"@context\":\"https:\/\/schema.org\",\"@graph\":[{\"@type\":\"Article\",\"@id\":\"https:\/\/portosma.com.br\/index.php\/2024\/03\/15\/itaqui-adere-a-alianca-brasileira-para-descarbonizacao-de-portos\/#article\",\"isPartOf\":{\"@id\":\"https:\/\/portosma.com.br\/index.php\/2024\/03\/15\/itaqui-adere-a-alianca-brasileira-para-descarbonizacao-de-portos\/\"},\"author\":{\"name\":\"admin\",\"@id\":\"https:\/\/portosma.com.br\/#\/schema\/person\/fb92dfe283ab47293259c87c813d8623\"},\"headline\":\"Itaqui adere a alian\u00e7a brasileira para descarboniza\u00e7\u00e3o de portos\",\"datePublished\":\"2024-03-15T19:33:17+00:00\",\"dateModified\":\"2024-03-15T22:26:50+00:00\",\"mainEntityOfPage\":{\"@id\":\"https:\/\/portosma.com.br\/index.php\/2024\/03\/15\/itaqui-adere-a-alianca-brasileira-para-descarbonizacao-de-portos\/\"},\"wordCount\":1253,\"publisher\":{\"@id\":\"https:\/\/portosma.com.br\/#organization\"},\"image\":{\"@id\":\"https:\/\/portosma.com.br\/index.php\/2024\/03\/15\/itaqui-adere-a-alianca-brasileira-para-descarbonizacao-de-portos\/#primaryimage\"},\"thumbnailUrl\":\"https:\/\/portosma.com.br\/wp-content\/uploads\/2024\/03\/carbono-1-2.jpg\",\"articleSection\":[\"Not\u00edcias\"],\"inLanguage\":\"pt-BR\"},{\"@type\":\"WebPage\",\"@id\":\"https:\/\/portosma.com.br\/index.php\/2024\/03\/15\/itaqui-adere-a-alianca-brasileira-para-descarbonizacao-de-portos\/\",\"url\":\"https:\/\/portosma.com.br\/index.php\/2024\/03\/15\/itaqui-adere-a-alianca-brasileira-para-descarbonizacao-de-portos\/\",\"name\":\"Itaqui adere a alian\u00e7a brasileira para descarboniza\u00e7\u00e3o de portos - Portosma\",\"isPartOf\":{\"@id\":\"https:\/\/portosma.com.br\/#website\"},\"primaryImageOfPage\":{\"@id\":\"https:\/\/portosma.com.br\/index.php\/2024\/03\/15\/itaqui-adere-a-alianca-brasileira-para-descarbonizacao-de-portos\/#primaryimage\"},\"image\":{\"@id\":\"https:\/\/portosma.com.br\/index.php\/2024\/03\/15\/itaqui-adere-a-alianca-brasileira-para-descarbonizacao-de-portos\/#primaryimage\"},\"thumbnailUrl\":\"https:\/\/portosma.com.br\/wp-content\/uploads\/2024\/03\/carbono-1-2.jpg\",\"datePublished\":\"2024-03-15T19:33:17+00:00\",\"dateModified\":\"2024-03-15T22:26:50+00:00\",\"breadcrumb\":{\"@id\":\"https:\/\/portosma.com.br\/index.php\/2024\/03\/15\/itaqui-adere-a-alianca-brasileira-para-descarbonizacao-de-portos\/#breadcrumb\"},\"inLanguage\":\"pt-BR\",\"potentialAction\":[{\"@type\":\"ReadAction\",\"target\":[\"https:\/\/portosma.com.br\/index.php\/2024\/03\/15\/itaqui-adere-a-alianca-brasileira-para-descarbonizacao-de-portos\/\"]}]},{\"@type\":\"ImageObject\",\"inLanguage\":\"pt-BR\",\"@id\":\"https:\/\/portosma.com.br\/index.php\/2024\/03\/15\/itaqui-adere-a-alianca-brasileira-para-descarbonizacao-de-portos\/#primaryimage\",\"url\":\"https:\/\/portosma.com.br\/wp-content\/uploads\/2024\/03\/carbono-1-2.jpg\",\"contentUrl\":\"https:\/\/portosma.com.br\/wp-content\/uploads\/2024\/03\/carbono-1-2.jpg\",\"width\":1200,\"height\":504},{\"@type\":\"BreadcrumbList\",\"@id\":\"https:\/\/portosma.com.br\/index.php\/2024\/03\/15\/itaqui-adere-a-alianca-brasileira-para-descarbonizacao-de-portos\/#breadcrumb\",\"itemListElement\":[{\"@type\":\"ListItem\",\"position\":1,\"name\":\"In\u00edcio\",\"item\":\"https:\/\/portosma.com.br\/\"},{\"@type\":\"ListItem\",\"position\":2,\"name\":\"Itaqui adere a alian\u00e7a brasileira para descarboniza\u00e7\u00e3o de portos\"}]},{\"@type\":\"WebSite\",\"@id\":\"https:\/\/portosma.com.br\/#website\",\"url\":\"https:\/\/portosma.com.br\/\",\"name\":\"Portosma\",\"description\":\"Um site de not\u00edcias\",\"publisher\":{\"@id\":\"https:\/\/portosma.com.br\/#organization\"},\"potentialAction\":[{\"@type\":\"SearchAction\",\"target\":{\"@type\":\"EntryPoint\",\"urlTemplate\":\"https:\/\/portosma.com.br\/?s={search_term_string}\"},\"query-input\":\"required name=search_term_string\"}],\"inLanguage\":\"pt-BR\"},{\"@type\":\"Organization\",\"@id\":\"https:\/\/portosma.com.br\/#organization\",\"name\":\"Portosma\",\"alternateName\":\"Portosma\",\"url\":\"https:\/\/portosma.com.br\/\",\"logo\":{\"@type\":\"ImageObject\",\"inLanguage\":\"pt-BR\",\"@id\":\"https:\/\/portosma.com.br\/#\/schema\/logo\/image\/\",\"url\":\"https:\/\/portosma.com.br\/wp-content\/uploads\/2026\/03\/cropped-AD-PORTOSMA.jpg\",\"contentUrl\":\"https:\/\/portosma.com.br\/wp-content\/uploads\/2026\/03\/cropped-AD-PORTOSMA.jpg\",\"width\":400,\"height\":115,\"caption\":\"Portosma\"},\"image\":{\"@id\":\"https:\/\/portosma.com.br\/#\/schema\/logo\/image\/\"}},{\"@type\":\"Person\",\"@id\":\"https:\/\/portosma.com.br\/#\/schema\/person\/fb92dfe283ab47293259c87c813d8623\",\"name\":\"admin\",\"sameAs\":[\"https:\/\/portosma.com.br\"],\"url\":\"https:\/\/portosma.com.br\/index.php\/author\/portosma\/\"}]}<\/script>\n<!-- \/ Yoast SEO plugin. -->","yoast_head_json":{"title":"Itaqui adere a alian\u00e7a brasileira para descarboniza\u00e7\u00e3o de portos - Portosma","robots":{"index":"index","follow":"follow","max-snippet":"max-snippet:-1","max-image-preview":"max-image-preview:large","max-video-preview":"max-video-preview:-1"},"canonical":"https:\/\/portosma.com.br\/index.php\/2024\/03\/15\/itaqui-adere-a-alianca-brasileira-para-descarbonizacao-de-portos\/","og_locale":"pt_BR","og_type":"article","og_title":"Itaqui adere a alian\u00e7a brasileira para descarboniza\u00e7\u00e3o de portos - Portosma","og_description":"O porto do Maranh\u00e3o assume a vanguarda desse projeto promissor, ao lado dos principais portos brasileiros na Intermodal 2024, em S\u00e3o Paulo.","og_url":"https:\/\/portosma.com.br\/index.php\/2024\/03\/15\/itaqui-adere-a-alianca-brasileira-para-descarbonizacao-de-portos\/","og_site_name":"Portosma","article_published_time":"2024-03-15T19:33:17+00:00","article_modified_time":"2024-03-15T22:26:50+00:00","og_image":[{"width":1200,"height":504,"url":"https:\/\/portosma.com.br\/wp-content\/uploads\/2024\/03\/carbono-1-2.jpg","type":"image\/jpeg"}],"author":"admin","twitter_card":"summary_large_image","twitter_misc":{"Escrito por":"admin","Est. tempo de leitura":"8 minutos"},"schema":{"@context":"https:\/\/schema.org","@graph":[{"@type":"Article","@id":"https:\/\/portosma.com.br\/index.php\/2024\/03\/15\/itaqui-adere-a-alianca-brasileira-para-descarbonizacao-de-portos\/#article","isPartOf":{"@id":"https:\/\/portosma.com.br\/index.php\/2024\/03\/15\/itaqui-adere-a-alianca-brasileira-para-descarbonizacao-de-portos\/"},"author":{"name":"admin","@id":"https:\/\/portosma.com.br\/#\/schema\/person\/fb92dfe283ab47293259c87c813d8623"},"headline":"Itaqui adere a alian\u00e7a brasileira para descarboniza\u00e7\u00e3o de portos","datePublished":"2024-03-15T19:33:17+00:00","dateModified":"2024-03-15T22:26:50+00:00","mainEntityOfPage":{"@id":"https:\/\/portosma.com.br\/index.php\/2024\/03\/15\/itaqui-adere-a-alianca-brasileira-para-descarbonizacao-de-portos\/"},"wordCount":1253,"publisher":{"@id":"https:\/\/portosma.com.br\/#organization"},"image":{"@id":"https:\/\/portosma.com.br\/index.php\/2024\/03\/15\/itaqui-adere-a-alianca-brasileira-para-descarbonizacao-de-portos\/#primaryimage"},"thumbnailUrl":"https:\/\/portosma.com.br\/wp-content\/uploads\/2024\/03\/carbono-1-2.jpg","articleSection":["Not\u00edcias"],"inLanguage":"pt-BR"},{"@type":"WebPage","@id":"https:\/\/portosma.com.br\/index.php\/2024\/03\/15\/itaqui-adere-a-alianca-brasileira-para-descarbonizacao-de-portos\/","url":"https:\/\/portosma.com.br\/index.php\/2024\/03\/15\/itaqui-adere-a-alianca-brasileira-para-descarbonizacao-de-portos\/","name":"Itaqui adere a alian\u00e7a brasileira para descarboniza\u00e7\u00e3o de portos - Portosma","isPartOf":{"@id":"https:\/\/portosma.com.br\/#website"},"primaryImageOfPage":{"@id":"https:\/\/portosma.com.br\/index.php\/2024\/03\/15\/itaqui-adere-a-alianca-brasileira-para-descarbonizacao-de-portos\/#primaryimage"},"image":{"@id":"https:\/\/portosma.com.br\/index.php\/2024\/03\/15\/itaqui-adere-a-alianca-brasileira-para-descarbonizacao-de-portos\/#primaryimage"},"thumbnailUrl":"https:\/\/portosma.com.br\/wp-content\/uploads\/2024\/03\/carbono-1-2.jpg","datePublished":"2024-03-15T19:33:17+00:00","dateModified":"2024-03-15T22:26:50+00:00","breadcrumb":{"@id":"https:\/\/portosma.com.br\/index.php\/2024\/03\/15\/itaqui-adere-a-alianca-brasileira-para-descarbonizacao-de-portos\/#breadcrumb"},"inLanguage":"pt-BR","potentialAction":[{"@type":"ReadAction","target":["https:\/\/portosma.com.br\/index.php\/2024\/03\/15\/itaqui-adere-a-alianca-brasileira-para-descarbonizacao-de-portos\/"]}]},{"@type":"ImageObject","inLanguage":"pt-BR","@id":"https:\/\/portosma.com.br\/index.php\/2024\/03\/15\/itaqui-adere-a-alianca-brasileira-para-descarbonizacao-de-portos\/#primaryimage","url":"https:\/\/portosma.com.br\/wp-content\/uploads\/2024\/03\/carbono-1-2.jpg","contentUrl":"https:\/\/portosma.com.br\/wp-content\/uploads\/2024\/03\/carbono-1-2.jpg","width":1200,"height":504},{"@type":"BreadcrumbList","@id":"https:\/\/portosma.com.br\/index.php\/2024\/03\/15\/itaqui-adere-a-alianca-brasileira-para-descarbonizacao-de-portos\/#breadcrumb","itemListElement":[{"@type":"ListItem","position":1,"name":"In\u00edcio","item":"https:\/\/portosma.com.br\/"},{"@type":"ListItem","position":2,"name":"Itaqui adere a alian\u00e7a brasileira para descarboniza\u00e7\u00e3o de portos"}]},{"@type":"WebSite","@id":"https:\/\/portosma.com.br\/#website","url":"https:\/\/portosma.com.br\/","name":"Portosma","description":"Um site de not\u00edcias","publisher":{"@id":"https:\/\/portosma.com.br\/#organization"},"potentialAction":[{"@type":"SearchAction","target":{"@type":"EntryPoint","urlTemplate":"https:\/\/portosma.com.br\/?s={search_term_string}"},"query-input":"required name=search_term_string"}],"inLanguage":"pt-BR"},{"@type":"Organization","@id":"https:\/\/portosma.com.br\/#organization","name":"Portosma","alternateName":"Portosma","url":"https:\/\/portosma.com.br\/","logo":{"@type":"ImageObject","inLanguage":"pt-BR","@id":"https:\/\/portosma.com.br\/#\/schema\/logo\/image\/","url":"https:\/\/portosma.com.br\/wp-content\/uploads\/2026\/03\/cropped-AD-PORTOSMA.jpg","contentUrl":"https:\/\/portosma.com.br\/wp-content\/uploads\/2026\/03\/cropped-AD-PORTOSMA.jpg","width":400,"height":115,"caption":"Portosma"},"image":{"@id":"https:\/\/portosma.com.br\/#\/schema\/logo\/image\/"}},{"@type":"Person","@id":"https:\/\/portosma.com.br\/#\/schema\/person\/fb92dfe283ab47293259c87c813d8623","name":"admin","sameAs":["https:\/\/portosma.com.br"],"url":"https:\/\/portosma.com.br\/index.php\/author\/portosma\/"}]}},"_links":{"self":[{"href":"https:\/\/portosma.com.br\/index.php\/wp-json\/wp\/v2\/posts\/13481","targetHints":{"allow":["GET"]}}],"collection":[{"href":"https:\/\/portosma.com.br\/index.php\/wp-json\/wp\/v2\/posts"}],"about":[{"href":"https:\/\/portosma.com.br\/index.php\/wp-json\/wp\/v2\/types\/post"}],"author":[{"embeddable":true,"href":"https:\/\/portosma.com.br\/index.php\/wp-json\/wp\/v2\/users\/1"}],"replies":[{"embeddable":true,"href":"https:\/\/portosma.com.br\/index.php\/wp-json\/wp\/v2\/comments?post=13481"}],"version-history":[{"count":6,"href":"https:\/\/portosma.com.br\/index.php\/wp-json\/wp\/v2\/posts\/13481\/revisions"}],"predecessor-version":[{"id":13496,"href":"https:\/\/portosma.com.br\/index.php\/wp-json\/wp\/v2\/posts\/13481\/revisions\/13496"}],"wp:featuredmedia":[{"embeddable":true,"href":"https:\/\/portosma.com.br\/index.php\/wp-json\/wp\/v2\/media\/13482"}],"wp:attachment":[{"href":"https:\/\/portosma.com.br\/index.php\/wp-json\/wp\/v2\/media?parent=13481"}],"wp:term":[{"taxonomy":"category","embeddable":true,"href":"https:\/\/portosma.com.br\/index.php\/wp-json\/wp\/v2\/categories?post=13481"},{"taxonomy":"post_tag","embeddable":true,"href":"https:\/\/portosma.com.br\/index.php\/wp-json\/wp\/v2\/tags?post=13481"}],"curies":[{"name":"wp","href":"https:\/\/api.w.org\/{rel}","templated":true}]}}