{"id":13433,"date":"2024-03-13T12:55:40","date_gmt":"2024-03-13T12:55:40","guid":{"rendered":"https:\/\/portosma.com.br\/?p=13433"},"modified":"2024-03-13T13:01:50","modified_gmt":"2024-03-13T13:01:50","slug":"igualdade-de-genero-e-debate-continuo-no-setor-portuario-do-maranhao","status":"publish","type":"post","link":"https:\/\/portosma.com.br\/index.php\/2024\/03\/13\/igualdade-de-genero-e-debate-continuo-no-setor-portuario-do-maranhao\/","title":{"rendered":"Igualdade de g\u00eanero \u00e9 debate cont\u00ednuo no setor portu\u00e1rio do MA"},"content":{"rendered":"<h4><span style=\"color: #800000;\">No Ogmo Itaqui, atualmente, 67% dos cargos de Gest\u00e3o e Operacional s\u00e3o ocupados por mulheres e&nbsp; esse indicador n\u00e3o resulta da prefer\u00eancia, mas sim igualdade de oportunidades.<\/span><\/h4>\n<p>O tema de g\u00eanero entrou no debate internacional, num movimento transversal e unido \u00e0 percep\u00e7\u00e3o de que a igualdade de oportunidades entre homens e mulheres em todas as esferas faz as na\u00e7\u00f5es crescerem mais e com mais renda. Pela primeira vez, a desigualdade de g\u00eanero est\u00e1 na pauta do G20, o encontro das maiores economias do planeta, marcado para 18 e 19 de novembro de 2024, no Rio de Janeiro (RJ). Em S\u00e3o Lu\u00eds, discuss\u00f5es sobre o poder feminino, com enfoque no crescimento econ\u00f4mico do setor portu\u00e1rio ganharam uma manh\u00e3 inteira de palestra, na sexta-feira (8), organizada pelo OGMO, \u00f3rg\u00e3o gestor de m\u00e3o de obra avulsa do Porto do Itaqui.<\/p>\n<p>A diretora executiva do OGMO Itaqui, Ana Cl\u00e1udia Barbosa, afirmou que a pauta vem avan\u00e7ando nos \u00faltimos anos \u00e0s margens de eventos institucionais da empresa. Tamb\u00e9m, est\u00e1 na agenda do grupo \u201cMulheres &amp; Portos\u201d, com representa\u00e7\u00e3o de&nbsp; mulheres dos portos de todo o Brasil. Ana \u00e9 ainda diretora de desenvolvimento do grupo Mulheres &amp; Portos.<\/p>\n<figure id=\"attachment_13436\" aria-describedby=\"caption-attachment-13436\" style=\"width: 350px\" class=\"wp-caption alignleft\"><img fetchpriority=\"high\" decoding=\"async\" class=\"wp-image-13436\" src=\"https:\/\/portosma.com.br\/wp-content\/uploads\/2024\/03\/FOTO-4.jpg\" alt=\"\" width=\"350\" height=\"359\" srcset=\"https:\/\/portosma.com.br\/wp-content\/uploads\/2024\/03\/FOTO-4.jpg 450w, https:\/\/portosma.com.br\/wp-content\/uploads\/2024\/03\/FOTO-4-293x300.jpg 293w\" sizes=\"(max-width: 350px) 100vw, 350px\" \/><figcaption id=\"caption-attachment-13436\" class=\"wp-caption-text\"><span style=\"color: #800000;\"><em><strong>Tatiana Costa e Ana Barbosa<\/strong><\/em><\/span><\/figcaption><\/figure>\n<p>\u201cTrabalhamos para reduzir o d\u00e9ficit que \u00e9 a equidade de g\u00eanero na \u00e1rea portu\u00e1ria, que ainda \u00e9 predominantemente masculina. N\u00f3s temos, por exemplo, apenas 17,5% de mulheres em cargos no setor aquavi\u00e1rio brasileiro. Quando falamos de Ogmos do Brasil, para se ter uma ideia, eu e mais duas mulheres, Shana Bertol em Paranagu\u00e1 (PR), e Daniela Pinheiro em Salvador (BA), ocupamos a posi\u00e7\u00e3o de Diretoras Executivas. A equidade deve fazer parte tamb\u00e9m do planejamento estrat\u00e9gico das empresas.<\/p>\n<p>NO OGMO Itaqui, atualmente, 67% dos cargos de Gest\u00e3o e Operacional s\u00e3o ocupados por mulheres e&nbsp; esse indicador n\u00e3o resulta da prefer\u00eancia, mas sim da igualdade de oportunidades nos processos de atra\u00e7\u00e3o e sele\u00e7\u00e3o realizados pelo nosso RH, onde a compet\u00eancia e habilidades para o exerc\u00edcio da fun\u00e7\u00e3o foram os requisitos adotados. Nos 30 anos, que ser\u00e3o completados em setembro deste ano, sou a primeira mulher na dire\u00e7\u00e3o do OGMO Itaqui\u201d, declarou Ana Barbosa, tamb\u00e9m diretora de desenvolvimento do Grupo Mulheres &amp; Portos.<\/p>\n<p><strong>S\u00f3 17,5% do total de vagas<\/strong><\/p>\n<p>A porcentagem citada pela Ana faz parte de um levantamento de dados sobre equidade de g\u00eanero no setor feito pela Ag\u00eancia Nacional de Transportes Aquavi\u00e1rios (Anaq). A pesquisa \u00e9 a primeira das a\u00e7\u00f5es da Autarquia no Protocolo de Inten\u00e7\u00f5es, assinado em mar\u00e7o de 2022, entre a Ag\u00eancia e a Women&#8217;s International Shipping and Trading Association (WISTA-Brazil) que busca um melhor equil\u00edbrio de g\u00eanero no setor. Ao todo, foram 302 empresas do setor que responderam os question\u00e1rios. Formaram parte da pesquisa: Terminais Autorizados; Terminais Arrendados; Autoridades Portu\u00e1rias e empresas brasileiras de navega\u00e7\u00e3o (EBN).<\/p>\n<p><strong>Palestra o Poder Feminino<\/strong><\/p>\n<p>O OGMO celebrou o Dia Internacional da Mulher (na \u00faltima sexta-feira, dia 8\/3), com v\u00e1rios eventos durante a semana do projeto \u201cPorto por Elas\u201d, cuja programa\u00e7\u00e3o foi finalizada com a palestra \u201cO poder feminino: historicidade, direitos e representatividade\u201d. A palestrante foi a vice-presidente da OAB\/MA e membro da Comiss\u00e3o Nacional da Mulher Advogada do Conselho Federal da OAB, Tatiana Costa, sendo que o evento aconteceu pela manh\u00e3, no audit\u00f3rio Lagoa Corporate, em S\u00e3o Lu\u00eds.<\/p>\n<p>&nbsp;\u201cEu recebi o convite da Ana Barbosa para falar do poder feminino, que se constituem em tr\u00eas \u00e1reas: historicidade, direito e representatividade. Mas, o que trazer sobre poder? Eu resolvi trazer tr\u00eas passos que me ajudaram a conquistar o espa\u00e7o de lideran\u00e7a, que s\u00e3o autoconhecimento, intelig\u00eancia emocional e autoresponsabilidade\u201d, declarou Tatiana.<\/p>\n<p>Associados do OGMO falaram da import\u00e2ncia de eventos como este. \u201cEste \u00e9 um momento em que estamos trocando ideias fora da \u00e1rea operacional, quando falamos tamb\u00e9m de assuntos n\u00e3o t\u00e3o operacionais. \u00c9 um momento de nos conhecermos, trocarmos ideias e sermos mulheres\u201d, disse Jackeline Gama, que \u00e9 gerente de sa\u00fade e seguran\u00e7a da Emap.<\/p>\n<p>\u201c\u00c9 preciso cada vez mais dar voz \u00e0s mulheres, e o \u2018Porto por Elas\u2019 significa muito essa valoriza\u00e7\u00e3o\u201d, destacou Betanha Dias, que \u00e9 supervisora de Recursos Humanos da Granel Qu\u00edmica. \u201cA mulher n\u00e3o desmerece em nada na intelig\u00eancia, na vontade de fazer\u201d, enfatizou Gorete Moraes, que \u00e9 diretora de Recursos Humanos da Copi Opera\u00e7\u00f5es Integradas.<\/p>\n<figure id=\"attachment_13435\" aria-describedby=\"caption-attachment-13435\" style=\"width: 900px\" class=\"wp-caption alignnone\"><img decoding=\"async\" class=\"wp-image-13435 size-full\" src=\"https:\/\/portosma.com.br\/wp-content\/uploads\/2024\/03\/FOTO-2.jpg\" alt=\"\" width=\"900\" height=\"506\" srcset=\"https:\/\/portosma.com.br\/wp-content\/uploads\/2024\/03\/FOTO-2.jpg 900w, https:\/\/portosma.com.br\/wp-content\/uploads\/2024\/03\/FOTO-2-300x169.jpg 300w, https:\/\/portosma.com.br\/wp-content\/uploads\/2024\/03\/FOTO-2-768x432.jpg 768w\" sizes=\"(max-width: 900px) 100vw, 900px\" \/><figcaption id=\"caption-attachment-13435\" class=\"wp-caption-text\"><span style=\"color: #800000;\"><em><strong>Betalha Dias, Jackeline Gama e Gorete Moraes.<\/strong><\/em><\/span><\/figcaption><\/figure>\n<p>&#8220;Acreditamos que eventos que promovam conex\u00f5es entre as mulheres, criam&nbsp; espa\u00e7os e oportunidades para a troca de experi\u00eancias. A capacita\u00e7\u00e3o profissional e empoderamento feminino \u00e9 essencial para que mais mulheres se sintam encorajadas a atuar no segmento portu\u00e1rio e ocupar qualquer posi\u00e7\u00e3o&#8221;, afirmou M\u00e1rcia Maranh\u00e3o, do DHO &#8211; OGMO Itaqui.<\/p>\n<p>&nbsp;<\/p>\n<p><span style=\"color: #808080;\"><em><strong>Fonte:<\/strong><\/em><\/span><br \/>\n<span style=\"color: #808080;\"><em><strong>WComunica\u00e7\u00e3o e Assessoria.<\/strong><\/em><\/span><\/p>\n","protected":false},"excerpt":{"rendered":"<p>No Ogmo  Itaqui 67% dos cargos de Gest\u00e3o e Operacional s\u00e3o ocupados por mulheres. Uma busca permanente por igualdade de oportunidades.<\/p>\n","protected":false},"author":1,"featured_media":13434,"comment_status":"closed","ping_status":"open","sticky":false,"template":"","format":"standard","meta":{"_editorskit_title_hidden":false,"_editorskit_reading_time":0,"_editorskit_is_block_options_detached":false,"_editorskit_block_options_position":"{}","ngg_post_thumbnail":0,"footnotes":""},"categories":[1],"tags":[],"class_list":["post-13433","post","type-post","status-publish","format-standard","has-post-thumbnail","hentry","category-noticias"],"yoast_head":"<!-- This site is optimized with the Yoast SEO plugin v22.5 - https:\/\/yoast.com\/wordpress\/plugins\/seo\/ -->\n<title>Igualdade de g\u00eanero \u00e9 debate cont\u00ednuo no setor portu\u00e1rio do MA - Portosma<\/title>\n<meta name=\"robots\" content=\"index, follow, max-snippet:-1, max-image-preview:large, max-video-preview:-1\" \/>\n<link rel=\"canonical\" href=\"https:\/\/portosma.com.br\/index.php\/2024\/03\/13\/igualdade-de-genero-e-debate-continuo-no-setor-portuario-do-maranhao\/\" \/>\n<meta property=\"og:locale\" content=\"pt_BR\" \/>\n<meta property=\"og:type\" content=\"article\" \/>\n<meta property=\"og:title\" content=\"Igualdade de g\u00eanero \u00e9 debate cont\u00ednuo no setor portu\u00e1rio do MA - Portosma\" \/>\n<meta property=\"og:description\" content=\"No Ogmo Itaqui 67% dos cargos de Gest\u00e3o e Operacional s\u00e3o ocupados por mulheres. Uma busca permanente por igualdade de oportunidades.\" \/>\n<meta property=\"og:url\" content=\"https:\/\/portosma.com.br\/index.php\/2024\/03\/13\/igualdade-de-genero-e-debate-continuo-no-setor-portuario-do-maranhao\/\" \/>\n<meta property=\"og:site_name\" content=\"Portosma\" \/>\n<meta property=\"article:published_time\" content=\"2024-03-13T12:55:40+00:00\" \/>\n<meta property=\"article:modified_time\" content=\"2024-03-13T13:01:50+00:00\" \/>\n<meta property=\"og:image\" content=\"https:\/\/portosma.com.br\/wp-content\/uploads\/2024\/03\/FOTO-5.jpg\" \/>\n\t<meta property=\"og:image:width\" content=\"1200\" \/>\n\t<meta property=\"og:image:height\" content=\"506\" \/>\n\t<meta property=\"og:image:type\" content=\"image\/jpeg\" \/>\n<meta name=\"author\" content=\"admin\" \/>\n<meta name=\"twitter:card\" content=\"summary_large_image\" \/>\n<meta name=\"twitter:label1\" content=\"Escrito por\" \/>\n\t<meta name=\"twitter:data1\" content=\"admin\" \/>\n\t<meta name=\"twitter:label2\" content=\"Est. tempo de leitura\" \/>\n\t<meta name=\"twitter:data2\" content=\"5 minutos\" \/>\n<script type=\"application\/ld+json\" class=\"yoast-schema-graph\">{\"@context\":\"https:\/\/schema.org\",\"@graph\":[{\"@type\":\"Article\",\"@id\":\"https:\/\/portosma.com.br\/index.php\/2024\/03\/13\/igualdade-de-genero-e-debate-continuo-no-setor-portuario-do-maranhao\/#article\",\"isPartOf\":{\"@id\":\"https:\/\/portosma.com.br\/index.php\/2024\/03\/13\/igualdade-de-genero-e-debate-continuo-no-setor-portuario-do-maranhao\/\"},\"author\":{\"name\":\"admin\",\"@id\":\"https:\/\/portosma.com.br\/#\/schema\/person\/fb92dfe283ab47293259c87c813d8623\"},\"headline\":\"Igualdade de g\u00eanero \u00e9 debate cont\u00ednuo no setor portu\u00e1rio do MA\",\"datePublished\":\"2024-03-13T12:55:40+00:00\",\"dateModified\":\"2024-03-13T13:01:50+00:00\",\"mainEntityOfPage\":{\"@id\":\"https:\/\/portosma.com.br\/index.php\/2024\/03\/13\/igualdade-de-genero-e-debate-continuo-no-setor-portuario-do-maranhao\/\"},\"wordCount\":848,\"publisher\":{\"@id\":\"https:\/\/portosma.com.br\/#organization\"},\"image\":{\"@id\":\"https:\/\/portosma.com.br\/index.php\/2024\/03\/13\/igualdade-de-genero-e-debate-continuo-no-setor-portuario-do-maranhao\/#primaryimage\"},\"thumbnailUrl\":\"https:\/\/portosma.com.br\/wp-content\/uploads\/2024\/03\/FOTO-5.jpg\",\"articleSection\":[\"Not\u00edcias\"],\"inLanguage\":\"pt-BR\"},{\"@type\":\"WebPage\",\"@id\":\"https:\/\/portosma.com.br\/index.php\/2024\/03\/13\/igualdade-de-genero-e-debate-continuo-no-setor-portuario-do-maranhao\/\",\"url\":\"https:\/\/portosma.com.br\/index.php\/2024\/03\/13\/igualdade-de-genero-e-debate-continuo-no-setor-portuario-do-maranhao\/\",\"name\":\"Igualdade de g\u00eanero \u00e9 debate cont\u00ednuo no setor portu\u00e1rio do MA - Portosma\",\"isPartOf\":{\"@id\":\"https:\/\/portosma.com.br\/#website\"},\"primaryImageOfPage\":{\"@id\":\"https:\/\/portosma.com.br\/index.php\/2024\/03\/13\/igualdade-de-genero-e-debate-continuo-no-setor-portuario-do-maranhao\/#primaryimage\"},\"image\":{\"@id\":\"https:\/\/portosma.com.br\/index.php\/2024\/03\/13\/igualdade-de-genero-e-debate-continuo-no-setor-portuario-do-maranhao\/#primaryimage\"},\"thumbnailUrl\":\"https:\/\/portosma.com.br\/wp-content\/uploads\/2024\/03\/FOTO-5.jpg\",\"datePublished\":\"2024-03-13T12:55:40+00:00\",\"dateModified\":\"2024-03-13T13:01:50+00:00\",\"breadcrumb\":{\"@id\":\"https:\/\/portosma.com.br\/index.php\/2024\/03\/13\/igualdade-de-genero-e-debate-continuo-no-setor-portuario-do-maranhao\/#breadcrumb\"},\"inLanguage\":\"pt-BR\",\"potentialAction\":[{\"@type\":\"ReadAction\",\"target\":[\"https:\/\/portosma.com.br\/index.php\/2024\/03\/13\/igualdade-de-genero-e-debate-continuo-no-setor-portuario-do-maranhao\/\"]}]},{\"@type\":\"ImageObject\",\"inLanguage\":\"pt-BR\",\"@id\":\"https:\/\/portosma.com.br\/index.php\/2024\/03\/13\/igualdade-de-genero-e-debate-continuo-no-setor-portuario-do-maranhao\/#primaryimage\",\"url\":\"https:\/\/portosma.com.br\/wp-content\/uploads\/2024\/03\/FOTO-5.jpg\",\"contentUrl\":\"https:\/\/portosma.com.br\/wp-content\/uploads\/2024\/03\/FOTO-5.jpg\",\"width\":1200,\"height\":506},{\"@type\":\"BreadcrumbList\",\"@id\":\"https:\/\/portosma.com.br\/index.php\/2024\/03\/13\/igualdade-de-genero-e-debate-continuo-no-setor-portuario-do-maranhao\/#breadcrumb\",\"itemListElement\":[{\"@type\":\"ListItem\",\"position\":1,\"name\":\"In\u00edcio\",\"item\":\"https:\/\/portosma.com.br\/\"},{\"@type\":\"ListItem\",\"position\":2,\"name\":\"Igualdade de g\u00eanero \u00e9 debate cont\u00ednuo no setor portu\u00e1rio do MA\"}]},{\"@type\":\"WebSite\",\"@id\":\"https:\/\/portosma.com.br\/#website\",\"url\":\"https:\/\/portosma.com.br\/\",\"name\":\"Portosma\",\"description\":\"Um site de not\u00edcias\",\"publisher\":{\"@id\":\"https:\/\/portosma.com.br\/#organization\"},\"potentialAction\":[{\"@type\":\"SearchAction\",\"target\":{\"@type\":\"EntryPoint\",\"urlTemplate\":\"https:\/\/portosma.com.br\/?s={search_term_string}\"},\"query-input\":\"required name=search_term_string\"}],\"inLanguage\":\"pt-BR\"},{\"@type\":\"Organization\",\"@id\":\"https:\/\/portosma.com.br\/#organization\",\"name\":\"Portosma\",\"alternateName\":\"Portosma\",\"url\":\"https:\/\/portosma.com.br\/\",\"logo\":{\"@type\":\"ImageObject\",\"inLanguage\":\"pt-BR\",\"@id\":\"https:\/\/portosma.com.br\/#\/schema\/logo\/image\/\",\"url\":\"https:\/\/portosma.com.br\/wp-content\/uploads\/2026\/03\/cropped-AD-PORTOSMA.jpg\",\"contentUrl\":\"https:\/\/portosma.com.br\/wp-content\/uploads\/2026\/03\/cropped-AD-PORTOSMA.jpg\",\"width\":400,\"height\":115,\"caption\":\"Portosma\"},\"image\":{\"@id\":\"https:\/\/portosma.com.br\/#\/schema\/logo\/image\/\"}},{\"@type\":\"Person\",\"@id\":\"https:\/\/portosma.com.br\/#\/schema\/person\/fb92dfe283ab47293259c87c813d8623\",\"name\":\"admin\",\"sameAs\":[\"https:\/\/portosma.com.br\"],\"url\":\"https:\/\/portosma.com.br\/index.php\/author\/portosma\/\"}]}<\/script>\n<!-- \/ Yoast SEO plugin. -->","yoast_head_json":{"title":"Igualdade de g\u00eanero \u00e9 debate cont\u00ednuo no setor portu\u00e1rio do MA - Portosma","robots":{"index":"index","follow":"follow","max-snippet":"max-snippet:-1","max-image-preview":"max-image-preview:large","max-video-preview":"max-video-preview:-1"},"canonical":"https:\/\/portosma.com.br\/index.php\/2024\/03\/13\/igualdade-de-genero-e-debate-continuo-no-setor-portuario-do-maranhao\/","og_locale":"pt_BR","og_type":"article","og_title":"Igualdade de g\u00eanero \u00e9 debate cont\u00ednuo no setor portu\u00e1rio do MA - Portosma","og_description":"No Ogmo Itaqui 67% dos cargos de Gest\u00e3o e Operacional s\u00e3o ocupados por mulheres. Uma busca permanente por igualdade de oportunidades.","og_url":"https:\/\/portosma.com.br\/index.php\/2024\/03\/13\/igualdade-de-genero-e-debate-continuo-no-setor-portuario-do-maranhao\/","og_site_name":"Portosma","article_published_time":"2024-03-13T12:55:40+00:00","article_modified_time":"2024-03-13T13:01:50+00:00","og_image":[{"width":1200,"height":506,"url":"https:\/\/portosma.com.br\/wp-content\/uploads\/2024\/03\/FOTO-5.jpg","type":"image\/jpeg"}],"author":"admin","twitter_card":"summary_large_image","twitter_misc":{"Escrito por":"admin","Est. tempo de leitura":"5 minutos"},"schema":{"@context":"https:\/\/schema.org","@graph":[{"@type":"Article","@id":"https:\/\/portosma.com.br\/index.php\/2024\/03\/13\/igualdade-de-genero-e-debate-continuo-no-setor-portuario-do-maranhao\/#article","isPartOf":{"@id":"https:\/\/portosma.com.br\/index.php\/2024\/03\/13\/igualdade-de-genero-e-debate-continuo-no-setor-portuario-do-maranhao\/"},"author":{"name":"admin","@id":"https:\/\/portosma.com.br\/#\/schema\/person\/fb92dfe283ab47293259c87c813d8623"},"headline":"Igualdade de g\u00eanero \u00e9 debate cont\u00ednuo no setor portu\u00e1rio do MA","datePublished":"2024-03-13T12:55:40+00:00","dateModified":"2024-03-13T13:01:50+00:00","mainEntityOfPage":{"@id":"https:\/\/portosma.com.br\/index.php\/2024\/03\/13\/igualdade-de-genero-e-debate-continuo-no-setor-portuario-do-maranhao\/"},"wordCount":848,"publisher":{"@id":"https:\/\/portosma.com.br\/#organization"},"image":{"@id":"https:\/\/portosma.com.br\/index.php\/2024\/03\/13\/igualdade-de-genero-e-debate-continuo-no-setor-portuario-do-maranhao\/#primaryimage"},"thumbnailUrl":"https:\/\/portosma.com.br\/wp-content\/uploads\/2024\/03\/FOTO-5.jpg","articleSection":["Not\u00edcias"],"inLanguage":"pt-BR"},{"@type":"WebPage","@id":"https:\/\/portosma.com.br\/index.php\/2024\/03\/13\/igualdade-de-genero-e-debate-continuo-no-setor-portuario-do-maranhao\/","url":"https:\/\/portosma.com.br\/index.php\/2024\/03\/13\/igualdade-de-genero-e-debate-continuo-no-setor-portuario-do-maranhao\/","name":"Igualdade de g\u00eanero \u00e9 debate cont\u00ednuo no setor portu\u00e1rio do MA - Portosma","isPartOf":{"@id":"https:\/\/portosma.com.br\/#website"},"primaryImageOfPage":{"@id":"https:\/\/portosma.com.br\/index.php\/2024\/03\/13\/igualdade-de-genero-e-debate-continuo-no-setor-portuario-do-maranhao\/#primaryimage"},"image":{"@id":"https:\/\/portosma.com.br\/index.php\/2024\/03\/13\/igualdade-de-genero-e-debate-continuo-no-setor-portuario-do-maranhao\/#primaryimage"},"thumbnailUrl":"https:\/\/portosma.com.br\/wp-content\/uploads\/2024\/03\/FOTO-5.jpg","datePublished":"2024-03-13T12:55:40+00:00","dateModified":"2024-03-13T13:01:50+00:00","breadcrumb":{"@id":"https:\/\/portosma.com.br\/index.php\/2024\/03\/13\/igualdade-de-genero-e-debate-continuo-no-setor-portuario-do-maranhao\/#breadcrumb"},"inLanguage":"pt-BR","potentialAction":[{"@type":"ReadAction","target":["https:\/\/portosma.com.br\/index.php\/2024\/03\/13\/igualdade-de-genero-e-debate-continuo-no-setor-portuario-do-maranhao\/"]}]},{"@type":"ImageObject","inLanguage":"pt-BR","@id":"https:\/\/portosma.com.br\/index.php\/2024\/03\/13\/igualdade-de-genero-e-debate-continuo-no-setor-portuario-do-maranhao\/#primaryimage","url":"https:\/\/portosma.com.br\/wp-content\/uploads\/2024\/03\/FOTO-5.jpg","contentUrl":"https:\/\/portosma.com.br\/wp-content\/uploads\/2024\/03\/FOTO-5.jpg","width":1200,"height":506},{"@type":"BreadcrumbList","@id":"https:\/\/portosma.com.br\/index.php\/2024\/03\/13\/igualdade-de-genero-e-debate-continuo-no-setor-portuario-do-maranhao\/#breadcrumb","itemListElement":[{"@type":"ListItem","position":1,"name":"In\u00edcio","item":"https:\/\/portosma.com.br\/"},{"@type":"ListItem","position":2,"name":"Igualdade de g\u00eanero \u00e9 debate cont\u00ednuo no setor portu\u00e1rio do MA"}]},{"@type":"WebSite","@id":"https:\/\/portosma.com.br\/#website","url":"https:\/\/portosma.com.br\/","name":"Portosma","description":"Um site de not\u00edcias","publisher":{"@id":"https:\/\/portosma.com.br\/#organization"},"potentialAction":[{"@type":"SearchAction","target":{"@type":"EntryPoint","urlTemplate":"https:\/\/portosma.com.br\/?s={search_term_string}"},"query-input":"required name=search_term_string"}],"inLanguage":"pt-BR"},{"@type":"Organization","@id":"https:\/\/portosma.com.br\/#organization","name":"Portosma","alternateName":"Portosma","url":"https:\/\/portosma.com.br\/","logo":{"@type":"ImageObject","inLanguage":"pt-BR","@id":"https:\/\/portosma.com.br\/#\/schema\/logo\/image\/","url":"https:\/\/portosma.com.br\/wp-content\/uploads\/2026\/03\/cropped-AD-PORTOSMA.jpg","contentUrl":"https:\/\/portosma.com.br\/wp-content\/uploads\/2026\/03\/cropped-AD-PORTOSMA.jpg","width":400,"height":115,"caption":"Portosma"},"image":{"@id":"https:\/\/portosma.com.br\/#\/schema\/logo\/image\/"}},{"@type":"Person","@id":"https:\/\/portosma.com.br\/#\/schema\/person\/fb92dfe283ab47293259c87c813d8623","name":"admin","sameAs":["https:\/\/portosma.com.br"],"url":"https:\/\/portosma.com.br\/index.php\/author\/portosma\/"}]}},"_links":{"self":[{"href":"https:\/\/portosma.com.br\/index.php\/wp-json\/wp\/v2\/posts\/13433","targetHints":{"allow":["GET"]}}],"collection":[{"href":"https:\/\/portosma.com.br\/index.php\/wp-json\/wp\/v2\/posts"}],"about":[{"href":"https:\/\/portosma.com.br\/index.php\/wp-json\/wp\/v2\/types\/post"}],"author":[{"embeddable":true,"href":"https:\/\/portosma.com.br\/index.php\/wp-json\/wp\/v2\/users\/1"}],"replies":[{"embeddable":true,"href":"https:\/\/portosma.com.br\/index.php\/wp-json\/wp\/v2\/comments?post=13433"}],"version-history":[{"count":8,"href":"https:\/\/portosma.com.br\/index.php\/wp-json\/wp\/v2\/posts\/13433\/revisions"}],"predecessor-version":[{"id":13444,"href":"https:\/\/portosma.com.br\/index.php\/wp-json\/wp\/v2\/posts\/13433\/revisions\/13444"}],"wp:featuredmedia":[{"embeddable":true,"href":"https:\/\/portosma.com.br\/index.php\/wp-json\/wp\/v2\/media\/13434"}],"wp:attachment":[{"href":"https:\/\/portosma.com.br\/index.php\/wp-json\/wp\/v2\/media?parent=13433"}],"wp:term":[{"taxonomy":"category","embeddable":true,"href":"https:\/\/portosma.com.br\/index.php\/wp-json\/wp\/v2\/categories?post=13433"},{"taxonomy":"post_tag","embeddable":true,"href":"https:\/\/portosma.com.br\/index.php\/wp-json\/wp\/v2\/tags?post=13433"}],"curies":[{"name":"wp","href":"https:\/\/api.w.org\/{rel}","templated":true}]}}