{"id":13063,"date":"2024-02-27T14:58:37","date_gmt":"2024-02-27T14:58:37","guid":{"rendered":"https:\/\/portosma.com.br\/?p=13063"},"modified":"2024-03-01T13:03:20","modified_gmt":"2024-03-01T13:03:20","slug":"navio-menelaos-recebe-no-itaqui-54-mil-t-de-concentrado-de-cobre","status":"publish","type":"post","link":"https:\/\/portosma.com.br\/index.php\/2024\/02\/27\/navio-menelaos-recebe-no-itaqui-54-mil-t-de-concentrado-de-cobre\/","title":{"rendered":"Navio Menelaos recebe no Itaqui 54 mil\/t de concentrado de cobre"},"content":{"rendered":"<h4><span style=\"color: #800000;\">Depois do Itaqui, o Manelaos tem como destino os portos de Brunsbuttel na Alemanha, Ronnskar na Su\u00e9cia e Szczecin na Pol\u00f4nia.<\/span><\/h4>\n<p>Numa opera\u00e7\u00e3o in\u00e9dita para o Complexo Portu\u00e1rio do Maranh\u00e3o, (em termos de volume), o navio Menelaos, de bandeira do Panam\u00e1, est\u00e1 recebendo uma carga de 54 mil toneladas de concentrado de cobre.<\/p>\n<p>Atracado no ber\u00e7o 105 do Itaqui \u2013 administrado pela Vale e dona da carca &#8211; o carregamento est\u00e1 sendo feito pela pr\u00f3pria mineradora, usando um de seus modernos CN, ou Carregadores de Navios.<\/p>\n<p>Toda opera\u00e7\u00e3o \u00e9 de responsabilidade da G5SL, que conta com uma equipe de v\u00e1rios profissionais portu\u00e1rios como operador de carregador de navios (CN), e um inspetor de embarques. A Ambr\u00f3sio Mar\u00edtimos tamb\u00e9m participa da opera\u00e7\u00e3o com o Supercargo Giovane Ambr\u00f3sio.<\/p>\n<p>O produto, que tem como origem as minas de Sossego e Salobo, ambas pertencentes a mineradora Vale, e localizadas no que a mineradora chama de Serra Norte, onde, al\u00e9m dessas duas minas, opera na produ\u00e7\u00e3o de min\u00e9rio de ferro e mangan\u00eas.<\/p>\n<figure id=\"attachment_13137\" aria-describedby=\"caption-attachment-13137\" style=\"width: 900px\" class=\"wp-caption alignnone\"><img fetchpriority=\"high\" decoding=\"async\" class=\"wp-image-13137 size-full\" src=\"https:\/\/portosma.com.br\/wp-content\/uploads\/2024\/02\/G5SL-3.jpg\" alt=\"\" width=\"900\" height=\"328\" srcset=\"https:\/\/portosma.com.br\/wp-content\/uploads\/2024\/02\/G5SL-3.jpg 900w, https:\/\/portosma.com.br\/wp-content\/uploads\/2024\/02\/G5SL-3-300x109.jpg 300w, https:\/\/portosma.com.br\/wp-content\/uploads\/2024\/02\/G5SL-3-768x280.jpg 768w\" sizes=\"(max-width: 900px) 100vw, 900px\" \/><figcaption id=\"caption-attachment-13137\" class=\"wp-caption-text\"><span style=\"color: #800000;\"><em><strong>Equipe da G5SL com o Supercargo Giovane Ambr\u00f3sio, no Porto do Itaqui e a carga de concentrado de cobre.<\/strong><\/em><\/span><\/figcaption><\/figure>\n<p>A produ\u00e7\u00e3o de cobre e n\u00edquel, no entanto, \u00e9 feita nas minas do Sossego, Salobo e On\u00e7a Puma. Neste caso, do concentrado de cobre, o min\u00e9rio chega a S\u00e3o Lu\u00eds pela Ferrovia de Caraj\u00e1s e fica armazenado nos silos da mineradora at\u00e9 o embarque para exporta\u00e7\u00e3o.<\/p>\n<p>Depois de ser carregado com 54 mil toneladas de concentrado de cobre, o navio Manelaos tem como portos de destinos Brunsbuttel na Alemanha, Ronnskar na Su\u00e9cia e Szczecin na Pol\u00f4nia. Do total da carga, Sossego responde por 23 mil toneladas e Salobo com 31 mil.<\/p>\n<p><img decoding=\"async\" class=\"alignnone wp-image-13066 size-full\" src=\"https:\/\/portosma.com.br\/wp-content\/uploads\/2024\/02\/COBRE-2.jpg\" alt=\"\" width=\"900\" height=\"418\" srcset=\"https:\/\/portosma.com.br\/wp-content\/uploads\/2024\/02\/COBRE-2.jpg 900w, https:\/\/portosma.com.br\/wp-content\/uploads\/2024\/02\/COBRE-2-300x139.jpg 300w, https:\/\/portosma.com.br\/wp-content\/uploads\/2024\/02\/COBRE-2-768x357.jpg 768w\" sizes=\"(max-width: 900px) 100vw, 900px\" \/><\/p>\n<p><strong>Para que serve o concentrado de cobre<\/strong> \u2013 Usado na agricultura como fertilizante mineral, \u00e9 Ideal para Ideal para pulverizar as folhas de flores, horta, \u00e1rvores frut\u00edferas e demais plantas. A pulveriza\u00e7\u00e3o \u00e9 feita com cobertura total em todas as partes da planta. Deve ser utilizado com o tempo n\u00e3o chuvoso e de prefer\u00eancia nos hor\u00e1rios mais frescos do dia &#8211; manh\u00e3 ou fim de tarde \u2013 e, tamb\u00e9m, n\u00e3o desse ser aplicado durante a flora\u00e7\u00e3o.<\/p>\n","protected":false},"excerpt":{"rendered":"<p>Depois do Itaqui, no Maranh\u00e3o, o Manelaos tem como portos de destinos Brunsbuttel na Alemanha, Ronnskar na Su\u00e9cia e Szczecin na Pol\u00f4nia.<\/p>\n","protected":false},"author":1,"featured_media":13065,"comment_status":"closed","ping_status":"open","sticky":false,"template":"","format":"standard","meta":{"_editorskit_title_hidden":false,"_editorskit_reading_time":0,"_editorskit_is_block_options_detached":false,"_editorskit_block_options_position":"{}","ngg_post_thumbnail":0,"footnotes":""},"categories":[1],"tags":[],"class_list":["post-13063","post","type-post","status-publish","format-standard","has-post-thumbnail","hentry","category-noticias"],"yoast_head":"<!-- This site is optimized with the Yoast SEO plugin v22.5 - https:\/\/yoast.com\/wordpress\/plugins\/seo\/ -->\n<title>Navio Menelaos recebe no Itaqui 54 mil\/t de concentrado de cobre - Portosma<\/title>\n<meta name=\"robots\" content=\"index, follow, max-snippet:-1, max-image-preview:large, max-video-preview:-1\" \/>\n<link rel=\"canonical\" href=\"https:\/\/portosma.com.br\/index.php\/2024\/02\/27\/navio-menelaos-recebe-no-itaqui-54-mil-t-de-concentrado-de-cobre\/\" \/>\n<meta property=\"og:locale\" content=\"pt_BR\" \/>\n<meta property=\"og:type\" content=\"article\" \/>\n<meta property=\"og:title\" content=\"Navio Menelaos recebe no Itaqui 54 mil\/t de concentrado de cobre - Portosma\" \/>\n<meta property=\"og:description\" content=\"Depois do Itaqui, no Maranh\u00e3o, o Manelaos tem como portos de destinos Brunsbuttel na Alemanha, Ronnskar na Su\u00e9cia e Szczecin na Pol\u00f4nia.\" \/>\n<meta property=\"og:url\" content=\"https:\/\/portosma.com.br\/index.php\/2024\/02\/27\/navio-menelaos-recebe-no-itaqui-54-mil-t-de-concentrado-de-cobre\/\" \/>\n<meta property=\"og:site_name\" content=\"Portosma\" \/>\n<meta property=\"article:published_time\" content=\"2024-02-27T14:58:37+00:00\" \/>\n<meta property=\"article:modified_time\" content=\"2024-03-01T13:03:20+00:00\" \/>\n<meta property=\"og:image\" content=\"https:\/\/portosma.com.br\/wp-content\/uploads\/2024\/02\/MENALAOS.jpg\" \/>\n\t<meta property=\"og:image:width\" content=\"1200\" \/>\n\t<meta property=\"og:image:height\" content=\"503\" \/>\n\t<meta property=\"og:image:type\" content=\"image\/jpeg\" \/>\n<meta name=\"author\" content=\"admin\" \/>\n<meta name=\"twitter:card\" content=\"summary_large_image\" \/>\n<meta name=\"twitter:label1\" content=\"Escrito por\" \/>\n\t<meta name=\"twitter:data1\" content=\"admin\" \/>\n\t<meta name=\"twitter:label2\" content=\"Est. tempo de leitura\" \/>\n\t<meta name=\"twitter:data2\" content=\"3 minutos\" \/>\n<script type=\"application\/ld+json\" class=\"yoast-schema-graph\">{\"@context\":\"https:\/\/schema.org\",\"@graph\":[{\"@type\":\"Article\",\"@id\":\"https:\/\/portosma.com.br\/index.php\/2024\/02\/27\/navio-menelaos-recebe-no-itaqui-54-mil-t-de-concentrado-de-cobre\/#article\",\"isPartOf\":{\"@id\":\"https:\/\/portosma.com.br\/index.php\/2024\/02\/27\/navio-menelaos-recebe-no-itaqui-54-mil-t-de-concentrado-de-cobre\/\"},\"author\":{\"name\":\"admin\",\"@id\":\"https:\/\/portosma.com.br\/#\/schema\/person\/fb92dfe283ab47293259c87c813d8623\"},\"headline\":\"Navio Menelaos recebe no Itaqui 54 mil\/t de concentrado de cobre\",\"datePublished\":\"2024-02-27T14:58:37+00:00\",\"dateModified\":\"2024-03-01T13:03:20+00:00\",\"mainEntityOfPage\":{\"@id\":\"https:\/\/portosma.com.br\/index.php\/2024\/02\/27\/navio-menelaos-recebe-no-itaqui-54-mil-t-de-concentrado-de-cobre\/\"},\"wordCount\":400,\"publisher\":{\"@id\":\"https:\/\/portosma.com.br\/#organization\"},\"image\":{\"@id\":\"https:\/\/portosma.com.br\/index.php\/2024\/02\/27\/navio-menelaos-recebe-no-itaqui-54-mil-t-de-concentrado-de-cobre\/#primaryimage\"},\"thumbnailUrl\":\"https:\/\/portosma.com.br\/wp-content\/uploads\/2024\/02\/MENALAOS.jpg\",\"articleSection\":[\"Not\u00edcias\"],\"inLanguage\":\"pt-BR\"},{\"@type\":\"WebPage\",\"@id\":\"https:\/\/portosma.com.br\/index.php\/2024\/02\/27\/navio-menelaos-recebe-no-itaqui-54-mil-t-de-concentrado-de-cobre\/\",\"url\":\"https:\/\/portosma.com.br\/index.php\/2024\/02\/27\/navio-menelaos-recebe-no-itaqui-54-mil-t-de-concentrado-de-cobre\/\",\"name\":\"Navio Menelaos recebe no Itaqui 54 mil\/t de concentrado de cobre - Portosma\",\"isPartOf\":{\"@id\":\"https:\/\/portosma.com.br\/#website\"},\"primaryImageOfPage\":{\"@id\":\"https:\/\/portosma.com.br\/index.php\/2024\/02\/27\/navio-menelaos-recebe-no-itaqui-54-mil-t-de-concentrado-de-cobre\/#primaryimage\"},\"image\":{\"@id\":\"https:\/\/portosma.com.br\/index.php\/2024\/02\/27\/navio-menelaos-recebe-no-itaqui-54-mil-t-de-concentrado-de-cobre\/#primaryimage\"},\"thumbnailUrl\":\"https:\/\/portosma.com.br\/wp-content\/uploads\/2024\/02\/MENALAOS.jpg\",\"datePublished\":\"2024-02-27T14:58:37+00:00\",\"dateModified\":\"2024-03-01T13:03:20+00:00\",\"breadcrumb\":{\"@id\":\"https:\/\/portosma.com.br\/index.php\/2024\/02\/27\/navio-menelaos-recebe-no-itaqui-54-mil-t-de-concentrado-de-cobre\/#breadcrumb\"},\"inLanguage\":\"pt-BR\",\"potentialAction\":[{\"@type\":\"ReadAction\",\"target\":[\"https:\/\/portosma.com.br\/index.php\/2024\/02\/27\/navio-menelaos-recebe-no-itaqui-54-mil-t-de-concentrado-de-cobre\/\"]}]},{\"@type\":\"ImageObject\",\"inLanguage\":\"pt-BR\",\"@id\":\"https:\/\/portosma.com.br\/index.php\/2024\/02\/27\/navio-menelaos-recebe-no-itaqui-54-mil-t-de-concentrado-de-cobre\/#primaryimage\",\"url\":\"https:\/\/portosma.com.br\/wp-content\/uploads\/2024\/02\/MENALAOS.jpg\",\"contentUrl\":\"https:\/\/portosma.com.br\/wp-content\/uploads\/2024\/02\/MENALAOS.jpg\",\"width\":1200,\"height\":503},{\"@type\":\"BreadcrumbList\",\"@id\":\"https:\/\/portosma.com.br\/index.php\/2024\/02\/27\/navio-menelaos-recebe-no-itaqui-54-mil-t-de-concentrado-de-cobre\/#breadcrumb\",\"itemListElement\":[{\"@type\":\"ListItem\",\"position\":1,\"name\":\"In\u00edcio\",\"item\":\"https:\/\/portosma.com.br\/\"},{\"@type\":\"ListItem\",\"position\":2,\"name\":\"Navio Menelaos recebe no Itaqui 54 mil\/t de concentrado de cobre\"}]},{\"@type\":\"WebSite\",\"@id\":\"https:\/\/portosma.com.br\/#website\",\"url\":\"https:\/\/portosma.com.br\/\",\"name\":\"Portosma\",\"description\":\"Um site de not\u00edcias\",\"publisher\":{\"@id\":\"https:\/\/portosma.com.br\/#organization\"},\"potentialAction\":[{\"@type\":\"SearchAction\",\"target\":{\"@type\":\"EntryPoint\",\"urlTemplate\":\"https:\/\/portosma.com.br\/?s={search_term_string}\"},\"query-input\":\"required name=search_term_string\"}],\"inLanguage\":\"pt-BR\"},{\"@type\":\"Organization\",\"@id\":\"https:\/\/portosma.com.br\/#organization\",\"name\":\"Portosma\",\"alternateName\":\"Portosma\",\"url\":\"https:\/\/portosma.com.br\/\",\"logo\":{\"@type\":\"ImageObject\",\"inLanguage\":\"pt-BR\",\"@id\":\"https:\/\/portosma.com.br\/#\/schema\/logo\/image\/\",\"url\":\"https:\/\/portosma.com.br\/wp-content\/uploads\/2026\/03\/cropped-AD-PORTOSMA.jpg\",\"contentUrl\":\"https:\/\/portosma.com.br\/wp-content\/uploads\/2026\/03\/cropped-AD-PORTOSMA.jpg\",\"width\":400,\"height\":115,\"caption\":\"Portosma\"},\"image\":{\"@id\":\"https:\/\/portosma.com.br\/#\/schema\/logo\/image\/\"}},{\"@type\":\"Person\",\"@id\":\"https:\/\/portosma.com.br\/#\/schema\/person\/fb92dfe283ab47293259c87c813d8623\",\"name\":\"admin\",\"sameAs\":[\"https:\/\/portosma.com.br\"],\"url\":\"https:\/\/portosma.com.br\/index.php\/author\/portosma\/\"}]}<\/script>\n<!-- \/ Yoast SEO plugin. -->","yoast_head_json":{"title":"Navio Menelaos recebe no Itaqui 54 mil\/t de concentrado de cobre - Portosma","robots":{"index":"index","follow":"follow","max-snippet":"max-snippet:-1","max-image-preview":"max-image-preview:large","max-video-preview":"max-video-preview:-1"},"canonical":"https:\/\/portosma.com.br\/index.php\/2024\/02\/27\/navio-menelaos-recebe-no-itaqui-54-mil-t-de-concentrado-de-cobre\/","og_locale":"pt_BR","og_type":"article","og_title":"Navio Menelaos recebe no Itaqui 54 mil\/t de concentrado de cobre - Portosma","og_description":"Depois do Itaqui, no Maranh\u00e3o, o Manelaos tem como portos de destinos Brunsbuttel na Alemanha, Ronnskar na Su\u00e9cia e Szczecin na Pol\u00f4nia.","og_url":"https:\/\/portosma.com.br\/index.php\/2024\/02\/27\/navio-menelaos-recebe-no-itaqui-54-mil-t-de-concentrado-de-cobre\/","og_site_name":"Portosma","article_published_time":"2024-02-27T14:58:37+00:00","article_modified_time":"2024-03-01T13:03:20+00:00","og_image":[{"width":1200,"height":503,"url":"https:\/\/portosma.com.br\/wp-content\/uploads\/2024\/02\/MENALAOS.jpg","type":"image\/jpeg"}],"author":"admin","twitter_card":"summary_large_image","twitter_misc":{"Escrito por":"admin","Est. tempo de leitura":"3 minutos"},"schema":{"@context":"https:\/\/schema.org","@graph":[{"@type":"Article","@id":"https:\/\/portosma.com.br\/index.php\/2024\/02\/27\/navio-menelaos-recebe-no-itaqui-54-mil-t-de-concentrado-de-cobre\/#article","isPartOf":{"@id":"https:\/\/portosma.com.br\/index.php\/2024\/02\/27\/navio-menelaos-recebe-no-itaqui-54-mil-t-de-concentrado-de-cobre\/"},"author":{"name":"admin","@id":"https:\/\/portosma.com.br\/#\/schema\/person\/fb92dfe283ab47293259c87c813d8623"},"headline":"Navio Menelaos recebe no Itaqui 54 mil\/t de concentrado de cobre","datePublished":"2024-02-27T14:58:37+00:00","dateModified":"2024-03-01T13:03:20+00:00","mainEntityOfPage":{"@id":"https:\/\/portosma.com.br\/index.php\/2024\/02\/27\/navio-menelaos-recebe-no-itaqui-54-mil-t-de-concentrado-de-cobre\/"},"wordCount":400,"publisher":{"@id":"https:\/\/portosma.com.br\/#organization"},"image":{"@id":"https:\/\/portosma.com.br\/index.php\/2024\/02\/27\/navio-menelaos-recebe-no-itaqui-54-mil-t-de-concentrado-de-cobre\/#primaryimage"},"thumbnailUrl":"https:\/\/portosma.com.br\/wp-content\/uploads\/2024\/02\/MENALAOS.jpg","articleSection":["Not\u00edcias"],"inLanguage":"pt-BR"},{"@type":"WebPage","@id":"https:\/\/portosma.com.br\/index.php\/2024\/02\/27\/navio-menelaos-recebe-no-itaqui-54-mil-t-de-concentrado-de-cobre\/","url":"https:\/\/portosma.com.br\/index.php\/2024\/02\/27\/navio-menelaos-recebe-no-itaqui-54-mil-t-de-concentrado-de-cobre\/","name":"Navio Menelaos recebe no Itaqui 54 mil\/t de concentrado de cobre - Portosma","isPartOf":{"@id":"https:\/\/portosma.com.br\/#website"},"primaryImageOfPage":{"@id":"https:\/\/portosma.com.br\/index.php\/2024\/02\/27\/navio-menelaos-recebe-no-itaqui-54-mil-t-de-concentrado-de-cobre\/#primaryimage"},"image":{"@id":"https:\/\/portosma.com.br\/index.php\/2024\/02\/27\/navio-menelaos-recebe-no-itaqui-54-mil-t-de-concentrado-de-cobre\/#primaryimage"},"thumbnailUrl":"https:\/\/portosma.com.br\/wp-content\/uploads\/2024\/02\/MENALAOS.jpg","datePublished":"2024-02-27T14:58:37+00:00","dateModified":"2024-03-01T13:03:20+00:00","breadcrumb":{"@id":"https:\/\/portosma.com.br\/index.php\/2024\/02\/27\/navio-menelaos-recebe-no-itaqui-54-mil-t-de-concentrado-de-cobre\/#breadcrumb"},"inLanguage":"pt-BR","potentialAction":[{"@type":"ReadAction","target":["https:\/\/portosma.com.br\/index.php\/2024\/02\/27\/navio-menelaos-recebe-no-itaqui-54-mil-t-de-concentrado-de-cobre\/"]}]},{"@type":"ImageObject","inLanguage":"pt-BR","@id":"https:\/\/portosma.com.br\/index.php\/2024\/02\/27\/navio-menelaos-recebe-no-itaqui-54-mil-t-de-concentrado-de-cobre\/#primaryimage","url":"https:\/\/portosma.com.br\/wp-content\/uploads\/2024\/02\/MENALAOS.jpg","contentUrl":"https:\/\/portosma.com.br\/wp-content\/uploads\/2024\/02\/MENALAOS.jpg","width":1200,"height":503},{"@type":"BreadcrumbList","@id":"https:\/\/portosma.com.br\/index.php\/2024\/02\/27\/navio-menelaos-recebe-no-itaqui-54-mil-t-de-concentrado-de-cobre\/#breadcrumb","itemListElement":[{"@type":"ListItem","position":1,"name":"In\u00edcio","item":"https:\/\/portosma.com.br\/"},{"@type":"ListItem","position":2,"name":"Navio Menelaos recebe no Itaqui 54 mil\/t de concentrado de cobre"}]},{"@type":"WebSite","@id":"https:\/\/portosma.com.br\/#website","url":"https:\/\/portosma.com.br\/","name":"Portosma","description":"Um site de not\u00edcias","publisher":{"@id":"https:\/\/portosma.com.br\/#organization"},"potentialAction":[{"@type":"SearchAction","target":{"@type":"EntryPoint","urlTemplate":"https:\/\/portosma.com.br\/?s={search_term_string}"},"query-input":"required name=search_term_string"}],"inLanguage":"pt-BR"},{"@type":"Organization","@id":"https:\/\/portosma.com.br\/#organization","name":"Portosma","alternateName":"Portosma","url":"https:\/\/portosma.com.br\/","logo":{"@type":"ImageObject","inLanguage":"pt-BR","@id":"https:\/\/portosma.com.br\/#\/schema\/logo\/image\/","url":"https:\/\/portosma.com.br\/wp-content\/uploads\/2026\/03\/cropped-AD-PORTOSMA.jpg","contentUrl":"https:\/\/portosma.com.br\/wp-content\/uploads\/2026\/03\/cropped-AD-PORTOSMA.jpg","width":400,"height":115,"caption":"Portosma"},"image":{"@id":"https:\/\/portosma.com.br\/#\/schema\/logo\/image\/"}},{"@type":"Person","@id":"https:\/\/portosma.com.br\/#\/schema\/person\/fb92dfe283ab47293259c87c813d8623","name":"admin","sameAs":["https:\/\/portosma.com.br"],"url":"https:\/\/portosma.com.br\/index.php\/author\/portosma\/"}]}},"_links":{"self":[{"href":"https:\/\/portosma.com.br\/index.php\/wp-json\/wp\/v2\/posts\/13063","targetHints":{"allow":["GET"]}}],"collection":[{"href":"https:\/\/portosma.com.br\/index.php\/wp-json\/wp\/v2\/posts"}],"about":[{"href":"https:\/\/portosma.com.br\/index.php\/wp-json\/wp\/v2\/types\/post"}],"author":[{"embeddable":true,"href":"https:\/\/portosma.com.br\/index.php\/wp-json\/wp\/v2\/users\/1"}],"replies":[{"embeddable":true,"href":"https:\/\/portosma.com.br\/index.php\/wp-json\/wp\/v2\/comments?post=13063"}],"version-history":[{"count":13,"href":"https:\/\/portosma.com.br\/index.php\/wp-json\/wp\/v2\/posts\/13063\/revisions"}],"predecessor-version":[{"id":13138,"href":"https:\/\/portosma.com.br\/index.php\/wp-json\/wp\/v2\/posts\/13063\/revisions\/13138"}],"wp:featuredmedia":[{"embeddable":true,"href":"https:\/\/portosma.com.br\/index.php\/wp-json\/wp\/v2\/media\/13065"}],"wp:attachment":[{"href":"https:\/\/portosma.com.br\/index.php\/wp-json\/wp\/v2\/media?parent=13063"}],"wp:term":[{"taxonomy":"category","embeddable":true,"href":"https:\/\/portosma.com.br\/index.php\/wp-json\/wp\/v2\/categories?post=13063"},{"taxonomy":"post_tag","embeddable":true,"href":"https:\/\/portosma.com.br\/index.php\/wp-json\/wp\/v2\/tags?post=13063"}],"curies":[{"name":"wp","href":"https:\/\/api.w.org\/{rel}","templated":true}]}}