{"id":1215,"date":"2023-01-12T15:25:14","date_gmt":"2023-01-12T15:25:14","guid":{"rendered":"https:\/\/portosma.com.br\/?p=1215"},"modified":"2023-01-24T18:46:39","modified_gmt":"2023-01-24T18:46:39","slug":"comando-do-4-distrito-naval-com-sede-no-estado-do-para-tem-um-novo-comandante","status":"publish","type":"post","link":"https:\/\/portosma.com.br\/index.php\/2023\/01\/12\/comando-do-4-distrito-naval-com-sede-no-estado-do-para-tem-um-novo-comandante\/","title":{"rendered":"Comando do Quarto Distrito Naval tem um novo Comandante"},"content":{"rendered":"<p><img fetchpriority=\"high\" decoding=\"async\" class=\"size-medium wp-image-1222 alignleft\" src=\"https:\/\/portosma.com.br\/wp-content\/uploads\/2023\/01\/VIDNN07-300x237.jpg\" alt=\"\" width=\"300\" height=\"237\" srcset=\"https:\/\/portosma.com.br\/wp-content\/uploads\/2023\/01\/VIDNN07-300x237.jpg 300w, https:\/\/portosma.com.br\/wp-content\/uploads\/2023\/01\/VIDNN07.jpg 450w\" sizes=\"(max-width: 300px) 100vw, 300px\" \/>Na manh\u00e3 do dia 9 de janeiro, foi a Transmiss\u00e3o de Cargo de Comando do 4\u00b0 Distrito Naval, do Vice-Almirante Edgar Luiz Soqueira Barbosa, Para o Vice-Almirante Ant\u00f4nio Capistrano de Freitas Filho. A cerim\u00f4nia foi presidida pelo Almirante de Esquadra Wladmilson Borges de Aguiar, Comandante de Opera\u00e7\u00f5es Navais da Marinha e tendo como convidado especial o General de Ex\u00e9rcito Ricardo Augusto Ferreira Costa Neves, Comandante Militar do Norte.<\/p>\n<p>Tamb\u00e9m estiveram presentes a Vice Governadora do Estado do Par\u00e1, Hana Ghassan Tuma, o Presidente da Soamar Brasil, Orson Moraes R\u00eago, da Soamar Par\u00e1, representado pelo Vice Presidente Carlos Nascimento e demais membros da Diretoria, assim como oficiais das For\u00e7as Armadas, representantes do poder judici\u00e1rio&nbsp; e da comunidade Mar\u00edtima e Fluvial.<\/p>\n<p>No termo de posse, ainda assinado pelo ent\u00e3o presidente Jair Messias Bolsonaro, \u201cO PRESIDENTE DA REP\u00daBLICA\u201d, no uso das suas atribui\u00e7\u00f5es, resolve: EXONERAR o Vice-Almirante EDGAR LUIZ SIQUEIRA BARBOSA, do cargo de Comandante do 4\u00ba Distrito Naval e NOMEAR o Vice-Almirante ANT\u00d4NIO CAPISTRANO DE FREITAS FILHO, para o cargo de Comandante do 4\u00ba Distrito Naval\u201d. Ducent\u00e9simo da Independ\u00eancia e Cent\u00e9simo Trig\u00e9simo Terceiro da Rep\u00fablica\u201d.<\/p>\n<p><img decoding=\"async\" class=\"alignnone wp-image-1217 size-full\" src=\"https:\/\/portosma.com.br\/wp-content\/uploads\/2023\/01\/VIDNN02.jpg\" alt=\"\" width=\"1015\" height=\"429\" srcset=\"https:\/\/portosma.com.br\/wp-content\/uploads\/2023\/01\/VIDNN02.jpg 1015w, https:\/\/portosma.com.br\/wp-content\/uploads\/2023\/01\/VIDNN02-300x127.jpg 300w, https:\/\/portosma.com.br\/wp-content\/uploads\/2023\/01\/VIDNN02-768x325.jpg 768w\" sizes=\"(max-width: 1015px) 100vw, 1015px\" \/><\/p>\n<p>O Vice-Almirante Edgar Luiz Siqueira Barbosa, usou a palavra para agradecer, a Deus pelo o seu Comando de um ano e um m\u00eas, onde viveu intensamente e aprendeu muito sobre a Amaz\u00f4nia e peculiaridades da regi\u00e3o, extremamente privilegiadas de riquezas e biodiversidades, em terra, nos rios e no atl\u00e2ntico sul. J\u00e1 o Almirante de Esquadra Wladmilson Borges de Aguiar gradeceu a Deus&nbsp; e a Senhora de Nazar\u00e9, por ter estado no ano passado no C\u00edrio,&nbsp; e por presidir essa transmiss\u00e3o de cargo.<\/p>\n<p><img decoding=\"async\" class=\"alignnone wp-image-1218 size-full\" src=\"https:\/\/portosma.com.br\/wp-content\/uploads\/2023\/01\/VIDNN03.jpg\" alt=\"\" width=\"1015\" height=\"412\" srcset=\"https:\/\/portosma.com.br\/wp-content\/uploads\/2023\/01\/VIDNN03.jpg 1015w, https:\/\/portosma.com.br\/wp-content\/uploads\/2023\/01\/VIDNN03-300x122.jpg 300w, https:\/\/portosma.com.br\/wp-content\/uploads\/2023\/01\/VIDNN03-768x312.jpg 768w\" sizes=\"(max-width: 1015px) 100vw, 1015px\" \/><\/p>\n<p>Em seu discurso de posse, o Vice-Almirante Ant\u00f4nio Capistrano de Freitas Filho, tamb\u00e9m agradeceu a Deus, ao ex-comandante da Marinha Almir Garnier Santos a confian\u00e7a depositada ao designa-lo para t\u00e3o honroso cargo. Agradeceu tamb\u00e9m ao Almirante de Esquadra Marcos Sampaio Olsen (Comandante da Marinha) e o Almirante de Esquadra Wladmilson Borges de Aguiar (Comandante de Opera\u00e7\u00f5es Navais), que honrou ao presidir essa cerim\u00f4nia. \u201cMeus sinceros agradecimentos e a certeza de honrar todos os compromissos e exerce de forma plena e dedicada o Comando do 4\u00b0 Distrito Naval\u201d, afirmou.<\/p>\n<p>Foi efetuado 15 tiros&nbsp; de honra ao comandante do 4\u00b0 Distrito Naval exonerado. A Entrega do Pavilh\u00e3o de Comando ao Comandante exonerado,&nbsp; pelo \u201cCaverna Mestra\u201d&nbsp; Suboficial Sinaleiro Rosenildo Reis de Castro, oficial como mais tempo de servi\u00e7o no Comando do 4\u00ba Distrito Naval. A tropa desfilou em contin\u00eancia ao Comandante do 4\u00b0 distrito Naval. O novo Comandante do 4\u00b0 Distrito Naval agradeceu a todos que com suas presen\u00e7as deram especial brilho a cerim\u00f4nia.<\/p>\n<h4><span style=\"color: #993300;\">ALMIRANTE DE ESQUADRA MARCOS SAMPAIO OLSEN ASSUMIU O COMANDO DA MARINHA<\/span><\/h4>\n<p><img loading=\"lazy\" decoding=\"async\" class=\"size-medium wp-image-1220 alignleft\" src=\"https:\/\/portosma.com.br\/wp-content\/uploads\/2023\/01\/VIDNN05-300x249.jpg\" alt=\"\" width=\"300\" height=\"249\" srcset=\"https:\/\/portosma.com.br\/wp-content\/uploads\/2023\/01\/VIDNN05-300x249.jpg 300w, https:\/\/portosma.com.br\/wp-content\/uploads\/2023\/01\/VIDNN05.jpg 450w\" sizes=\"(max-width: 300px) 100vw, 300px\" \/>Ao som da salva de 19 tiros de canh\u00e3o, o Almirante de Esquadra Marcos Sampaio Olsen foi empossado como Comandante da Marinha do Brasil, na manh\u00e3 da quinta-feira (05\/01). A cerim\u00f4nia, presidida pelo Ministro de Estado da Defesa, Jos\u00e9 M\u00facio Monteiro Filho, ocorreu no Clube Naval de Bras\u00edlia. Em seu discurso, o Almirante Olsen manifestou o seu contentamento por assumir o mais alto cargo da For\u00e7a e est\u00e1 convicto da magnitude, da responsabilidade e da complexidade dos desafios que a fun\u00e7\u00e3o imp\u00f5e. \u201cO culto \u00e0s tradi\u00e7\u00f5es, a camaradagem e a forja maruja urdida por ventos fortes e mar grosso alicer\u00e7am a confian\u00e7a e serenidade necess\u00e1rias para o abalizado exerc\u00edcio do cargo\u201d, ressaltou. Al\u00e9m do Ministro da Defesa, o evento contou com a presen\u00e7a de outras autoridades como Embaixadores acreditados no Brasil; Ministros e ex-Ministros de Estado; Comandantes e ex-Comandantes de For\u00e7a; Parlamentares; Autoridades do Poder Judici\u00e1rio; Oficiais Generais da Marinha, Ex\u00e9rcito e Aeron\u00e1utica e Membros da Sociedade Amigos da Marinha (SOAMAR).<\/p>\n<p><img loading=\"lazy\" decoding=\"async\" class=\"alignnone wp-image-1219 size-full\" src=\"https:\/\/portosma.com.br\/wp-content\/uploads\/2023\/01\/VIDNN04.jpg\" alt=\"\" width=\"1015\" height=\"493\" srcset=\"https:\/\/portosma.com.br\/wp-content\/uploads\/2023\/01\/VIDNN04.jpg 1015w, https:\/\/portosma.com.br\/wp-content\/uploads\/2023\/01\/VIDNN04-300x146.jpg 300w, https:\/\/portosma.com.br\/wp-content\/uploads\/2023\/01\/VIDNN04-768x373.jpg 768w\" sizes=\"(max-width: 1015px) 100vw, 1015px\" \/><\/p>\n<p>Fotos: Sargento Ronnie, da Ag\u00eancia Marinha de Not\u00edcias<\/p>\n<p>Lugar: PORTOSMA<\/p>\n<p>Fonte: Fonte: Site Lu\u00edscelsonews.com.br<\/p>\n<p>Data da Not\u00ed\u00a3\u00a9a: 12\/01\/2023<\/p>\n","protected":false},"excerpt":{"rendered":"<p>Ant\u00f4nio Capistrano de Freitas Filho assumiu no lugar do tamb\u00e9m VA Edgar Luiz Siqueira.<\/p>\n","protected":false},"author":1,"featured_media":1216,"comment_status":"open","ping_status":"open","sticky":false,"template":"","format":"standard","meta":{"_editorskit_title_hidden":false,"_editorskit_reading_time":0,"_editorskit_is_block_options_detached":false,"_editorskit_block_options_position":"{}","ngg_post_thumbnail":0,"footnotes":""},"categories":[1],"tags":[],"class_list":["post-1215","post","type-post","status-publish","format-standard","has-post-thumbnail","hentry","category-noticias"],"yoast_head":"<!-- This site is optimized with the Yoast SEO plugin v22.5 - https:\/\/yoast.com\/wordpress\/plugins\/seo\/ -->\n<title>Comando do Quarto Distrito Naval tem um novo Comandante - Portosma<\/title>\n<meta name=\"robots\" content=\"index, follow, max-snippet:-1, max-image-preview:large, max-video-preview:-1\" \/>\n<link rel=\"canonical\" href=\"https:\/\/portosma.com.br\/index.php\/2023\/01\/12\/comando-do-4-distrito-naval-com-sede-no-estado-do-para-tem-um-novo-comandante\/\" \/>\n<meta property=\"og:locale\" content=\"pt_BR\" \/>\n<meta property=\"og:type\" content=\"article\" \/>\n<meta property=\"og:title\" content=\"Comando do Quarto Distrito Naval tem um novo Comandante - Portosma\" \/>\n<meta property=\"og:description\" content=\"Ant\u00f4nio Capistrano de Freitas Filho assumiu no lugar do tamb\u00e9m VA Edgar Luiz Siqueira.\" \/>\n<meta property=\"og:url\" content=\"https:\/\/portosma.com.br\/index.php\/2023\/01\/12\/comando-do-4-distrito-naval-com-sede-no-estado-do-para-tem-um-novo-comandante\/\" \/>\n<meta property=\"og:site_name\" content=\"Portosma\" \/>\n<meta property=\"article:published_time\" content=\"2023-01-12T15:25:14+00:00\" \/>\n<meta property=\"article:modified_time\" content=\"2023-01-24T18:46:39+00:00\" \/>\n<meta property=\"og:image\" content=\"https:\/\/portosma.com.br\/wp-content\/uploads\/2023\/01\/VIDNN01.jpg\" \/>\n\t<meta property=\"og:image:width\" content=\"1015\" \/>\n\t<meta property=\"og:image:height\" content=\"469\" \/>\n\t<meta property=\"og:image:type\" content=\"image\/jpeg\" \/>\n<meta name=\"author\" content=\"admin\" \/>\n<meta name=\"twitter:card\" content=\"summary_large_image\" \/>\n<meta name=\"twitter:label1\" content=\"Escrito por\" \/>\n\t<meta name=\"twitter:data1\" content=\"admin\" \/>\n\t<meta name=\"twitter:label2\" content=\"Est. tempo de leitura\" \/>\n\t<meta name=\"twitter:data2\" content=\"3 minutos\" \/>\n<script type=\"application\/ld+json\" class=\"yoast-schema-graph\">{\"@context\":\"https:\/\/schema.org\",\"@graph\":[{\"@type\":\"Article\",\"@id\":\"https:\/\/portosma.com.br\/index.php\/2023\/01\/12\/comando-do-4-distrito-naval-com-sede-no-estado-do-para-tem-um-novo-comandante\/#article\",\"isPartOf\":{\"@id\":\"https:\/\/portosma.com.br\/index.php\/2023\/01\/12\/comando-do-4-distrito-naval-com-sede-no-estado-do-para-tem-um-novo-comandante\/\"},\"author\":{\"name\":\"admin\",\"@id\":\"https:\/\/portosma.com.br\/#\/schema\/person\/fb92dfe283ab47293259c87c813d8623\"},\"headline\":\"Comando do Quarto Distrito Naval tem um novo Comandante\",\"datePublished\":\"2023-01-12T15:25:14+00:00\",\"dateModified\":\"2023-01-24T18:46:39+00:00\",\"mainEntityOfPage\":{\"@id\":\"https:\/\/portosma.com.br\/index.php\/2023\/01\/12\/comando-do-4-distrito-naval-com-sede-no-estado-do-para-tem-um-novo-comandante\/\"},\"wordCount\":679,\"commentCount\":0,\"publisher\":{\"@id\":\"https:\/\/portosma.com.br\/#organization\"},\"image\":{\"@id\":\"https:\/\/portosma.com.br\/index.php\/2023\/01\/12\/comando-do-4-distrito-naval-com-sede-no-estado-do-para-tem-um-novo-comandante\/#primaryimage\"},\"thumbnailUrl\":\"https:\/\/portosma.com.br\/wp-content\/uploads\/2023\/01\/VIDNN01.jpg\",\"articleSection\":[\"Not\u00edcias\"],\"inLanguage\":\"pt-BR\",\"potentialAction\":[{\"@type\":\"CommentAction\",\"name\":\"Comment\",\"target\":[\"https:\/\/portosma.com.br\/index.php\/2023\/01\/12\/comando-do-4-distrito-naval-com-sede-no-estado-do-para-tem-um-novo-comandante\/#respond\"]}]},{\"@type\":\"WebPage\",\"@id\":\"https:\/\/portosma.com.br\/index.php\/2023\/01\/12\/comando-do-4-distrito-naval-com-sede-no-estado-do-para-tem-um-novo-comandante\/\",\"url\":\"https:\/\/portosma.com.br\/index.php\/2023\/01\/12\/comando-do-4-distrito-naval-com-sede-no-estado-do-para-tem-um-novo-comandante\/\",\"name\":\"Comando do Quarto Distrito Naval tem um novo Comandante - Portosma\",\"isPartOf\":{\"@id\":\"https:\/\/portosma.com.br\/#website\"},\"primaryImageOfPage\":{\"@id\":\"https:\/\/portosma.com.br\/index.php\/2023\/01\/12\/comando-do-4-distrito-naval-com-sede-no-estado-do-para-tem-um-novo-comandante\/#primaryimage\"},\"image\":{\"@id\":\"https:\/\/portosma.com.br\/index.php\/2023\/01\/12\/comando-do-4-distrito-naval-com-sede-no-estado-do-para-tem-um-novo-comandante\/#primaryimage\"},\"thumbnailUrl\":\"https:\/\/portosma.com.br\/wp-content\/uploads\/2023\/01\/VIDNN01.jpg\",\"datePublished\":\"2023-01-12T15:25:14+00:00\",\"dateModified\":\"2023-01-24T18:46:39+00:00\",\"breadcrumb\":{\"@id\":\"https:\/\/portosma.com.br\/index.php\/2023\/01\/12\/comando-do-4-distrito-naval-com-sede-no-estado-do-para-tem-um-novo-comandante\/#breadcrumb\"},\"inLanguage\":\"pt-BR\",\"potentialAction\":[{\"@type\":\"ReadAction\",\"target\":[\"https:\/\/portosma.com.br\/index.php\/2023\/01\/12\/comando-do-4-distrito-naval-com-sede-no-estado-do-para-tem-um-novo-comandante\/\"]}]},{\"@type\":\"ImageObject\",\"inLanguage\":\"pt-BR\",\"@id\":\"https:\/\/portosma.com.br\/index.php\/2023\/01\/12\/comando-do-4-distrito-naval-com-sede-no-estado-do-para-tem-um-novo-comandante\/#primaryimage\",\"url\":\"https:\/\/portosma.com.br\/wp-content\/uploads\/2023\/01\/VIDNN01.jpg\",\"contentUrl\":\"https:\/\/portosma.com.br\/wp-content\/uploads\/2023\/01\/VIDNN01.jpg\",\"width\":1015,\"height\":469},{\"@type\":\"BreadcrumbList\",\"@id\":\"https:\/\/portosma.com.br\/index.php\/2023\/01\/12\/comando-do-4-distrito-naval-com-sede-no-estado-do-para-tem-um-novo-comandante\/#breadcrumb\",\"itemListElement\":[{\"@type\":\"ListItem\",\"position\":1,\"name\":\"In\u00edcio\",\"item\":\"https:\/\/portosma.com.br\/\"},{\"@type\":\"ListItem\",\"position\":2,\"name\":\"Comando do Quarto Distrito Naval tem um novo Comandante\"}]},{\"@type\":\"WebSite\",\"@id\":\"https:\/\/portosma.com.br\/#website\",\"url\":\"https:\/\/portosma.com.br\/\",\"name\":\"Portosma\",\"description\":\"Um site de not\u00edcias\",\"publisher\":{\"@id\":\"https:\/\/portosma.com.br\/#organization\"},\"potentialAction\":[{\"@type\":\"SearchAction\",\"target\":{\"@type\":\"EntryPoint\",\"urlTemplate\":\"https:\/\/portosma.com.br\/?s={search_term_string}\"},\"query-input\":\"required name=search_term_string\"}],\"inLanguage\":\"pt-BR\"},{\"@type\":\"Organization\",\"@id\":\"https:\/\/portosma.com.br\/#organization\",\"name\":\"Portosma\",\"alternateName\":\"Portosma\",\"url\":\"https:\/\/portosma.com.br\/\",\"logo\":{\"@type\":\"ImageObject\",\"inLanguage\":\"pt-BR\",\"@id\":\"https:\/\/portosma.com.br\/#\/schema\/logo\/image\/\",\"url\":\"https:\/\/portosma.com.br\/wp-content\/uploads\/2026\/03\/cropped-AD-PORTOSMA.jpg\",\"contentUrl\":\"https:\/\/portosma.com.br\/wp-content\/uploads\/2026\/03\/cropped-AD-PORTOSMA.jpg\",\"width\":400,\"height\":115,\"caption\":\"Portosma\"},\"image\":{\"@id\":\"https:\/\/portosma.com.br\/#\/schema\/logo\/image\/\"}},{\"@type\":\"Person\",\"@id\":\"https:\/\/portosma.com.br\/#\/schema\/person\/fb92dfe283ab47293259c87c813d8623\",\"name\":\"admin\",\"sameAs\":[\"https:\/\/portosma.com.br\"],\"url\":\"https:\/\/portosma.com.br\/index.php\/author\/portosma\/\"}]}<\/script>\n<!-- \/ Yoast SEO plugin. -->","yoast_head_json":{"title":"Comando do Quarto Distrito Naval tem um novo Comandante - Portosma","robots":{"index":"index","follow":"follow","max-snippet":"max-snippet:-1","max-image-preview":"max-image-preview:large","max-video-preview":"max-video-preview:-1"},"canonical":"https:\/\/portosma.com.br\/index.php\/2023\/01\/12\/comando-do-4-distrito-naval-com-sede-no-estado-do-para-tem-um-novo-comandante\/","og_locale":"pt_BR","og_type":"article","og_title":"Comando do Quarto Distrito Naval tem um novo Comandante - Portosma","og_description":"Ant\u00f4nio Capistrano de Freitas Filho assumiu no lugar do tamb\u00e9m VA Edgar Luiz Siqueira.","og_url":"https:\/\/portosma.com.br\/index.php\/2023\/01\/12\/comando-do-4-distrito-naval-com-sede-no-estado-do-para-tem-um-novo-comandante\/","og_site_name":"Portosma","article_published_time":"2023-01-12T15:25:14+00:00","article_modified_time":"2023-01-24T18:46:39+00:00","og_image":[{"width":1015,"height":469,"url":"https:\/\/portosma.com.br\/wp-content\/uploads\/2023\/01\/VIDNN01.jpg","type":"image\/jpeg"}],"author":"admin","twitter_card":"summary_large_image","twitter_misc":{"Escrito por":"admin","Est. tempo de leitura":"3 minutos"},"schema":{"@context":"https:\/\/schema.org","@graph":[{"@type":"Article","@id":"https:\/\/portosma.com.br\/index.php\/2023\/01\/12\/comando-do-4-distrito-naval-com-sede-no-estado-do-para-tem-um-novo-comandante\/#article","isPartOf":{"@id":"https:\/\/portosma.com.br\/index.php\/2023\/01\/12\/comando-do-4-distrito-naval-com-sede-no-estado-do-para-tem-um-novo-comandante\/"},"author":{"name":"admin","@id":"https:\/\/portosma.com.br\/#\/schema\/person\/fb92dfe283ab47293259c87c813d8623"},"headline":"Comando do Quarto Distrito Naval tem um novo Comandante","datePublished":"2023-01-12T15:25:14+00:00","dateModified":"2023-01-24T18:46:39+00:00","mainEntityOfPage":{"@id":"https:\/\/portosma.com.br\/index.php\/2023\/01\/12\/comando-do-4-distrito-naval-com-sede-no-estado-do-para-tem-um-novo-comandante\/"},"wordCount":679,"commentCount":0,"publisher":{"@id":"https:\/\/portosma.com.br\/#organization"},"image":{"@id":"https:\/\/portosma.com.br\/index.php\/2023\/01\/12\/comando-do-4-distrito-naval-com-sede-no-estado-do-para-tem-um-novo-comandante\/#primaryimage"},"thumbnailUrl":"https:\/\/portosma.com.br\/wp-content\/uploads\/2023\/01\/VIDNN01.jpg","articleSection":["Not\u00edcias"],"inLanguage":"pt-BR","potentialAction":[{"@type":"CommentAction","name":"Comment","target":["https:\/\/portosma.com.br\/index.php\/2023\/01\/12\/comando-do-4-distrito-naval-com-sede-no-estado-do-para-tem-um-novo-comandante\/#respond"]}]},{"@type":"WebPage","@id":"https:\/\/portosma.com.br\/index.php\/2023\/01\/12\/comando-do-4-distrito-naval-com-sede-no-estado-do-para-tem-um-novo-comandante\/","url":"https:\/\/portosma.com.br\/index.php\/2023\/01\/12\/comando-do-4-distrito-naval-com-sede-no-estado-do-para-tem-um-novo-comandante\/","name":"Comando do Quarto Distrito Naval tem um novo Comandante - Portosma","isPartOf":{"@id":"https:\/\/portosma.com.br\/#website"},"primaryImageOfPage":{"@id":"https:\/\/portosma.com.br\/index.php\/2023\/01\/12\/comando-do-4-distrito-naval-com-sede-no-estado-do-para-tem-um-novo-comandante\/#primaryimage"},"image":{"@id":"https:\/\/portosma.com.br\/index.php\/2023\/01\/12\/comando-do-4-distrito-naval-com-sede-no-estado-do-para-tem-um-novo-comandante\/#primaryimage"},"thumbnailUrl":"https:\/\/portosma.com.br\/wp-content\/uploads\/2023\/01\/VIDNN01.jpg","datePublished":"2023-01-12T15:25:14+00:00","dateModified":"2023-01-24T18:46:39+00:00","breadcrumb":{"@id":"https:\/\/portosma.com.br\/index.php\/2023\/01\/12\/comando-do-4-distrito-naval-com-sede-no-estado-do-para-tem-um-novo-comandante\/#breadcrumb"},"inLanguage":"pt-BR","potentialAction":[{"@type":"ReadAction","target":["https:\/\/portosma.com.br\/index.php\/2023\/01\/12\/comando-do-4-distrito-naval-com-sede-no-estado-do-para-tem-um-novo-comandante\/"]}]},{"@type":"ImageObject","inLanguage":"pt-BR","@id":"https:\/\/portosma.com.br\/index.php\/2023\/01\/12\/comando-do-4-distrito-naval-com-sede-no-estado-do-para-tem-um-novo-comandante\/#primaryimage","url":"https:\/\/portosma.com.br\/wp-content\/uploads\/2023\/01\/VIDNN01.jpg","contentUrl":"https:\/\/portosma.com.br\/wp-content\/uploads\/2023\/01\/VIDNN01.jpg","width":1015,"height":469},{"@type":"BreadcrumbList","@id":"https:\/\/portosma.com.br\/index.php\/2023\/01\/12\/comando-do-4-distrito-naval-com-sede-no-estado-do-para-tem-um-novo-comandante\/#breadcrumb","itemListElement":[{"@type":"ListItem","position":1,"name":"In\u00edcio","item":"https:\/\/portosma.com.br\/"},{"@type":"ListItem","position":2,"name":"Comando do Quarto Distrito Naval tem um novo Comandante"}]},{"@type":"WebSite","@id":"https:\/\/portosma.com.br\/#website","url":"https:\/\/portosma.com.br\/","name":"Portosma","description":"Um site de not\u00edcias","publisher":{"@id":"https:\/\/portosma.com.br\/#organization"},"potentialAction":[{"@type":"SearchAction","target":{"@type":"EntryPoint","urlTemplate":"https:\/\/portosma.com.br\/?s={search_term_string}"},"query-input":"required name=search_term_string"}],"inLanguage":"pt-BR"},{"@type":"Organization","@id":"https:\/\/portosma.com.br\/#organization","name":"Portosma","alternateName":"Portosma","url":"https:\/\/portosma.com.br\/","logo":{"@type":"ImageObject","inLanguage":"pt-BR","@id":"https:\/\/portosma.com.br\/#\/schema\/logo\/image\/","url":"https:\/\/portosma.com.br\/wp-content\/uploads\/2026\/03\/cropped-AD-PORTOSMA.jpg","contentUrl":"https:\/\/portosma.com.br\/wp-content\/uploads\/2026\/03\/cropped-AD-PORTOSMA.jpg","width":400,"height":115,"caption":"Portosma"},"image":{"@id":"https:\/\/portosma.com.br\/#\/schema\/logo\/image\/"}},{"@type":"Person","@id":"https:\/\/portosma.com.br\/#\/schema\/person\/fb92dfe283ab47293259c87c813d8623","name":"admin","sameAs":["https:\/\/portosma.com.br"],"url":"https:\/\/portosma.com.br\/index.php\/author\/portosma\/"}]}},"_links":{"self":[{"href":"https:\/\/portosma.com.br\/index.php\/wp-json\/wp\/v2\/posts\/1215","targetHints":{"allow":["GET"]}}],"collection":[{"href":"https:\/\/portosma.com.br\/index.php\/wp-json\/wp\/v2\/posts"}],"about":[{"href":"https:\/\/portosma.com.br\/index.php\/wp-json\/wp\/v2\/types\/post"}],"author":[{"embeddable":true,"href":"https:\/\/portosma.com.br\/index.php\/wp-json\/wp\/v2\/users\/1"}],"replies":[{"embeddable":true,"href":"https:\/\/portosma.com.br\/index.php\/wp-json\/wp\/v2\/comments?post=1215"}],"version-history":[{"count":6,"href":"https:\/\/portosma.com.br\/index.php\/wp-json\/wp\/v2\/posts\/1215\/revisions"}],"predecessor-version":[{"id":2639,"href":"https:\/\/portosma.com.br\/index.php\/wp-json\/wp\/v2\/posts\/1215\/revisions\/2639"}],"wp:featuredmedia":[{"embeddable":true,"href":"https:\/\/portosma.com.br\/index.php\/wp-json\/wp\/v2\/media\/1216"}],"wp:attachment":[{"href":"https:\/\/portosma.com.br\/index.php\/wp-json\/wp\/v2\/media?parent=1215"}],"wp:term":[{"taxonomy":"category","embeddable":true,"href":"https:\/\/portosma.com.br\/index.php\/wp-json\/wp\/v2\/categories?post=1215"},{"taxonomy":"post_tag","embeddable":true,"href":"https:\/\/portosma.com.br\/index.php\/wp-json\/wp\/v2\/tags?post=1215"}],"curies":[{"name":"wp","href":"https:\/\/api.w.org\/{rel}","templated":true}]}}