{"id":11557,"date":"2023-12-19T18:34:12","date_gmt":"2023-12-19T18:34:12","guid":{"rendered":"https:\/\/portosma.com.br\/?p=11557"},"modified":"2023-12-20T00:55:43","modified_gmt":"2023-12-20T00:55:43","slug":"ogmo-itaqui-capacita-trabalhadores-para-operacao-aluminio","status":"publish","type":"post","link":"https:\/\/portosma.com.br\/index.php\/2023\/12\/19\/ogmo-itaqui-capacita-trabalhadores-para-operacao-aluminio\/","title":{"rendered":"OGMO capacita trabalhadores para opera\u00e7\u00e3o alum\u00ednio no porto Itaqui"},"content":{"rendered":"<h4><span style=\"color: #800000;\">Retomada da carga no porto do Itaqui envolveu mais de 200 trabalhadores e foi comemorada por representante dos sindicatos e pelo OGMO Itaqui<\/span><\/h4>\n<p>A retomada da exporta\u00e7\u00e3o de alum\u00ednio pelo Porto do Itaqui ap\u00f3s 10 anos, impactou positivamente em todas as \u00e1reas em torno da opera\u00e7\u00e3o. Para que tudo sa\u00edsse dentro do planejado a equipe de trabalhadores avulsos sob a responsabilidade do OGMO Itaqui, passou por rigoroso treinamento e capacita\u00e7\u00e3o. S\u00e3o eles que est\u00e3o na ponta da opera\u00e7\u00e3o e exercem papel fundamental no transporte da carga. Ao todo, est\u00e3o sendo carregadas 15 mil toneladas do alum\u00ednio com destino ao Porto de Rotterdam (Holanda).<\/p>\n<p>Para o diretor de opera\u00e7\u00f5es da G5 Log\u00edstica, Alfredo Ant\u00f4nio Sousa, o momento \u00e9 de muita felicidade para todo o ecossistema portu\u00e1rio. \u201cA opera\u00e7\u00e3o foi muito bem recebida por todos. Est\u00e3o todos muito empenhados para que a opera\u00e7\u00e3o flua dentro do planejado\u201d, disse. Para ele, a parceria com o OGMO foi muito importante para o transporte da carga para a produtividade da opera\u00e7\u00e3o. A empresa G5 Log\u00edstica, em parceria com a operadora log\u00edstica holandesa Steinweg e a mineradora australiana South32, uma das acionistas do Cons\u00f3rcio Alumar, \u00e9 respons\u00e1vel pelo retorno do alum\u00ednio ao porto do Itaqui.<\/p>\n<p><img fetchpriority=\"high\" decoding=\"async\" class=\"alignnone wp-image-11560 size-full\" src=\"https:\/\/portosma.com.br\/wp-content\/uploads\/2023\/12\/ALM-02.jpg\" alt=\"\" width=\"900\" height=\"482\" srcset=\"https:\/\/portosma.com.br\/wp-content\/uploads\/2023\/12\/ALM-02.jpg 900w, https:\/\/portosma.com.br\/wp-content\/uploads\/2023\/12\/ALM-02-300x161.jpg 300w, https:\/\/portosma.com.br\/wp-content\/uploads\/2023\/12\/ALM-02-768x411.jpg 768w\" sizes=\"(max-width: 900px) 100vw, 900px\" \/><\/p>\n<p>Como \u00f3rg\u00e3o gestor de m\u00e3o de obra dos trabalhadores portu\u00e1rios e avulsos, o OGMO enxerga esse momento como mais uma oportunidade de trabalho para a m\u00e3o de obra local. Por isso, investiu em um s\u00f3lido processo de capacita\u00e7\u00e3o e treinamento para habilita\u00e7\u00e3o dos profissionais que est\u00e3o envolvidos diretamente com a opera\u00e7\u00e3o alum\u00ednio. \u201cPrimamos pela excel\u00eancia na presta\u00e7\u00e3o dos servi\u00e7os sem acidentes, sem avarias e com produtividade adotando um comportamento seguro durante toda a atividade\u201d, destacou o coordenador operacional do OGMO Itaqui, Jorge William.&nbsp; Mais de 200 pessoas estavam diretamente envolvidas no carregamento.<\/p>\n<p>Quem tamb\u00e9m comemorou a retomada da exporta\u00e7\u00e3o de alum\u00ednio foi o presidente do Sindicato dos Conferentes, Sandro Fontinele. Para ele, a volta da opera\u00e7\u00e3o de alum\u00ednio contribuir\u00e1 para o crescimento do Maranh\u00e3o. \u201cEst\u00e1vamos ansiosos para a retomada do alum\u00ednio, que fez hist\u00f3ria no porto do Itaqui\u201d disse Sandro Fontinele. O presidente do Sindicato dos Arrumadores em Capatazia, Denielson Miranda, n\u00e3o tem d\u00favidas da import\u00e2ncia da retomada da opera\u00e7\u00e3o de alum\u00ednio que, segundo ele, contribuir\u00e1 para maior gera\u00e7\u00e3o de renda e oportunidade de emprego.&nbsp; \u201cAgrade\u00e7o todos os envolvidos nessa opera\u00e7\u00e3o por reconhecerem a import\u00e2ncia dos trabalhadores portu\u00e1rios avulsos na movimenta\u00e7\u00e3o de cargas do porto\u201d, destacou.<\/p>\n<p><img decoding=\"async\" class=\"alignnone wp-image-11562 size-full\" src=\"https:\/\/portosma.com.br\/wp-content\/uploads\/2023\/12\/ALM-04.jpg\" alt=\"\" width=\"900\" height=\"499\" srcset=\"https:\/\/portosma.com.br\/wp-content\/uploads\/2023\/12\/ALM-04.jpg 900w, https:\/\/portosma.com.br\/wp-content\/uploads\/2023\/12\/ALM-04-300x166.jpg 300w, https:\/\/portosma.com.br\/wp-content\/uploads\/2023\/12\/ALM-04-768x426.jpg 768w\" sizes=\"(max-width: 900px) 100vw, 900px\" \/><\/p>\n<p>O Sindicato dos Estivadores tamb\u00e9m recebeu com entusiasmo a retomada da opera\u00e7\u00e3o de alum\u00ednio. O presidente da entidade, Fl\u00e1vio Neres, explicou que, em parceria com o OGMO, treinou e capacitou os trabalhadores envolvidos na opera\u00e7\u00e3o. \u201cA qualidade da m\u00e3o de obra faz a diferen\u00e7a na opera\u00e7\u00e3o que vendo sendo feita com maestria e total seguran\u00e7a mesmo ap\u00f3s 10 anos que n\u00e3o era realizada\u201d, pontuou Fl\u00e1vio Neres.<\/p>\n<p><img decoding=\"async\" class=\"alignnone wp-image-11559 size-full\" src=\"https:\/\/portosma.com.br\/wp-content\/uploads\/2023\/12\/ALM-01.jpg\" alt=\"\" width=\"900\" height=\"429\" srcset=\"https:\/\/portosma.com.br\/wp-content\/uploads\/2023\/12\/ALM-01.jpg 900w, https:\/\/portosma.com.br\/wp-content\/uploads\/2023\/12\/ALM-01-300x143.jpg 300w, https:\/\/portosma.com.br\/wp-content\/uploads\/2023\/12\/ALM-01-768x366.jpg 768w\" sizes=\"(max-width: 900px) 100vw, 900px\" \/><\/p>\n<p>\u201cO OGMO Itaqui vem, atrav\u00e9s de uma gest\u00e3o que busca gerar cont\u00ednuo valor para seus associados e toda a cadeia portu\u00e1ria, profissionalizando cada vez mais todos os processos que envolvem os servi\u00e7os ofertados e principalmente as pessoas. Consideramos que o resultado obtido na opera\u00e7\u00e3o do alum\u00ednio \u00e9 fruto de esfor\u00e7os e de um trabalho de parceria entre as empresas operadoras portu\u00e1rias, os trabalhadores e toda a equipe do OGMO Itaqui. Parab\u00e9ns a todos os envolvidos!\u201d, enfatizou Ana Barbosa, diretora executiva da institui\u00e7\u00e3o.<\/p>\n<p>Ap\u00f3s desembarcar no Porto de Rotterdam, os lingotes de alum\u00ednio seguem para o mercado europeu, onde t\u00eam diversas aplica\u00e7\u00f5es econ\u00f4micas.<\/p>\n<p><span style=\"color: #808080;\"><em><strong>Fonte:<\/strong><\/em><\/span><br \/>\n<span style=\"color: #808080;\"><em><strong>WComunica\u00e7\u00e3o &#8211; Assessoria e Consultoria<\/strong><\/em><\/span><\/p>\n<h3>Emap comemora retomada da carga de alum\u00ednio ap\u00f3s 10 anos<\/h3>\n<p>Na \u00faltima ter\u00e7a-feira (12\/12), o Porto do Itaqui celebrou o rein\u00edcio das opera\u00e7\u00f5es de exporta\u00e7\u00e3o de alum\u00ednio, marcando um momento hist\u00f3rico e consolidando sua posi\u00e7\u00e3o como um hub log\u00edstico de import\u00e2ncia nacional. O primeiro carregamento de lingotes, resultado de uma colabora\u00e7\u00e3o entre o Porto do Itaqui, a G5 Log\u00edstica, a Steinweg e a australiana South32, aconteceu no ber\u00e7o 99.<\/p>\n<p><img loading=\"lazy\" decoding=\"async\" class=\"wp-image-11568 size-full alignleft\" src=\"https:\/\/portosma.com.br\/wp-content\/uploads\/2023\/12\/NAVIO-MIL-2.jpg\" alt=\"\" width=\"500\" height=\"375\" srcset=\"https:\/\/portosma.com.br\/wp-content\/uploads\/2023\/12\/NAVIO-MIL-2.jpg 500w, https:\/\/portosma.com.br\/wp-content\/uploads\/2023\/12\/NAVIO-MIL-2-300x225.jpg 300w\" sizes=\"(max-width: 500px) 100vw, 500px\" \/>Essa opera\u00e7\u00e3o, conquistada pelo Porto este ano, \u00e9 resultado de um investimento que, em tr\u00eas anos, totaliza R$ 3 bilh\u00f5es, realizado pelo Cons\u00f3rcio Alumar, gerando um impacto positivo na cadeia produtiva do alum\u00ednio na regi\u00e3o, com a gera\u00e7\u00e3o de 5.500 empregos. O presidente do Porto do Itaqui, Gilberto Lins, dentre outras coisas, fez quest\u00e3o de destacar o papel crucial dos trabalhadores portu\u00e1rios nesse processo: \u201cEste \u00e9 apenas o come\u00e7o, com previs\u00f5es de mais opera\u00e7\u00f5es para o pr\u00f3ximo ano, consolidando o Porto como uma pe\u00e7a-chave na log\u00edstica nacional. Este carregamento n\u00e3o apenas simboliza um avan\u00e7o significativo para o desenvolvimento estadual, mas tamb\u00e9m promove a gera\u00e7\u00e3o de empregos e impulsiona a din\u00e2mica da ind\u00fastria local, como \u00e9 a orienta\u00e7\u00e3o do governador Carlos Brand\u00e3o. E nessa concretiza\u00e7\u00e3o tem sido muito importante a atua\u00e7\u00e3o de nossos Trabalhadores Portu\u00e1rios Avulsos (TPA), que dedicaram esfor\u00e7os significativos em seu aprimoramento e capacita\u00e7\u00e3o. O comprometimento de cada um de nossa equipe \u00e9 a for\u00e7a motriz por tr\u00e1s da viabilidade crescente que temos para recebermos outras cargas em nosso Porto\u201d, comemorou Gilberto Lins.<\/p>\n<p>A South32, como uma das empresas transnacionais do cons\u00f3rcio Alumar, det\u00e9m atualmente 40% da capacidade total de produ\u00e7\u00e3o de alum\u00ednio no Maranh\u00e3o. A exporta\u00e7\u00e3o inaugural da South32, via Porto do Itaqui, estimada em 15 mil toneladas, que ter\u00e1 como destino o porto de Rotterdam, na Holanda, representa a retomada de uma rota que destaca os ber\u00e7os de atraca\u00e7\u00e3o preferenciais para cargas gerais como uma infraestrutura log\u00edstica eficiente. A G5 Log\u00edstica, por sua vez, desempenha um papel fundamental na diversifica\u00e7\u00e3o das opera\u00e7\u00f5es portu\u00e1rias no Maranh\u00e3o, estendendo sua atua\u00e7\u00e3o al\u00e9m do alum\u00ednio para incluir celulose, cobre e outras cargas gerais no Porto do Itaqui. \u201cEsta parceria, que foi bem-sucedida, formada por oito m\u00e3os, \u00e9 apenas o in\u00edcio de uma s\u00e9rie de opera\u00e7\u00f5es. Que esta marca seja a precursora de muitas, e que o alum\u00ednio retorne como uma carga constante aqui no Itaqui&#8221;, enfatizou Raul Lamarca, diretor executivo da G5.<\/p>\n<p>A \u00faltima vez que o Porto do Itaqui realizou opera\u00e7\u00f5es de exporta\u00e7\u00e3o de lingotes de alum\u00ednio foi em 2013. Entre 2001 e 2013, foram 2,1 milh\u00f5es de toneladas de carga exportadas pelo Itaqui. O retorno da opera\u00e7\u00e3o do alum\u00ednio maranhense, n\u00e3o apenas celebra a retomada da exporta\u00e7\u00e3o de alum\u00ednio, mas tamb\u00e9m destaca o papel estrat\u00e9gico do Porto do Itaqui como um hub log\u00edstico de relev\u00e2ncia nacional, refor\u00e7ando o potencial econ\u00f4mico do Maranh\u00e3o na ind\u00fastria do alum\u00ednio e consolidando parcerias cruciais para o desenvolvimento sustent\u00e1vel da regi\u00e3o.<\/p>\n<p>&nbsp;<\/p>\n<p><span style=\"color: #808080;\"><em><strong>Fonte:<\/strong><\/em><\/span><br \/>\n<span style=\"color: #808080;\"><em><strong>SITE DA EMAP<\/strong><\/em><\/span><\/p>\n","protected":false},"excerpt":{"rendered":"<p>Retomada da carga no porto do Itaqui envolveu mais de 200 trabalhadores e foi comemorada por representante dos sindicatos e pelo OGMO Itaqui.<\/p>\n","protected":false},"author":1,"featured_media":11558,"comment_status":"closed","ping_status":"open","sticky":false,"template":"","format":"standard","meta":{"_editorskit_title_hidden":false,"_editorskit_reading_time":0,"_editorskit_is_block_options_detached":false,"_editorskit_block_options_position":"{}","ngg_post_thumbnail":0,"footnotes":""},"categories":[1],"tags":[],"class_list":["post-11557","post","type-post","status-publish","format-standard","has-post-thumbnail","hentry","category-noticias"],"yoast_head":"<!-- This site is optimized with the Yoast SEO plugin v22.5 - https:\/\/yoast.com\/wordpress\/plugins\/seo\/ -->\n<title>OGMO capacita trabalhadores para opera\u00e7\u00e3o alum\u00ednio no porto Itaqui - Portosma<\/title>\n<meta name=\"robots\" content=\"index, follow, max-snippet:-1, max-image-preview:large, max-video-preview:-1\" \/>\n<link rel=\"canonical\" href=\"https:\/\/portosma.com.br\/index.php\/2023\/12\/19\/ogmo-itaqui-capacita-trabalhadores-para-operacao-aluminio\/\" \/>\n<meta property=\"og:locale\" content=\"pt_BR\" \/>\n<meta property=\"og:type\" content=\"article\" \/>\n<meta property=\"og:title\" content=\"OGMO capacita trabalhadores para opera\u00e7\u00e3o alum\u00ednio no porto Itaqui - Portosma\" \/>\n<meta property=\"og:description\" content=\"Retomada da carga no porto do Itaqui envolveu mais de 200 trabalhadores e foi comemorada por representante dos sindicatos e pelo OGMO Itaqui.\" \/>\n<meta property=\"og:url\" content=\"https:\/\/portosma.com.br\/index.php\/2023\/12\/19\/ogmo-itaqui-capacita-trabalhadores-para-operacao-aluminio\/\" \/>\n<meta property=\"og:site_name\" content=\"Portosma\" \/>\n<meta property=\"article:published_time\" content=\"2023-12-19T18:34:12+00:00\" \/>\n<meta property=\"article:modified_time\" content=\"2023-12-20T00:55:43+00:00\" \/>\n<meta property=\"og:image\" content=\"https:\/\/portosma.com.br\/wp-content\/uploads\/2023\/12\/ALM-03.jpg\" \/>\n\t<meta property=\"og:image:width\" content=\"1200\" \/>\n\t<meta property=\"og:image:height\" content=\"500\" \/>\n\t<meta property=\"og:image:type\" content=\"image\/jpeg\" \/>\n<meta name=\"author\" content=\"admin\" \/>\n<meta name=\"twitter:card\" content=\"summary_large_image\" \/>\n<meta name=\"twitter:label1\" content=\"Escrito por\" \/>\n\t<meta name=\"twitter:data1\" content=\"admin\" \/>\n\t<meta name=\"twitter:label2\" content=\"Est. tempo de leitura\" \/>\n\t<meta name=\"twitter:data2\" content=\"7 minutos\" \/>\n<script type=\"application\/ld+json\" class=\"yoast-schema-graph\">{\"@context\":\"https:\/\/schema.org\",\"@graph\":[{\"@type\":\"Article\",\"@id\":\"https:\/\/portosma.com.br\/index.php\/2023\/12\/19\/ogmo-itaqui-capacita-trabalhadores-para-operacao-aluminio\/#article\",\"isPartOf\":{\"@id\":\"https:\/\/portosma.com.br\/index.php\/2023\/12\/19\/ogmo-itaqui-capacita-trabalhadores-para-operacao-aluminio\/\"},\"author\":{\"name\":\"admin\",\"@id\":\"https:\/\/portosma.com.br\/#\/schema\/person\/fb92dfe283ab47293259c87c813d8623\"},\"headline\":\"OGMO capacita trabalhadores para opera\u00e7\u00e3o alum\u00ednio no porto Itaqui\",\"datePublished\":\"2023-12-19T18:34:12+00:00\",\"dateModified\":\"2023-12-20T00:55:43+00:00\",\"mainEntityOfPage\":{\"@id\":\"https:\/\/portosma.com.br\/index.php\/2023\/12\/19\/ogmo-itaqui-capacita-trabalhadores-para-operacao-aluminio\/\"},\"wordCount\":1211,\"publisher\":{\"@id\":\"https:\/\/portosma.com.br\/#organization\"},\"image\":{\"@id\":\"https:\/\/portosma.com.br\/index.php\/2023\/12\/19\/ogmo-itaqui-capacita-trabalhadores-para-operacao-aluminio\/#primaryimage\"},\"thumbnailUrl\":\"https:\/\/portosma.com.br\/wp-content\/uploads\/2023\/12\/ALM-03.jpg\",\"articleSection\":[\"Not\u00edcias\"],\"inLanguage\":\"pt-BR\"},{\"@type\":\"WebPage\",\"@id\":\"https:\/\/portosma.com.br\/index.php\/2023\/12\/19\/ogmo-itaqui-capacita-trabalhadores-para-operacao-aluminio\/\",\"url\":\"https:\/\/portosma.com.br\/index.php\/2023\/12\/19\/ogmo-itaqui-capacita-trabalhadores-para-operacao-aluminio\/\",\"name\":\"OGMO capacita trabalhadores para opera\u00e7\u00e3o alum\u00ednio no porto Itaqui - Portosma\",\"isPartOf\":{\"@id\":\"https:\/\/portosma.com.br\/#website\"},\"primaryImageOfPage\":{\"@id\":\"https:\/\/portosma.com.br\/index.php\/2023\/12\/19\/ogmo-itaqui-capacita-trabalhadores-para-operacao-aluminio\/#primaryimage\"},\"image\":{\"@id\":\"https:\/\/portosma.com.br\/index.php\/2023\/12\/19\/ogmo-itaqui-capacita-trabalhadores-para-operacao-aluminio\/#primaryimage\"},\"thumbnailUrl\":\"https:\/\/portosma.com.br\/wp-content\/uploads\/2023\/12\/ALM-03.jpg\",\"datePublished\":\"2023-12-19T18:34:12+00:00\",\"dateModified\":\"2023-12-20T00:55:43+00:00\",\"breadcrumb\":{\"@id\":\"https:\/\/portosma.com.br\/index.php\/2023\/12\/19\/ogmo-itaqui-capacita-trabalhadores-para-operacao-aluminio\/#breadcrumb\"},\"inLanguage\":\"pt-BR\",\"potentialAction\":[{\"@type\":\"ReadAction\",\"target\":[\"https:\/\/portosma.com.br\/index.php\/2023\/12\/19\/ogmo-itaqui-capacita-trabalhadores-para-operacao-aluminio\/\"]}]},{\"@type\":\"ImageObject\",\"inLanguage\":\"pt-BR\",\"@id\":\"https:\/\/portosma.com.br\/index.php\/2023\/12\/19\/ogmo-itaqui-capacita-trabalhadores-para-operacao-aluminio\/#primaryimage\",\"url\":\"https:\/\/portosma.com.br\/wp-content\/uploads\/2023\/12\/ALM-03.jpg\",\"contentUrl\":\"https:\/\/portosma.com.br\/wp-content\/uploads\/2023\/12\/ALM-03.jpg\",\"width\":1200,\"height\":500},{\"@type\":\"BreadcrumbList\",\"@id\":\"https:\/\/portosma.com.br\/index.php\/2023\/12\/19\/ogmo-itaqui-capacita-trabalhadores-para-operacao-aluminio\/#breadcrumb\",\"itemListElement\":[{\"@type\":\"ListItem\",\"position\":1,\"name\":\"In\u00edcio\",\"item\":\"https:\/\/portosma.com.br\/\"},{\"@type\":\"ListItem\",\"position\":2,\"name\":\"OGMO capacita trabalhadores para opera\u00e7\u00e3o alum\u00ednio no porto Itaqui\"}]},{\"@type\":\"WebSite\",\"@id\":\"https:\/\/portosma.com.br\/#website\",\"url\":\"https:\/\/portosma.com.br\/\",\"name\":\"Portosma\",\"description\":\"Um site de not\u00edcias\",\"publisher\":{\"@id\":\"https:\/\/portosma.com.br\/#organization\"},\"potentialAction\":[{\"@type\":\"SearchAction\",\"target\":{\"@type\":\"EntryPoint\",\"urlTemplate\":\"https:\/\/portosma.com.br\/?s={search_term_string}\"},\"query-input\":\"required name=search_term_string\"}],\"inLanguage\":\"pt-BR\"},{\"@type\":\"Organization\",\"@id\":\"https:\/\/portosma.com.br\/#organization\",\"name\":\"Portosma\",\"alternateName\":\"Portosma\",\"url\":\"https:\/\/portosma.com.br\/\",\"logo\":{\"@type\":\"ImageObject\",\"inLanguage\":\"pt-BR\",\"@id\":\"https:\/\/portosma.com.br\/#\/schema\/logo\/image\/\",\"url\":\"https:\/\/portosma.com.br\/wp-content\/uploads\/2026\/03\/cropped-AD-PORTOSMA.jpg\",\"contentUrl\":\"https:\/\/portosma.com.br\/wp-content\/uploads\/2026\/03\/cropped-AD-PORTOSMA.jpg\",\"width\":400,\"height\":115,\"caption\":\"Portosma\"},\"image\":{\"@id\":\"https:\/\/portosma.com.br\/#\/schema\/logo\/image\/\"}},{\"@type\":\"Person\",\"@id\":\"https:\/\/portosma.com.br\/#\/schema\/person\/fb92dfe283ab47293259c87c813d8623\",\"name\":\"admin\",\"sameAs\":[\"https:\/\/portosma.com.br\"],\"url\":\"https:\/\/portosma.com.br\/index.php\/author\/portosma\/\"}]}<\/script>\n<!-- \/ Yoast SEO plugin. -->","yoast_head_json":{"title":"OGMO capacita trabalhadores para opera\u00e7\u00e3o alum\u00ednio no porto Itaqui - Portosma","robots":{"index":"index","follow":"follow","max-snippet":"max-snippet:-1","max-image-preview":"max-image-preview:large","max-video-preview":"max-video-preview:-1"},"canonical":"https:\/\/portosma.com.br\/index.php\/2023\/12\/19\/ogmo-itaqui-capacita-trabalhadores-para-operacao-aluminio\/","og_locale":"pt_BR","og_type":"article","og_title":"OGMO capacita trabalhadores para opera\u00e7\u00e3o alum\u00ednio no porto Itaqui - Portosma","og_description":"Retomada da carga no porto do Itaqui envolveu mais de 200 trabalhadores e foi comemorada por representante dos sindicatos e pelo OGMO Itaqui.","og_url":"https:\/\/portosma.com.br\/index.php\/2023\/12\/19\/ogmo-itaqui-capacita-trabalhadores-para-operacao-aluminio\/","og_site_name":"Portosma","article_published_time":"2023-12-19T18:34:12+00:00","article_modified_time":"2023-12-20T00:55:43+00:00","og_image":[{"width":1200,"height":500,"url":"https:\/\/portosma.com.br\/wp-content\/uploads\/2023\/12\/ALM-03.jpg","type":"image\/jpeg"}],"author":"admin","twitter_card":"summary_large_image","twitter_misc":{"Escrito por":"admin","Est. tempo de leitura":"7 minutos"},"schema":{"@context":"https:\/\/schema.org","@graph":[{"@type":"Article","@id":"https:\/\/portosma.com.br\/index.php\/2023\/12\/19\/ogmo-itaqui-capacita-trabalhadores-para-operacao-aluminio\/#article","isPartOf":{"@id":"https:\/\/portosma.com.br\/index.php\/2023\/12\/19\/ogmo-itaqui-capacita-trabalhadores-para-operacao-aluminio\/"},"author":{"name":"admin","@id":"https:\/\/portosma.com.br\/#\/schema\/person\/fb92dfe283ab47293259c87c813d8623"},"headline":"OGMO capacita trabalhadores para opera\u00e7\u00e3o alum\u00ednio no porto Itaqui","datePublished":"2023-12-19T18:34:12+00:00","dateModified":"2023-12-20T00:55:43+00:00","mainEntityOfPage":{"@id":"https:\/\/portosma.com.br\/index.php\/2023\/12\/19\/ogmo-itaqui-capacita-trabalhadores-para-operacao-aluminio\/"},"wordCount":1211,"publisher":{"@id":"https:\/\/portosma.com.br\/#organization"},"image":{"@id":"https:\/\/portosma.com.br\/index.php\/2023\/12\/19\/ogmo-itaqui-capacita-trabalhadores-para-operacao-aluminio\/#primaryimage"},"thumbnailUrl":"https:\/\/portosma.com.br\/wp-content\/uploads\/2023\/12\/ALM-03.jpg","articleSection":["Not\u00edcias"],"inLanguage":"pt-BR"},{"@type":"WebPage","@id":"https:\/\/portosma.com.br\/index.php\/2023\/12\/19\/ogmo-itaqui-capacita-trabalhadores-para-operacao-aluminio\/","url":"https:\/\/portosma.com.br\/index.php\/2023\/12\/19\/ogmo-itaqui-capacita-trabalhadores-para-operacao-aluminio\/","name":"OGMO capacita trabalhadores para opera\u00e7\u00e3o alum\u00ednio no porto Itaqui - Portosma","isPartOf":{"@id":"https:\/\/portosma.com.br\/#website"},"primaryImageOfPage":{"@id":"https:\/\/portosma.com.br\/index.php\/2023\/12\/19\/ogmo-itaqui-capacita-trabalhadores-para-operacao-aluminio\/#primaryimage"},"image":{"@id":"https:\/\/portosma.com.br\/index.php\/2023\/12\/19\/ogmo-itaqui-capacita-trabalhadores-para-operacao-aluminio\/#primaryimage"},"thumbnailUrl":"https:\/\/portosma.com.br\/wp-content\/uploads\/2023\/12\/ALM-03.jpg","datePublished":"2023-12-19T18:34:12+00:00","dateModified":"2023-12-20T00:55:43+00:00","breadcrumb":{"@id":"https:\/\/portosma.com.br\/index.php\/2023\/12\/19\/ogmo-itaqui-capacita-trabalhadores-para-operacao-aluminio\/#breadcrumb"},"inLanguage":"pt-BR","potentialAction":[{"@type":"ReadAction","target":["https:\/\/portosma.com.br\/index.php\/2023\/12\/19\/ogmo-itaqui-capacita-trabalhadores-para-operacao-aluminio\/"]}]},{"@type":"ImageObject","inLanguage":"pt-BR","@id":"https:\/\/portosma.com.br\/index.php\/2023\/12\/19\/ogmo-itaqui-capacita-trabalhadores-para-operacao-aluminio\/#primaryimage","url":"https:\/\/portosma.com.br\/wp-content\/uploads\/2023\/12\/ALM-03.jpg","contentUrl":"https:\/\/portosma.com.br\/wp-content\/uploads\/2023\/12\/ALM-03.jpg","width":1200,"height":500},{"@type":"BreadcrumbList","@id":"https:\/\/portosma.com.br\/index.php\/2023\/12\/19\/ogmo-itaqui-capacita-trabalhadores-para-operacao-aluminio\/#breadcrumb","itemListElement":[{"@type":"ListItem","position":1,"name":"In\u00edcio","item":"https:\/\/portosma.com.br\/"},{"@type":"ListItem","position":2,"name":"OGMO capacita trabalhadores para opera\u00e7\u00e3o alum\u00ednio no porto Itaqui"}]},{"@type":"WebSite","@id":"https:\/\/portosma.com.br\/#website","url":"https:\/\/portosma.com.br\/","name":"Portosma","description":"Um site de not\u00edcias","publisher":{"@id":"https:\/\/portosma.com.br\/#organization"},"potentialAction":[{"@type":"SearchAction","target":{"@type":"EntryPoint","urlTemplate":"https:\/\/portosma.com.br\/?s={search_term_string}"},"query-input":"required name=search_term_string"}],"inLanguage":"pt-BR"},{"@type":"Organization","@id":"https:\/\/portosma.com.br\/#organization","name":"Portosma","alternateName":"Portosma","url":"https:\/\/portosma.com.br\/","logo":{"@type":"ImageObject","inLanguage":"pt-BR","@id":"https:\/\/portosma.com.br\/#\/schema\/logo\/image\/","url":"https:\/\/portosma.com.br\/wp-content\/uploads\/2026\/03\/cropped-AD-PORTOSMA.jpg","contentUrl":"https:\/\/portosma.com.br\/wp-content\/uploads\/2026\/03\/cropped-AD-PORTOSMA.jpg","width":400,"height":115,"caption":"Portosma"},"image":{"@id":"https:\/\/portosma.com.br\/#\/schema\/logo\/image\/"}},{"@type":"Person","@id":"https:\/\/portosma.com.br\/#\/schema\/person\/fb92dfe283ab47293259c87c813d8623","name":"admin","sameAs":["https:\/\/portosma.com.br"],"url":"https:\/\/portosma.com.br\/index.php\/author\/portosma\/"}]}},"_links":{"self":[{"href":"https:\/\/portosma.com.br\/index.php\/wp-json\/wp\/v2\/posts\/11557","targetHints":{"allow":["GET"]}}],"collection":[{"href":"https:\/\/portosma.com.br\/index.php\/wp-json\/wp\/v2\/posts"}],"about":[{"href":"https:\/\/portosma.com.br\/index.php\/wp-json\/wp\/v2\/types\/post"}],"author":[{"embeddable":true,"href":"https:\/\/portosma.com.br\/index.php\/wp-json\/wp\/v2\/users\/1"}],"replies":[{"embeddable":true,"href":"https:\/\/portosma.com.br\/index.php\/wp-json\/wp\/v2\/comments?post=11557"}],"version-history":[{"count":6,"href":"https:\/\/portosma.com.br\/index.php\/wp-json\/wp\/v2\/posts\/11557\/revisions"}],"predecessor-version":[{"id":11569,"href":"https:\/\/portosma.com.br\/index.php\/wp-json\/wp\/v2\/posts\/11557\/revisions\/11569"}],"wp:featuredmedia":[{"embeddable":true,"href":"https:\/\/portosma.com.br\/index.php\/wp-json\/wp\/v2\/media\/11558"}],"wp:attachment":[{"href":"https:\/\/portosma.com.br\/index.php\/wp-json\/wp\/v2\/media?parent=11557"}],"wp:term":[{"taxonomy":"category","embeddable":true,"href":"https:\/\/portosma.com.br\/index.php\/wp-json\/wp\/v2\/categories?post=11557"},{"taxonomy":"post_tag","embeddable":true,"href":"https:\/\/portosma.com.br\/index.php\/wp-json\/wp\/v2\/tags?post=11557"}],"curies":[{"name":"wp","href":"https:\/\/api.w.org\/{rel}","templated":true}]}}