{"id":11455,"date":"2023-12-15T14:16:21","date_gmt":"2023-12-15T14:16:21","guid":{"rendered":"https:\/\/portosma.com.br\/?p=11455"},"modified":"2023-12-15T14:16:21","modified_gmt":"2023-12-15T14:16:21","slug":"vli-doa-residuos-de-graos-para-agricultores-rurais-de-porto-franco","status":"publish","type":"post","link":"https:\/\/portosma.com.br\/index.php\/2023\/12\/15\/vli-doa-residuos-de-graos-para-agricultores-rurais-de-porto-franco\/","title":{"rendered":"VLI doa res\u00edduos de gr\u00e3os para agricultores rurais de Porto Franco"},"content":{"rendered":"<p>A VLI \u2013 companhia de solu\u00e7\u00f5es log\u00edsticas que opera terminais, ferrovias e portos \u2013 fez a primeira doa\u00e7\u00e3o de res\u00edduos de gr\u00e3os para o Sindicato dos Trabalhadores Rurais Agricultores e Agricultoras Familiares da cidade de Porto Franco. Essa iniciativa refor\u00e7a o compromisso da empresa de contribuir para o desenvolvimento sustent\u00e1vel da comunidade local. Os gr\u00e3os foram gerados a partir da limpeza das \u00e1reas do Terminal Integrador e da Ferrovia em Porto Franco. Iniciativa semelhante j\u00e1 ocorreu nas cidades de S\u00e3o Lu\u00eds e Imperatriz, onde a empresa tamb\u00e9m opera.<\/p>\n<p>A doa\u00e7\u00e3o representa um passo importante na promo\u00e7\u00e3o da seguran\u00e7a alimentar e no apoio aos agricultores da regi\u00e3o, bem como uma forma sustent\u00e1vel de destinar os res\u00edduos org\u00e2nicos da empresa. Os res\u00edduos de gr\u00e3os provenientes das opera\u00e7\u00f5es da VLI s\u00e3o recursos que, quando adequadamente utilizados, podem beneficiar a produ\u00e7\u00e3o agr\u00edcola local, proporcionando insumos essenciais para o cultivo.<\/p>\n<p>\u201cEssa parceria com a VLI veio para somar com os pequenos agricultores na compostagem implementa\u00e7\u00e3o no campo onde vivem e trabalham\u201d, disse a presidente da entidade, Valdirene Leal. Segundo a dirigente, o material doado foi destinado ao assentamento S\u00e3o Raimundo para que, cada um, retirasse a quantidade necess\u00e1ria.<\/p>\n<p>Sobre a VLI &#8211; A VLI tem o compromisso de apoiar a transforma\u00e7\u00e3o da log\u00edstica no pa\u00eds, por meio da integra\u00e7\u00e3o de servi\u00e7os em portos, ferrovias e terminais. A empresa engloba as ferrovias Norte Sul (FNS) e Centro-Atl\u00e2ntica (FCA), al\u00e9m de terminais intermodais, que unem o carregamento e o descarregamento de produtos ao transporte ferrovi\u00e1rio, e terminais portu\u00e1rios situados em eixos estrat\u00e9gicos da costa brasileira, tais como em Santos (SP), S\u00e3o Lu\u00eds (MA) e Vit\u00f3ria (ES). Por quatro anos consecutivos entre as tr\u00eas companhias mais inovadoras do setor de Transporte e Log\u00edstica no ranking do Valor Inova\u00e7\u00e3o, a VLI transporta as riquezas do Brasil por rotas que passam pelas regi\u00f5es Norte, Nordeste, Sudeste e Centro.<\/p>\n<p>&nbsp;<\/p>\n<p><span style=\"color: #808080;\"><em><strong>Fonte:<\/strong><\/em><\/span><br \/>\n<span style=\"color: #808080;\"><em><strong>WComunica\u00e7\u00e3o &#8211; Assessoria e Consultoria<\/strong><\/em><\/span><\/p>\n","protected":false},"excerpt":{"rendered":"<p>Os gr\u00e3os foram gerados a partir da limpeza das \u00e1reas do Terminal Integrador e da Ferrovia nos munic\u00edpios de  Porto Franco. S\u00e3o Lu\u00eds e Imperatriz.<\/p>\n","protected":false},"author":1,"featured_media":11456,"comment_status":"closed","ping_status":"open","sticky":false,"template":"","format":"standard","meta":{"_editorskit_title_hidden":false,"_editorskit_reading_time":0,"_editorskit_is_block_options_detached":false,"_editorskit_block_options_position":"{}","ngg_post_thumbnail":0,"footnotes":""},"categories":[1],"tags":[],"class_list":["post-11455","post","type-post","status-publish","format-standard","has-post-thumbnail","hentry","category-noticias"],"yoast_head":"<!-- This site is optimized with the Yoast SEO plugin v22.5 - https:\/\/yoast.com\/wordpress\/plugins\/seo\/ -->\n<title>VLI doa res\u00edduos de gr\u00e3os para agricultores rurais de Porto Franco - Portosma<\/title>\n<meta name=\"robots\" content=\"index, follow, max-snippet:-1, max-image-preview:large, max-video-preview:-1\" \/>\n<link rel=\"canonical\" href=\"https:\/\/portosma.com.br\/index.php\/2023\/12\/15\/vli-doa-residuos-de-graos-para-agricultores-rurais-de-porto-franco\/\" \/>\n<meta property=\"og:locale\" content=\"pt_BR\" \/>\n<meta property=\"og:type\" content=\"article\" \/>\n<meta property=\"og:title\" content=\"VLI doa res\u00edduos de gr\u00e3os para agricultores rurais de Porto Franco - Portosma\" \/>\n<meta property=\"og:description\" content=\"Os gr\u00e3os foram gerados a partir da limpeza das \u00e1reas do Terminal Integrador e da Ferrovia nos munic\u00edpios de Porto Franco. S\u00e3o Lu\u00eds e Imperatriz.\" \/>\n<meta property=\"og:url\" content=\"https:\/\/portosma.com.br\/index.php\/2023\/12\/15\/vli-doa-residuos-de-graos-para-agricultores-rurais-de-porto-franco\/\" \/>\n<meta property=\"og:site_name\" content=\"Portosma\" \/>\n<meta property=\"article:published_time\" content=\"2023-12-15T14:16:21+00:00\" \/>\n<meta property=\"og:image\" content=\"https:\/\/portosma.com.br\/wp-content\/uploads\/2023\/12\/GRAOS.jpg\" \/>\n\t<meta property=\"og:image:width\" content=\"1200\" \/>\n\t<meta property=\"og:image:height\" content=\"493\" \/>\n\t<meta property=\"og:image:type\" content=\"image\/jpeg\" \/>\n<meta name=\"author\" content=\"admin\" \/>\n<meta name=\"twitter:card\" content=\"summary_large_image\" \/>\n<meta name=\"twitter:label1\" content=\"Escrito por\" \/>\n\t<meta name=\"twitter:data1\" content=\"admin\" \/>\n\t<meta name=\"twitter:label2\" content=\"Est. tempo de leitura\" \/>\n\t<meta name=\"twitter:data2\" content=\"2 minutos\" \/>\n<script type=\"application\/ld+json\" class=\"yoast-schema-graph\">{\"@context\":\"https:\/\/schema.org\",\"@graph\":[{\"@type\":\"Article\",\"@id\":\"https:\/\/portosma.com.br\/index.php\/2023\/12\/15\/vli-doa-residuos-de-graos-para-agricultores-rurais-de-porto-franco\/#article\",\"isPartOf\":{\"@id\":\"https:\/\/portosma.com.br\/index.php\/2023\/12\/15\/vli-doa-residuos-de-graos-para-agricultores-rurais-de-porto-franco\/\"},\"author\":{\"name\":\"admin\",\"@id\":\"https:\/\/portosma.com.br\/#\/schema\/person\/fb92dfe283ab47293259c87c813d8623\"},\"headline\":\"VLI doa res\u00edduos de gr\u00e3os para agricultores rurais de Porto Franco\",\"datePublished\":\"2023-12-15T14:16:21+00:00\",\"dateModified\":\"2023-12-15T14:16:21+00:00\",\"mainEntityOfPage\":{\"@id\":\"https:\/\/portosma.com.br\/index.php\/2023\/12\/15\/vli-doa-residuos-de-graos-para-agricultores-rurais-de-porto-franco\/\"},\"wordCount\":371,\"publisher\":{\"@id\":\"https:\/\/portosma.com.br\/#organization\"},\"image\":{\"@id\":\"https:\/\/portosma.com.br\/index.php\/2023\/12\/15\/vli-doa-residuos-de-graos-para-agricultores-rurais-de-porto-franco\/#primaryimage\"},\"thumbnailUrl\":\"https:\/\/portosma.com.br\/wp-content\/uploads\/2023\/12\/GRAOS.jpg\",\"articleSection\":[\"Not\u00edcias\"],\"inLanguage\":\"pt-BR\"},{\"@type\":\"WebPage\",\"@id\":\"https:\/\/portosma.com.br\/index.php\/2023\/12\/15\/vli-doa-residuos-de-graos-para-agricultores-rurais-de-porto-franco\/\",\"url\":\"https:\/\/portosma.com.br\/index.php\/2023\/12\/15\/vli-doa-residuos-de-graos-para-agricultores-rurais-de-porto-franco\/\",\"name\":\"VLI doa res\u00edduos de gr\u00e3os para agricultores rurais de Porto Franco - Portosma\",\"isPartOf\":{\"@id\":\"https:\/\/portosma.com.br\/#website\"},\"primaryImageOfPage\":{\"@id\":\"https:\/\/portosma.com.br\/index.php\/2023\/12\/15\/vli-doa-residuos-de-graos-para-agricultores-rurais-de-porto-franco\/#primaryimage\"},\"image\":{\"@id\":\"https:\/\/portosma.com.br\/index.php\/2023\/12\/15\/vli-doa-residuos-de-graos-para-agricultores-rurais-de-porto-franco\/#primaryimage\"},\"thumbnailUrl\":\"https:\/\/portosma.com.br\/wp-content\/uploads\/2023\/12\/GRAOS.jpg\",\"datePublished\":\"2023-12-15T14:16:21+00:00\",\"dateModified\":\"2023-12-15T14:16:21+00:00\",\"breadcrumb\":{\"@id\":\"https:\/\/portosma.com.br\/index.php\/2023\/12\/15\/vli-doa-residuos-de-graos-para-agricultores-rurais-de-porto-franco\/#breadcrumb\"},\"inLanguage\":\"pt-BR\",\"potentialAction\":[{\"@type\":\"ReadAction\",\"target\":[\"https:\/\/portosma.com.br\/index.php\/2023\/12\/15\/vli-doa-residuos-de-graos-para-agricultores-rurais-de-porto-franco\/\"]}]},{\"@type\":\"ImageObject\",\"inLanguage\":\"pt-BR\",\"@id\":\"https:\/\/portosma.com.br\/index.php\/2023\/12\/15\/vli-doa-residuos-de-graos-para-agricultores-rurais-de-porto-franco\/#primaryimage\",\"url\":\"https:\/\/portosma.com.br\/wp-content\/uploads\/2023\/12\/GRAOS.jpg\",\"contentUrl\":\"https:\/\/portosma.com.br\/wp-content\/uploads\/2023\/12\/GRAOS.jpg\",\"width\":1200,\"height\":493},{\"@type\":\"BreadcrumbList\",\"@id\":\"https:\/\/portosma.com.br\/index.php\/2023\/12\/15\/vli-doa-residuos-de-graos-para-agricultores-rurais-de-porto-franco\/#breadcrumb\",\"itemListElement\":[{\"@type\":\"ListItem\",\"position\":1,\"name\":\"In\u00edcio\",\"item\":\"https:\/\/portosma.com.br\/\"},{\"@type\":\"ListItem\",\"position\":2,\"name\":\"VLI doa res\u00edduos de gr\u00e3os para agricultores rurais de Porto Franco\"}]},{\"@type\":\"WebSite\",\"@id\":\"https:\/\/portosma.com.br\/#website\",\"url\":\"https:\/\/portosma.com.br\/\",\"name\":\"Portosma\",\"description\":\"Um site de not\u00edcias\",\"publisher\":{\"@id\":\"https:\/\/portosma.com.br\/#organization\"},\"potentialAction\":[{\"@type\":\"SearchAction\",\"target\":{\"@type\":\"EntryPoint\",\"urlTemplate\":\"https:\/\/portosma.com.br\/?s={search_term_string}\"},\"query-input\":\"required name=search_term_string\"}],\"inLanguage\":\"pt-BR\"},{\"@type\":\"Organization\",\"@id\":\"https:\/\/portosma.com.br\/#organization\",\"name\":\"Portosma\",\"alternateName\":\"Portosma\",\"url\":\"https:\/\/portosma.com.br\/\",\"logo\":{\"@type\":\"ImageObject\",\"inLanguage\":\"pt-BR\",\"@id\":\"https:\/\/portosma.com.br\/#\/schema\/logo\/image\/\",\"url\":\"https:\/\/portosma.com.br\/wp-content\/uploads\/2026\/03\/cropped-AD-PORTOSMA.jpg\",\"contentUrl\":\"https:\/\/portosma.com.br\/wp-content\/uploads\/2026\/03\/cropped-AD-PORTOSMA.jpg\",\"width\":400,\"height\":115,\"caption\":\"Portosma\"},\"image\":{\"@id\":\"https:\/\/portosma.com.br\/#\/schema\/logo\/image\/\"}},{\"@type\":\"Person\",\"@id\":\"https:\/\/portosma.com.br\/#\/schema\/person\/fb92dfe283ab47293259c87c813d8623\",\"name\":\"admin\",\"sameAs\":[\"https:\/\/portosma.com.br\"],\"url\":\"https:\/\/portosma.com.br\/index.php\/author\/portosma\/\"}]}<\/script>\n<!-- \/ Yoast SEO plugin. -->","yoast_head_json":{"title":"VLI doa res\u00edduos de gr\u00e3os para agricultores rurais de Porto Franco - Portosma","robots":{"index":"index","follow":"follow","max-snippet":"max-snippet:-1","max-image-preview":"max-image-preview:large","max-video-preview":"max-video-preview:-1"},"canonical":"https:\/\/portosma.com.br\/index.php\/2023\/12\/15\/vli-doa-residuos-de-graos-para-agricultores-rurais-de-porto-franco\/","og_locale":"pt_BR","og_type":"article","og_title":"VLI doa res\u00edduos de gr\u00e3os para agricultores rurais de Porto Franco - Portosma","og_description":"Os gr\u00e3os foram gerados a partir da limpeza das \u00e1reas do Terminal Integrador e da Ferrovia nos munic\u00edpios de Porto Franco. S\u00e3o Lu\u00eds e Imperatriz.","og_url":"https:\/\/portosma.com.br\/index.php\/2023\/12\/15\/vli-doa-residuos-de-graos-para-agricultores-rurais-de-porto-franco\/","og_site_name":"Portosma","article_published_time":"2023-12-15T14:16:21+00:00","og_image":[{"width":1200,"height":493,"url":"https:\/\/portosma.com.br\/wp-content\/uploads\/2023\/12\/GRAOS.jpg","type":"image\/jpeg"}],"author":"admin","twitter_card":"summary_large_image","twitter_misc":{"Escrito por":"admin","Est. tempo de leitura":"2 minutos"},"schema":{"@context":"https:\/\/schema.org","@graph":[{"@type":"Article","@id":"https:\/\/portosma.com.br\/index.php\/2023\/12\/15\/vli-doa-residuos-de-graos-para-agricultores-rurais-de-porto-franco\/#article","isPartOf":{"@id":"https:\/\/portosma.com.br\/index.php\/2023\/12\/15\/vli-doa-residuos-de-graos-para-agricultores-rurais-de-porto-franco\/"},"author":{"name":"admin","@id":"https:\/\/portosma.com.br\/#\/schema\/person\/fb92dfe283ab47293259c87c813d8623"},"headline":"VLI doa res\u00edduos de gr\u00e3os para agricultores rurais de Porto Franco","datePublished":"2023-12-15T14:16:21+00:00","dateModified":"2023-12-15T14:16:21+00:00","mainEntityOfPage":{"@id":"https:\/\/portosma.com.br\/index.php\/2023\/12\/15\/vli-doa-residuos-de-graos-para-agricultores-rurais-de-porto-franco\/"},"wordCount":371,"publisher":{"@id":"https:\/\/portosma.com.br\/#organization"},"image":{"@id":"https:\/\/portosma.com.br\/index.php\/2023\/12\/15\/vli-doa-residuos-de-graos-para-agricultores-rurais-de-porto-franco\/#primaryimage"},"thumbnailUrl":"https:\/\/portosma.com.br\/wp-content\/uploads\/2023\/12\/GRAOS.jpg","articleSection":["Not\u00edcias"],"inLanguage":"pt-BR"},{"@type":"WebPage","@id":"https:\/\/portosma.com.br\/index.php\/2023\/12\/15\/vli-doa-residuos-de-graos-para-agricultores-rurais-de-porto-franco\/","url":"https:\/\/portosma.com.br\/index.php\/2023\/12\/15\/vli-doa-residuos-de-graos-para-agricultores-rurais-de-porto-franco\/","name":"VLI doa res\u00edduos de gr\u00e3os para agricultores rurais de Porto Franco - Portosma","isPartOf":{"@id":"https:\/\/portosma.com.br\/#website"},"primaryImageOfPage":{"@id":"https:\/\/portosma.com.br\/index.php\/2023\/12\/15\/vli-doa-residuos-de-graos-para-agricultores-rurais-de-porto-franco\/#primaryimage"},"image":{"@id":"https:\/\/portosma.com.br\/index.php\/2023\/12\/15\/vli-doa-residuos-de-graos-para-agricultores-rurais-de-porto-franco\/#primaryimage"},"thumbnailUrl":"https:\/\/portosma.com.br\/wp-content\/uploads\/2023\/12\/GRAOS.jpg","datePublished":"2023-12-15T14:16:21+00:00","dateModified":"2023-12-15T14:16:21+00:00","breadcrumb":{"@id":"https:\/\/portosma.com.br\/index.php\/2023\/12\/15\/vli-doa-residuos-de-graos-para-agricultores-rurais-de-porto-franco\/#breadcrumb"},"inLanguage":"pt-BR","potentialAction":[{"@type":"ReadAction","target":["https:\/\/portosma.com.br\/index.php\/2023\/12\/15\/vli-doa-residuos-de-graos-para-agricultores-rurais-de-porto-franco\/"]}]},{"@type":"ImageObject","inLanguage":"pt-BR","@id":"https:\/\/portosma.com.br\/index.php\/2023\/12\/15\/vli-doa-residuos-de-graos-para-agricultores-rurais-de-porto-franco\/#primaryimage","url":"https:\/\/portosma.com.br\/wp-content\/uploads\/2023\/12\/GRAOS.jpg","contentUrl":"https:\/\/portosma.com.br\/wp-content\/uploads\/2023\/12\/GRAOS.jpg","width":1200,"height":493},{"@type":"BreadcrumbList","@id":"https:\/\/portosma.com.br\/index.php\/2023\/12\/15\/vli-doa-residuos-de-graos-para-agricultores-rurais-de-porto-franco\/#breadcrumb","itemListElement":[{"@type":"ListItem","position":1,"name":"In\u00edcio","item":"https:\/\/portosma.com.br\/"},{"@type":"ListItem","position":2,"name":"VLI doa res\u00edduos de gr\u00e3os para agricultores rurais de Porto Franco"}]},{"@type":"WebSite","@id":"https:\/\/portosma.com.br\/#website","url":"https:\/\/portosma.com.br\/","name":"Portosma","description":"Um site de not\u00edcias","publisher":{"@id":"https:\/\/portosma.com.br\/#organization"},"potentialAction":[{"@type":"SearchAction","target":{"@type":"EntryPoint","urlTemplate":"https:\/\/portosma.com.br\/?s={search_term_string}"},"query-input":"required name=search_term_string"}],"inLanguage":"pt-BR"},{"@type":"Organization","@id":"https:\/\/portosma.com.br\/#organization","name":"Portosma","alternateName":"Portosma","url":"https:\/\/portosma.com.br\/","logo":{"@type":"ImageObject","inLanguage":"pt-BR","@id":"https:\/\/portosma.com.br\/#\/schema\/logo\/image\/","url":"https:\/\/portosma.com.br\/wp-content\/uploads\/2026\/03\/cropped-AD-PORTOSMA.jpg","contentUrl":"https:\/\/portosma.com.br\/wp-content\/uploads\/2026\/03\/cropped-AD-PORTOSMA.jpg","width":400,"height":115,"caption":"Portosma"},"image":{"@id":"https:\/\/portosma.com.br\/#\/schema\/logo\/image\/"}},{"@type":"Person","@id":"https:\/\/portosma.com.br\/#\/schema\/person\/fb92dfe283ab47293259c87c813d8623","name":"admin","sameAs":["https:\/\/portosma.com.br"],"url":"https:\/\/portosma.com.br\/index.php\/author\/portosma\/"}]}},"_links":{"self":[{"href":"https:\/\/portosma.com.br\/index.php\/wp-json\/wp\/v2\/posts\/11455","targetHints":{"allow":["GET"]}}],"collection":[{"href":"https:\/\/portosma.com.br\/index.php\/wp-json\/wp\/v2\/posts"}],"about":[{"href":"https:\/\/portosma.com.br\/index.php\/wp-json\/wp\/v2\/types\/post"}],"author":[{"embeddable":true,"href":"https:\/\/portosma.com.br\/index.php\/wp-json\/wp\/v2\/users\/1"}],"replies":[{"embeddable":true,"href":"https:\/\/portosma.com.br\/index.php\/wp-json\/wp\/v2\/comments?post=11455"}],"version-history":[{"count":1,"href":"https:\/\/portosma.com.br\/index.php\/wp-json\/wp\/v2\/posts\/11455\/revisions"}],"predecessor-version":[{"id":11457,"href":"https:\/\/portosma.com.br\/index.php\/wp-json\/wp\/v2\/posts\/11455\/revisions\/11457"}],"wp:featuredmedia":[{"embeddable":true,"href":"https:\/\/portosma.com.br\/index.php\/wp-json\/wp\/v2\/media\/11456"}],"wp:attachment":[{"href":"https:\/\/portosma.com.br\/index.php\/wp-json\/wp\/v2\/media?parent=11455"}],"wp:term":[{"taxonomy":"category","embeddable":true,"href":"https:\/\/portosma.com.br\/index.php\/wp-json\/wp\/v2\/categories?post=11455"},{"taxonomy":"post_tag","embeddable":true,"href":"https:\/\/portosma.com.br\/index.php\/wp-json\/wp\/v2\/tags?post=11455"}],"curies":[{"name":"wp","href":"https:\/\/api.w.org\/{rel}","templated":true}]}}