{"id":11399,"date":"2023-12-13T12:35:28","date_gmt":"2023-12-13T12:35:28","guid":{"rendered":"https:\/\/portosma.com.br\/?p=11399"},"modified":"2023-12-13T12:49:38","modified_gmt":"2023-12-13T12:49:38","slug":"capitania-dos-portos-do-ma-celebra-o-dia-do-marinheiro","status":"publish","type":"post","link":"https:\/\/portosma.com.br\/index.php\/2023\/12\/13\/capitania-dos-portos-do-ma-celebra-o-dia-do-marinheiro\/","title":{"rendered":"Capitania dos Portos do Maranh\u00e3o comemora o Dia do Marinheiro"},"content":{"rendered":"<p>Na cerim\u00f4nia foram premiadas as reda\u00e7\u00f5es do Projeto Cirne Branco, condecora\u00e7\u00f5es a soldados, sub-oficiais e a tr\u00eas novos Amigos da Marinha.<\/p>\n<p>A Capitania dos Portos do Estado do Maranh\u00e3o, que tem como comandante o CMG Alexandre Roberto Janu\u00e1rio, realizou na manh\u00e3 desta ter\u00e7a-feira, 12\/12, uma cerim\u00f4nia c\u00edvico-militar em comemora\u00e7\u00e3o ao Dia do Marinheiro, celebrado em todo pa\u00eds no dia 13 de dezembro. O evento come\u00e7ou com a execu\u00e7\u00e3o do Hino Nacional Brasileiro e, logo em seguida, a leitura da Ordem do Dia do Comandante da Marinha, Almirante de Esquadra Marcos Sampaio Olsen. Depois foi a vez da mensagem do Ministro da Defesa M\u00e1rcio Mucio Monteiro Filho. (ambos os discursos est\u00e3o na \u00edntegra no final desta reportagem).<\/p>\n<p><img fetchpriority=\"high\" decoding=\"async\" class=\"alignnone wp-image-11401 size-full\" src=\"https:\/\/portosma.com.br\/wp-content\/uploads\/2023\/12\/MAR-01.jpg\" alt=\"\" width=\"900\" height=\"423\" srcset=\"https:\/\/portosma.com.br\/wp-content\/uploads\/2023\/12\/MAR-01.jpg 900w, https:\/\/portosma.com.br\/wp-content\/uploads\/2023\/12\/MAR-01-300x141.jpg 300w, https:\/\/portosma.com.br\/wp-content\/uploads\/2023\/12\/MAR-01-768x361.jpg 768w\" sizes=\"(max-width: 900px) 100vw, 900px\" \/><\/p>\n<p>A cerim\u00f4nia teve v\u00e1rios momentos de condecora\u00e7\u00e3o de medalhas, diplomas e passador de ouro. Os primeiros homenageados receberam as medalhas de M\u00e9rito Militar e M\u00e9rito Naval.&nbsp; \u201cO diretor do pessoal da Marinha resolve conceder a medalha e passador de ouro como reconhecimento aos bons servi\u00e7os militares prestados ao CA Cosme Maranh\u00e3o Serra (30 anos) e ao 3\u00baSG-SI Jo\u00e3o Pedro Leres Ribeiro (10anos)\u201d.<\/p>\n<p><img decoding=\"async\" class=\"alignnone wp-image-11402 size-full\" src=\"https:\/\/portosma.com.br\/wp-content\/uploads\/2023\/12\/MAR-02.jpg\" alt=\"\" width=\"900\" height=\"402\" srcset=\"https:\/\/portosma.com.br\/wp-content\/uploads\/2023\/12\/MAR-02.jpg 900w, https:\/\/portosma.com.br\/wp-content\/uploads\/2023\/12\/MAR-02-300x134.jpg 300w, https:\/\/portosma.com.br\/wp-content\/uploads\/2023\/12\/MAR-02-768x343.jpg 768w\" sizes=\"(max-width: 900px) 100vw, 900px\" \/><\/p>\n<p>Tamb\u00e9m foi agraciado com a Medalha M\u00e9rito Sa\u00fade Naval \u201cpor exemplar dedica\u00e7\u00e3o profissional e invulgar interesse na \u00e1rea da sa\u00fade naval ao longo de 4.445 dias, o 1\u00b0SG Jafferson Kaslley Beserra dos Prazeres Costa. No momento seguinte, foi a vez da entrega de Distintivo de C-Asemso aos suboficiais &#8211; SO Anderson Silva De Alencar; SO&nbsp; Eduardo Costa Bezerra e SO&nbsp; Herlon Mendes Simas. O C-Asemso tem o prop\u00f3sito de qualificar os suboficiais do corpo de pra\u00e7as da armada (CPA) e do corpo auxiliar de pra\u00e7as (CAP) para o exerc\u00edcio de suas atividades, por meio da amplia\u00e7\u00e3o de conhecimentos em \u00e1reas de desenvolvimento gerencial de pessoal, visando assessorar os oficiais que estejam realizando fun\u00e7\u00f5es de Estado-Maior. O distintivo do curso de assessoria em estado-maior para suboficiais (C-Asemso) \u00e9 tradicionalmente concedido aos suboficiais que conclu\u00edram o curso como resultado satisfat\u00f3rio.<\/p>\n<p><img decoding=\"async\" class=\"alignnone wp-image-11403 size-full\" src=\"https:\/\/portosma.com.br\/wp-content\/uploads\/2023\/12\/MAR-03.jpg\" alt=\"\" width=\"900\" height=\"390\" srcset=\"https:\/\/portosma.com.br\/wp-content\/uploads\/2023\/12\/MAR-03.jpg 900w, https:\/\/portosma.com.br\/wp-content\/uploads\/2023\/12\/MAR-03-300x130.jpg 300w, https:\/\/portosma.com.br\/wp-content\/uploads\/2023\/12\/MAR-03-768x333.jpg 768w\" sizes=\"(max-width: 900px) 100vw, 900px\" \/><\/p>\n<p><strong>Diplomas e premia\u00e7\u00e3o da Opera\u00e7\u00e3o Cisne Branco 2023<\/strong> &#8211; A Opera\u00e7\u00e3o Cisne Branco \u00e9 uma atividade destinada a despertar, na comunidade escolar, a mentalidade mar\u00edtima. Ou seja, o interesse pelos assuntos relacionados \u00e0 marinha e \u00e0s lides do mar. Por meio de palestras, os alunos do ensino m\u00e9dio recebem informa\u00e7\u00f5es sobre a Marinha do Brasil e s\u00e3o convidados a participarem de um concurso de reda\u00e7\u00e3o em \u00e2mbitos municipal, distrital e nacional. Foram premiados \u00e0s reda\u00e7\u00f5es dos seguintes alunos: 1\u00aa colocada: Ana Clara De Lima Silva; 2\u00aa colocada: Thalia Borges Carneiro; 3\u00ba colocado: Rafael Muniz Moreira, alunos da Escola Centro Educa Mais For\u00e7a A\u00e9rea Brasileira.<\/p>\n<p><img loading=\"lazy\" decoding=\"async\" class=\"alignnone wp-image-11404 size-full\" src=\"https:\/\/portosma.com.br\/wp-content\/uploads\/2023\/12\/MAR-09.jpg\" alt=\"\" width=\"900\" height=\"506\" srcset=\"https:\/\/portosma.com.br\/wp-content\/uploads\/2023\/12\/MAR-09.jpg 900w, https:\/\/portosma.com.br\/wp-content\/uploads\/2023\/12\/MAR-09-300x169.jpg 300w, https:\/\/portosma.com.br\/wp-content\/uploads\/2023\/12\/MAR-09-768x432.jpg 768w\" sizes=\"(max-width: 900px) 100vw, 900px\" \/><\/p>\n<p>O Instituto Estadual De Educa\u00e7\u00e3o, Ci\u00eancia e Tecnologia do Maranh\u00e3o (IEMA) teve tr\u00eas alunos premiados: Camille Vict\u00f3ria De Carvalho Soares (1\u00ba lugar e vencedora tamb\u00e9m da premia\u00e7\u00e3o de melhor reda\u00e7\u00e3o no \u00e2mbito municipal); Taynara Pereira Pires (2\u00ba lugar) e Ra\u00edssa da Silva Cavalcante (3\u00ba lugar).<\/p>\n<p><img loading=\"lazy\" decoding=\"async\" class=\"alignnone wp-image-11405 size-full\" src=\"https:\/\/portosma.com.br\/wp-content\/uploads\/2023\/12\/MAR-10.jpg\" alt=\"\" width=\"900\" height=\"506\" srcset=\"https:\/\/portosma.com.br\/wp-content\/uploads\/2023\/12\/MAR-10.jpg 900w, https:\/\/portosma.com.br\/wp-content\/uploads\/2023\/12\/MAR-10-300x169.jpg 300w, https:\/\/portosma.com.br\/wp-content\/uploads\/2023\/12\/MAR-10-768x432.jpg 768w\" sizes=\"(max-width: 900px) 100vw, 900px\" \/><\/p>\n<p><img loading=\"lazy\" decoding=\"async\" class=\"alignnone wp-image-11406 size-full\" src=\"https:\/\/portosma.com.br\/wp-content\/uploads\/2023\/12\/MAR-25.jpg\" alt=\"\" width=\"900\" height=\"506\" srcset=\"https:\/\/portosma.com.br\/wp-content\/uploads\/2023\/12\/MAR-25.jpg 900w, https:\/\/portosma.com.br\/wp-content\/uploads\/2023\/12\/MAR-25-300x169.jpg 300w, https:\/\/portosma.com.br\/wp-content\/uploads\/2023\/12\/MAR-25-768x432.jpg 768w\" sizes=\"(max-width: 900px) 100vw, 900px\" \/><\/p>\n<p>Por fim, foi a vez da imposi\u00e7\u00e3o de Medalha a tr\u00eas novos Amigos da Marinha: Alexandre Ramos de Figueiredo, Claudia Gon\u00e7alves Mendes e Paulo Eduardo Freire Ara\u00fajo. Na apresenta\u00e7\u00e3o dos novos agraciados, o cerimonial destacou que \u201cNo dia 6 de novembro, comemora-se o dia nacional do Amigo da Marinha, data em que a Marinha homenageia esses amigos que, voluntariamente, se dedicam a divulgar as atividades da for\u00e7a e a ampliar a percep\u00e7\u00e3o da mentalidade mar\u00edtima na sociedade. A presente comenda \u00e9 concedida a personalidades civis, sem v\u00ednculo funcional com a MB, militares de outras for\u00e7as, bem como institui\u00e7\u00f5es que tenham contribu\u00eddo para fortalecer o relacionamento da For\u00e7a com a sociedade civil\u201d.<\/p>\n<p><img loading=\"lazy\" decoding=\"async\" class=\"alignnone wp-image-11407 size-full\" src=\"https:\/\/portosma.com.br\/wp-content\/uploads\/2023\/12\/MAR-12.jpg\" alt=\"\" width=\"900\" height=\"506\" srcset=\"https:\/\/portosma.com.br\/wp-content\/uploads\/2023\/12\/MAR-12.jpg 900w, https:\/\/portosma.com.br\/wp-content\/uploads\/2023\/12\/MAR-12-300x169.jpg 300w, https:\/\/portosma.com.br\/wp-content\/uploads\/2023\/12\/MAR-12-768x432.jpg 768w\" sizes=\"(max-width: 900px) 100vw, 900px\" \/><\/p>\n<p><img loading=\"lazy\" decoding=\"async\" class=\"alignnone wp-image-11413 size-full\" src=\"https:\/\/portosma.com.br\/wp-content\/uploads\/2023\/12\/MAR-17.jpg\" alt=\"\" width=\"900\" height=\"370\" srcset=\"https:\/\/portosma.com.br\/wp-content\/uploads\/2023\/12\/MAR-17.jpg 900w, https:\/\/portosma.com.br\/wp-content\/uploads\/2023\/12\/MAR-17-300x123.jpg 300w, https:\/\/portosma.com.br\/wp-content\/uploads\/2023\/12\/MAR-17-768x316.jpg 768w\" sizes=\"(max-width: 900px) 100vw, 900px\" \/><\/p>\n<p>O Capit\u00e3o dos Portos Do Maranh\u00e3o, Capit\u00e3o de Mar e Guerra Alexandre Roberto Janu\u00e1rio acompanhado do Presidente da Soamar S\u00edlvio L\u00facio de Oliveira Aguiar, fez a imposi\u00e7\u00e3o das respectivas Medalhas e Diplomas aos novos agraciados. Encerrando a solenidade, o Comandante Janu\u00e1rio agradeceu, em nome da Marinha e da Capitania dos Portos do Maranh\u00e3o, a todos os presentes. Em especial a sua esposa M\u00e1rcia Helena \u201ca companheira de todos os momentos de sua vida marinheira\u201d, aos representantes da Aeron\u00e1utica, ao ex-comandantes das CPMA presentes, aos soamarinos, a presidente do Syngamar, da Soamar, aos alunos vencedores do concurso de reda\u00e7\u00f5es e a todos os profissionais mar\u00edtimos que compareceram e prestigiaram o evento. <strong>Veja as fotos<\/strong>, e, em seguida, a <strong>\u00edntegra das Ordens do Dia do Comandante da Marinha e do Ministro da Defesa do Brasil.<\/strong><\/p>\n<p><img loading=\"lazy\" decoding=\"async\" class=\"alignnone wp-image-11431 size-full\" src=\"https:\/\/portosma.com.br\/wp-content\/uploads\/2023\/12\/MAR-39.jpg\" alt=\"\" width=\"900\" height=\"269\" srcset=\"https:\/\/portosma.com.br\/wp-content\/uploads\/2023\/12\/MAR-39.jpg 900w, https:\/\/portosma.com.br\/wp-content\/uploads\/2023\/12\/MAR-39-300x90.jpg 300w, https:\/\/portosma.com.br\/wp-content\/uploads\/2023\/12\/MAR-39-768x230.jpg 768w\" sizes=\"(max-width: 900px) 100vw, 900px\" \/><\/p>\n<p><img loading=\"lazy\" decoding=\"async\" class=\"alignnone wp-image-11411 size-full\" src=\"https:\/\/portosma.com.br\/wp-content\/uploads\/2023\/12\/MAR-14.jpg\" alt=\"\" width=\"900\" height=\"506\" srcset=\"https:\/\/portosma.com.br\/wp-content\/uploads\/2023\/12\/MAR-14.jpg 900w, https:\/\/portosma.com.br\/wp-content\/uploads\/2023\/12\/MAR-14-300x169.jpg 300w, https:\/\/portosma.com.br\/wp-content\/uploads\/2023\/12\/MAR-14-768x432.jpg 768w\" sizes=\"(max-width: 900px) 100vw, 900px\" \/><\/p>\n<p><img loading=\"lazy\" decoding=\"async\" class=\"alignnone wp-image-11412 size-full\" src=\"https:\/\/portosma.com.br\/wp-content\/uploads\/2023\/12\/MAR-15.jpg\" alt=\"\" width=\"900\" height=\"506\" srcset=\"https:\/\/portosma.com.br\/wp-content\/uploads\/2023\/12\/MAR-15.jpg 900w, https:\/\/portosma.com.br\/wp-content\/uploads\/2023\/12\/MAR-15-300x169.jpg 300w, https:\/\/portosma.com.br\/wp-content\/uploads\/2023\/12\/MAR-15-768x432.jpg 768w\" sizes=\"(max-width: 900px) 100vw, 900px\" \/> &nbsp;<img loading=\"lazy\" decoding=\"async\" class=\"alignnone wp-image-11414 size-full\" src=\"https:\/\/portosma.com.br\/wp-content\/uploads\/2023\/12\/MAR-18.jpg\" alt=\"\" width=\"900\" height=\"506\" srcset=\"https:\/\/portosma.com.br\/wp-content\/uploads\/2023\/12\/MAR-18.jpg 900w, https:\/\/portosma.com.br\/wp-content\/uploads\/2023\/12\/MAR-18-300x169.jpg 300w, https:\/\/portosma.com.br\/wp-content\/uploads\/2023\/12\/MAR-18-768x432.jpg 768w\" sizes=\"(max-width: 900px) 100vw, 900px\" \/><\/p>\n<p><img loading=\"lazy\" decoding=\"async\" class=\"alignnone wp-image-11415 size-full\" src=\"https:\/\/portosma.com.br\/wp-content\/uploads\/2023\/12\/MAR-19.jpg\" alt=\"\" width=\"900\" height=\"506\" srcset=\"https:\/\/portosma.com.br\/wp-content\/uploads\/2023\/12\/MAR-19.jpg 900w, https:\/\/portosma.com.br\/wp-content\/uploads\/2023\/12\/MAR-19-300x169.jpg 300w, https:\/\/portosma.com.br\/wp-content\/uploads\/2023\/12\/MAR-19-768x432.jpg 768w\" sizes=\"(max-width: 900px) 100vw, 900px\" \/><\/p>\n<p><img loading=\"lazy\" decoding=\"async\" class=\"alignnone wp-image-11416 size-full\" src=\"https:\/\/portosma.com.br\/wp-content\/uploads\/2023\/12\/MAR-20.jpg\" alt=\"\" width=\"900\" height=\"506\" srcset=\"https:\/\/portosma.com.br\/wp-content\/uploads\/2023\/12\/MAR-20.jpg 900w, https:\/\/portosma.com.br\/wp-content\/uploads\/2023\/12\/MAR-20-300x169.jpg 300w, https:\/\/portosma.com.br\/wp-content\/uploads\/2023\/12\/MAR-20-768x432.jpg 768w\" sizes=\"(max-width: 900px) 100vw, 900px\" \/><\/p>\n<p><img loading=\"lazy\" decoding=\"async\" class=\"alignnone wp-image-11417 size-full\" src=\"https:\/\/portosma.com.br\/wp-content\/uploads\/2023\/12\/MAR-21.jpg\" alt=\"\" width=\"900\" height=\"506\" srcset=\"https:\/\/portosma.com.br\/wp-content\/uploads\/2023\/12\/MAR-21.jpg 900w, https:\/\/portosma.com.br\/wp-content\/uploads\/2023\/12\/MAR-21-300x169.jpg 300w, https:\/\/portosma.com.br\/wp-content\/uploads\/2023\/12\/MAR-21-768x432.jpg 768w\" sizes=\"(max-width: 900px) 100vw, 900px\" \/><\/p>\n<p><img loading=\"lazy\" decoding=\"async\" class=\"alignnone wp-image-11418 size-full\" src=\"https:\/\/portosma.com.br\/wp-content\/uploads\/2023\/12\/MAR-23.jpg\" alt=\"\" width=\"900\" height=\"506\" srcset=\"https:\/\/portosma.com.br\/wp-content\/uploads\/2023\/12\/MAR-23.jpg 900w, https:\/\/portosma.com.br\/wp-content\/uploads\/2023\/12\/MAR-23-300x169.jpg 300w, https:\/\/portosma.com.br\/wp-content\/uploads\/2023\/12\/MAR-23-768x432.jpg 768w\" sizes=\"(max-width: 900px) 100vw, 900px\" \/><\/p>\n<p><img loading=\"lazy\" decoding=\"async\" class=\"alignnone wp-image-11419 size-full\" src=\"https:\/\/portosma.com.br\/wp-content\/uploads\/2023\/12\/MAR-24.jpg\" alt=\"\" width=\"900\" height=\"506\" srcset=\"https:\/\/portosma.com.br\/wp-content\/uploads\/2023\/12\/MAR-24.jpg 900w, https:\/\/portosma.com.br\/wp-content\/uploads\/2023\/12\/MAR-24-300x169.jpg 300w, https:\/\/portosma.com.br\/wp-content\/uploads\/2023\/12\/MAR-24-768x432.jpg 768w\" sizes=\"(max-width: 900px) 100vw, 900px\" \/><\/p>\n<p><img loading=\"lazy\" decoding=\"async\" class=\"alignnone wp-image-11421 size-full\" src=\"https:\/\/portosma.com.br\/wp-content\/uploads\/2023\/12\/MAR-26.jpg\" alt=\"\" width=\"900\" height=\"506\" srcset=\"https:\/\/portosma.com.br\/wp-content\/uploads\/2023\/12\/MAR-26.jpg 900w, https:\/\/portosma.com.br\/wp-content\/uploads\/2023\/12\/MAR-26-300x169.jpg 300w, https:\/\/portosma.com.br\/wp-content\/uploads\/2023\/12\/MAR-26-768x432.jpg 768w\" sizes=\"(max-width: 900px) 100vw, 900px\" \/><\/p>\n<p><img loading=\"lazy\" decoding=\"async\" class=\"alignnone wp-image-11422 size-full\" src=\"https:\/\/portosma.com.br\/wp-content\/uploads\/2023\/12\/MAR-27.jpg\" alt=\"\" width=\"900\" height=\"394\" srcset=\"https:\/\/portosma.com.br\/wp-content\/uploads\/2023\/12\/MAR-27.jpg 900w, https:\/\/portosma.com.br\/wp-content\/uploads\/2023\/12\/MAR-27-300x131.jpg 300w, https:\/\/portosma.com.br\/wp-content\/uploads\/2023\/12\/MAR-27-768x336.jpg 768w\" sizes=\"(max-width: 900px) 100vw, 900px\" \/><\/p>\n<p><img loading=\"lazy\" decoding=\"async\" class=\"alignnone wp-image-11423 size-full\" src=\"https:\/\/portosma.com.br\/wp-content\/uploads\/2023\/12\/MAR-28.jpg\" alt=\"\" width=\"900\" height=\"523\" srcset=\"https:\/\/portosma.com.br\/wp-content\/uploads\/2023\/12\/MAR-28.jpg 900w, https:\/\/portosma.com.br\/wp-content\/uploads\/2023\/12\/MAR-28-300x174.jpg 300w, https:\/\/portosma.com.br\/wp-content\/uploads\/2023\/12\/MAR-28-768x446.jpg 768w\" sizes=\"(max-width: 900px) 100vw, 900px\" \/><\/p>\n<p><img loading=\"lazy\" decoding=\"async\" class=\"alignnone wp-image-11424 size-full\" src=\"https:\/\/portosma.com.br\/wp-content\/uploads\/2023\/12\/MAR-31.jpg\" alt=\"\" width=\"900\" height=\"527\" srcset=\"https:\/\/portosma.com.br\/wp-content\/uploads\/2023\/12\/MAR-31.jpg 900w, https:\/\/portosma.com.br\/wp-content\/uploads\/2023\/12\/MAR-31-300x176.jpg 300w, https:\/\/portosma.com.br\/wp-content\/uploads\/2023\/12\/MAR-31-768x450.jpg 768w\" sizes=\"(max-width: 900px) 100vw, 900px\" \/><\/p>\n<p><img loading=\"lazy\" decoding=\"async\" class=\"alignnone wp-image-11425 size-full\" src=\"https:\/\/portosma.com.br\/wp-content\/uploads\/2023\/12\/MAR-32.jpg\" alt=\"\" width=\"900\" height=\"431\" srcset=\"https:\/\/portosma.com.br\/wp-content\/uploads\/2023\/12\/MAR-32.jpg 900w, https:\/\/portosma.com.br\/wp-content\/uploads\/2023\/12\/MAR-32-300x144.jpg 300w, https:\/\/portosma.com.br\/wp-content\/uploads\/2023\/12\/MAR-32-768x368.jpg 768w\" sizes=\"(max-width: 900px) 100vw, 900px\" \/><\/p>\n<p><img loading=\"lazy\" decoding=\"async\" class=\"alignnone wp-image-11426 size-full\" src=\"https:\/\/portosma.com.br\/wp-content\/uploads\/2023\/12\/MAR-33.jpg\" alt=\"\" width=\"900\" height=\"471\" srcset=\"https:\/\/portosma.com.br\/wp-content\/uploads\/2023\/12\/MAR-33.jpg 900w, https:\/\/portosma.com.br\/wp-content\/uploads\/2023\/12\/MAR-33-300x157.jpg 300w, https:\/\/portosma.com.br\/wp-content\/uploads\/2023\/12\/MAR-33-768x402.jpg 768w\" sizes=\"(max-width: 900px) 100vw, 900px\" \/><\/p>\n<p><img loading=\"lazy\" decoding=\"async\" class=\"alignnone wp-image-11427 size-full\" src=\"https:\/\/portosma.com.br\/wp-content\/uploads\/2023\/12\/MAR-34.jpg\" alt=\"\" width=\"900\" height=\"506\" srcset=\"https:\/\/portosma.com.br\/wp-content\/uploads\/2023\/12\/MAR-34.jpg 900w, https:\/\/portosma.com.br\/wp-content\/uploads\/2023\/12\/MAR-34-300x169.jpg 300w, https:\/\/portosma.com.br\/wp-content\/uploads\/2023\/12\/MAR-34-768x432.jpg 768w\" sizes=\"(max-width: 900px) 100vw, 900px\" \/><\/p>\n<p><img loading=\"lazy\" decoding=\"async\" class=\"alignnone wp-image-11429 size-full\" src=\"https:\/\/portosma.com.br\/wp-content\/uploads\/2023\/12\/MAR-37.jpg\" alt=\"\" width=\"900\" height=\"461\" srcset=\"https:\/\/portosma.com.br\/wp-content\/uploads\/2023\/12\/MAR-37.jpg 900w, https:\/\/portosma.com.br\/wp-content\/uploads\/2023\/12\/MAR-37-300x154.jpg 300w, https:\/\/portosma.com.br\/wp-content\/uploads\/2023\/12\/MAR-37-768x393.jpg 768w\" sizes=\"(max-width: 900px) 100vw, 900px\" \/><\/p>\n<p><img loading=\"lazy\" decoding=\"async\" class=\"alignnone wp-image-11430 size-full\" src=\"https:\/\/portosma.com.br\/wp-content\/uploads\/2023\/12\/MAR-38.jpg\" alt=\"\" width=\"900\" height=\"438\" srcset=\"https:\/\/portosma.com.br\/wp-content\/uploads\/2023\/12\/MAR-38.jpg 900w, https:\/\/portosma.com.br\/wp-content\/uploads\/2023\/12\/MAR-38-300x146.jpg 300w, https:\/\/portosma.com.br\/wp-content\/uploads\/2023\/12\/MAR-38-768x374.jpg 768w\" sizes=\"(max-width: 900px) 100vw, 900px\" \/> &nbsp;<img loading=\"lazy\" decoding=\"async\" class=\"alignnone wp-image-11432 size-full\" src=\"https:\/\/portosma.com.br\/wp-content\/uploads\/2023\/12\/MAR-40.jpg\" alt=\"\" width=\"900\" height=\"443\" srcset=\"https:\/\/portosma.com.br\/wp-content\/uploads\/2023\/12\/MAR-40.jpg 900w, https:\/\/portosma.com.br\/wp-content\/uploads\/2023\/12\/MAR-40-300x148.jpg 300w, https:\/\/portosma.com.br\/wp-content\/uploads\/2023\/12\/MAR-40-768x378.jpg 768w\" sizes=\"(max-width: 900px) 100vw, 900px\" \/><\/p>\n<h4><span style=\"color: #333399;\"><strong><img loading=\"lazy\" decoding=\"async\" class=\"alignnone wp-image-11428 size-full\" src=\"https:\/\/portosma.com.br\/wp-content\/uploads\/2023\/12\/MAR-35.jpg\" alt=\"\" width=\"900\" height=\"378\" srcset=\"https:\/\/portosma.com.br\/wp-content\/uploads\/2023\/12\/MAR-35.jpg 900w, https:\/\/portosma.com.br\/wp-content\/uploads\/2023\/12\/MAR-35-300x126.jpg 300w, https:\/\/portosma.com.br\/wp-content\/uploads\/2023\/12\/MAR-35-768x323.jpg 768w\" sizes=\"(max-width: 900px) 100vw, 900px\" \/><br \/>\n<\/strong><\/span><\/h4>\n<h4><span style=\"color: #333399;\"><strong>Discurso do Comandante da Marinha pelo Dia do Marinheiro<br \/>\n<\/strong><\/span><\/h4>\n<p>COMANDANTE DA MARINHA<br \/>\nBras\u00edlia, DF, 13 de dezembro de 2023. ORDEM DO DIA N\u00ba 7\/2023<\/p>\n<p><strong>Assunto: Dia do Marinheiro<\/strong><\/p>\n<p style=\"text-align: right;\"><em><strong>\u201cAdeus, meus filhos;<\/strong><\/em><br \/>\n<em><strong>lembrem-se que se preparam para servir e honrar a nossa P\u00e1tria; <\/strong><\/em><br \/>\n<em><strong>e sempre diante dos olhos a tenhais\u201d<\/strong><\/em><\/p>\n<p>&nbsp;Aproados \u00e0 imensid\u00e3o azul, desafios se entrela\u00e7am ante a resili\u00eancia de intr\u00e9pidos Marinheiros, imbu\u00eddos, sob inato destemor, do compromisso de bem servir e cren\u00e7a em uma Na\u00e7\u00e3o vocacionada \u00e0s \u201cCoisas do Mar\u201d. Reverenciar, no \u201cDia do Marinheiro\u201d, mem\u00f3ria de Joaquim Marques de Lisboa, Almirante Tamandar\u00e9, transcende mera tradi\u00e7\u00e3o naval. \u00c9 prestar justa homenagem a experimentado Chefe Naval, cujo colosso de aud\u00e1cia e lideran\u00e7a militar internaliza o senso do dever. Orto de 13 de dezembro de 1807, esse insigne brasileiro teve o \u201cMar\u201d como preceptor absoluto. Long\u00ednquo ao alento da terra firme, a \u201cVida de Bordo\u201d o instruiu a perseverar. Tornou-se ex\u00edmio \u201cMarinheiro\u201d, predisposto a enfrentar aguilhoadas pela causa nobre: a Defesa da P\u00e1tria.<\/p>\n<p>&nbsp;Patrono da For\u00e7a Naval, imortalizou-se pela not\u00e1vel trajet\u00f3ria. Forjado pela atua\u00e7\u00e3o heroica em batalhas decisivas, os 66 anos de incondicional comprometimento com a P\u00e1tria e a Marinha personificam, de modo perempt\u00f3rio, qualidades de homem simples e justo; que, finda a navega\u00e7\u00e3o, ao escrevinhar sua Carta Testamento, se tinha, humildemente, como um \u201cVelho Marinheiro\u201d. O Brasil que testemunhara o pref\u00e1cio de longeva carreira naval era dispare daquele que chorou a morte do Almirante Tamandar\u00e9, em 20 de mar\u00e7o de 1897. No transcurso, tornara-se livre e soberano; suplantara conflitos internos e externos nos quais esteve implicado; vivenciara o apogeu do Segundo Reinado e o advento da Rep\u00fablica. A participa\u00e7\u00e3o de Tamandar\u00e9 em basto momento da hist\u00f3ria encerra influ\u00eancia direta no curso do Pa\u00eds.<\/p>\n<p>Ao ingressar, como Volunt\u00e1rio da Armada, tomou parte nas lutas pela Independ\u00eancia; na Guerra da Cisplatina, ao assumir o comando de um navio aos 18 anos, arriscou a pr\u00f3pria vida para salvar prisioneiros brasileiros em perigo no mar; ademais, Tamandar\u00e9 comandou a For\u00e7a Naval Brasileira em Opera\u00e7\u00f5es de Guerra na Campanha Oriental e na Guerra da Tr\u00edplice Alian\u00e7a. Conquistada a vit\u00f3ria, o tratamento digno dado ao inimigo atesta nobreza de atitude. \u00c9, pois, clara demonstra\u00e7\u00e3o do car\u00e1ter e dos princ\u00edpios que pautaram a sua vida na Marinha.<\/p>\n<p>Lan\u00e7ar vis\u00e3o sobre o emprego da Marinha em outrora, agu\u00e7a o imperativo de o Estado dispor, a qualquer tempo, de uma For\u00e7a Naval moderna, aprestada e motivada; compat\u00edvel e estruturada sob condi\u00e7\u00f5es de efici\u00eancia que permitam o pronto emprego para a Defesa da P\u00e1tria e salvaguarda dos interesses nacionais nos mares e hidrovias interiores. Exaltar Rui Barbosa \u201cEsquadras n\u00e3o se improvisam. (&#8230;)\u201d provoca reflex\u00e3o. A concep\u00e7\u00e3o de um Poder Naval cr\u00edvel n\u00e3o pode ser posta ao ef\u00eamero e inesperado. A Marinha resiste \u00e0 marcha da obsolesc\u00eancia dos meios navais; insta, no decurso, por reaparelhamento para o eficaz cumprimento da destina\u00e7\u00e3o constitucional; e das atribui\u00e7\u00f5es subsidi\u00e1rias adjudicadas \u00e0 Autoridade Mar\u00edtima Brasileira.<\/p>\n<p>Se o passado emana rasgo inspirat\u00f3rio dos atos do Almirante Tamandar\u00e9, o presente desponta realidade igualmente desafiadora. Em ambiente operacional amplo, complexo e inst\u00e1vel, crucial o \u201cMarinheiro\u201d estar apto a antever e contrapor-se a m\u00faltiplas amea\u00e7as. No cumprimento da sua miss\u00e3o, a For\u00e7a Naval empenha esfor\u00e7os para se manter pronta e atenta \u00e0s altera\u00e7\u00f5es da conjuntura. Ao validar vis\u00e3o otimista para o futuro da Marinha, faz-se por reto enaltecer o trabalho de \u201cMarinheiros\u201d que, h\u00e1 muito, laboram por moderniza\u00e7\u00e3o, desenvolvimento tecnol\u00f3gico e amplia\u00e7\u00e3o das capacidades operacionais.<\/p>\n<p>Em 2023, em coordena\u00e7\u00e3o com \u00d3rg\u00e3os e Institui\u00e7\u00f5es da Administra\u00e7\u00e3o P\u00fablica Federal, a Marinha buscou iniciativas que visam programa\u00e7\u00e3o or\u00e7ament\u00e1ria com valor m\u00ednimo que assegure, no curto e m\u00e9dio prazo, previsibilidade de investimentos para perene e prof\u00edcua consecu\u00e7\u00e3o dos Programas Estrat\u00e9gicos. Sob esse prisma, o corte da primeira chapa da Se\u00e7\u00e3o de Qualifica\u00e7\u00e3o do Submarino com Propuls\u00e3o Nuclear (SCPN) foi importante marco no processo de constru\u00e7\u00e3o do meio que proporcionar\u00e1 interlocu\u00e7\u00e3o pol\u00edtico-estrat\u00e9gica diferenciada ao Brasil. No bojo do Programa de Desenvolvimento de Submarinos (PROSUB), a incorpora\u00e7\u00e3o do Submarino Humait\u00e1 ao Setor Operativo, a ocorrer em janeiro de 2024, id ratifica o \u00eaxito continuado de Programa priorit\u00e1rio \u00e0 For\u00e7a Naval.<\/p>\n<p>O batimento de quilha da Fragata \u201cTamandar\u00e9\u201d reafirma os des\u00edgnios de, at\u00e9 2029, incrementar a capacidade operacional da Esquadra. Primeiro de quatro navios previstos no Programa Fragatas Classe Tamandar\u00e9 (PFCT), quando prontos, concretizar\u00e3o o protagonismo do Estado ao conduzir, por interm\u00e9dio do Minist\u00e9rio da Defesa e da Marinha, intera\u00e7\u00e3o vindoura entre diferentes express\u00f5es do Poder Nacional. Ausp\u00edcios de progresso no continente austral requerem meios que, efetivamente, viabilizem a presen\u00e7a do Estado e desenvolvimento de Pesquisa. O Programa de Obten\u00e7\u00e3o de Meios Hidrogr\u00e1ficos (PROHIDRO), como enseja o recente batimento de quilha do Navio Polar \u201cAlmirante Saldanha\u201d, manter\u00e1, em ritmo adequado, o apoio log\u00edstico \u00e0 Esta\u00e7\u00e3o Ant\u00e1rtica Comandante Ferraz (EACF); e incrementar\u00e1, sobremodo, os estudos cient\u00edficos no \u00e2mbito do estrat\u00e9gico Programa Ant\u00e1rtico Brasileiro (PROANTAR).<\/p>\n<p>No 13 de dezembro, rememorar predicados de Tamandar\u00e9, Her\u00f3i da P\u00e1tria e Patrono da Marinha do Brasil, ilumina o entendimento dos reptos suplantados e conquistas alcan\u00e7adas pela Marinha at\u00e9 aqui. A corre\u00e7\u00e3o dos atos do Marqu\u00eas de Tamandar\u00e9, ao servir e honrar \u00e0 sua P\u00e1tria, ajusta exemplo n\u00e3o s\u00f3 para legat\u00e1rios \u201cMarinheiros\u201d, mas para os que nutrem admira\u00e7\u00e3o e respeito pelo trabalho da For\u00e7a Naval. Perpetuar seu legado \u00e9 forma rara de registrar preito de gratid\u00e3o ao Patrono de uma Invicta Marinha. Muito al\u00e9m, \u00e9 fonte arrebatadora a seguir, a despeito dos mares que vierem, em navega\u00e7\u00e3o alvissareira rumo \u00e0 constru\u00e7\u00e3o de uma Marinha compat\u00edvel com a estatura politico-estrat\u00e9gica do Pa\u00eds.<\/p>\n<p>Marinheiros, Fuzileiros Navais e Servidores Civis que desbravam com emin\u00eancia por \u201cmar, terra e ar\u201d, manifesto cumprimentos pelo dever cumprido. Com f\u00e9 alteada e cren\u00e7a na Institui\u00e7\u00e3o, instigo manterem acesa a chama do Fogo Sagrado na derrota a percorrer. Aos agraciados com a Medalha M\u00e9rito Tamandar\u00e9, reitero agradecimento pelo relevante servi\u00e7o. Convicto do esfor\u00e7o empreendido por \u201cMarinheiros\u201d, de of\u00edcio e afei\u00e7\u00e3o, na conscientiza\u00e7\u00e3o da sociedade pela import\u00e2ncia do uso sustent\u00e1vel do \u201cMar\u201d e emprego da For\u00e7a Naval como indutores de desenvolvimento e prosperidade para o Estado brasileiro.<\/p>\n<p>Por derradeiro, assevero que sopesar o futuro pela \u00f3tica do Almirante Tamandar\u00e9 am\u00e1lgama, no \u00edntimo do \u201cMarinheiro\u201d, o \u00edmpeto pela supera\u00e7\u00e3o. Cultiva a moral; e evidencia o que h\u00e1 de melhor na Marinha do Brasil: a alma e o entusiasmo do \u201cHomem do Mar\u201d. Ser de luz; que em mar grosso, segue firme e fiel, como \u201cSentinela dos Mares\u201d.<\/p>\n<p><strong>Tudo pela P\u00e1tria e pela Marinha!<br \/>\n<em>Marinheiros! Avante! Marinheiros! \u201cRumo ao Mar\u201d! \u201cTudo pela P\u00e1tria\u201d! Avante a navegar!<\/em><\/strong><\/p>\n<p><span style=\"color: #800000;\"><strong>MARCOS SAMPAIO OLSEN<\/strong><\/span><br \/>\n<span style=\"color: #800000;\"><strong>Almirante de Esquadra, Comandante da Marinha<\/strong><\/span><\/p>\n<h4><strong><span style=\"color: #333399;\">Discurso do Ministro da Defesa pelo Dia do Marinheiro<\/span><\/strong><\/h4>\n<p><em><strong>Bras\u00edlia, DF, 13 de dezembro de 2023.<\/strong><\/em><br \/>\n<em><strong>Assunto: Mensagem do Senhor Ministro de Estado da Defesa por ocasi\u00e3o do Dia do Marinheiro<\/strong><\/em><\/p>\n<p>A celebra\u00e7\u00e3o do \u201cDia do Marinheiro\u201d em \u201c13 de dezembro\u201d corresponde a uma justa homenagem ao Patrono da Marinha, Almirante Joaquim Marques Lisboa, o Marqu\u00eas de Tamandar\u00e9. A admir\u00e1vel carreira do Almirante Tamandar\u00e9, em um per\u00edodo t\u00e3o determinante para a conforma\u00e7\u00e3o do grande pa\u00eds que \u00e9 hoje o Brasil, com suas riquezas, unidade de idioma e extenso litoral, deixa um rico legado com exemplos de bravura, irrestrita dedica\u00e7\u00e3o e patriotismo.<\/p>\n<p>No dia de hoje, a bordo do Capit\u00e2nia da Esquadra, tenho o orgulho e a satisfa\u00e7\u00e3o de saudar homens e mulheres, que ao integrar a Marinha do Brasil, com seus trabalhos, se empenham para construir uma For\u00e7a Naval cada vez mais forte, sempre solid\u00e1ria \u00e0s demandas do nosso povo e comprometida com a soberania de nossa Na\u00e7\u00e3o. A profiss\u00e3o militar tem suas peculiaridades e, pelo que percebo, nela \u00e9 muito presente o trabalho silencioso e muitas vezes an\u00f4nimo. No caso da Marinha vejo uma particularidade ainda mais adversa, na medida em que, para cumprir suas principais tarefas, seu pessoal e seus navios s\u00e3o obrigados a \u201cfazerem-se ao mar\u201d, permanecendo distantes dos \u201colhos\u201d da sociedade.<\/p>\n<p>S\u00e3o marinheiros \u201cde corpo\u201d e \u201cde alma\u201d que se submetem aos rigores do mar, ao afastamento familiar e aos regimes diuturnos de servi\u00e7o, defendendo os interesses do Pa\u00eds e honrando compromissos internacionais. S\u00e3o atividades de um espectro t\u00e3o amplo que \u00e9 at\u00e9 dif\u00edcil de se listar, mas que ousarei citar, recorrendo ao que observamos em 2023. Naturalmente, as a\u00e7\u00f5es do Governo t\u00eam foco nas \u201cpol\u00edticas p\u00fablicas\u201d e nas \u201centregas\u201d para a sociedade. E \u00e9 justamente recorrendo ao termo \u201centrega\u201d que, no dia de hoje, enaltecendo o valoroso trabalho de Marinheiros, Fuzileiros Navais e Servidores Civis, buscamos mostrar as mais diferentes \u201centregas\u201d da Marinha para o povo brasileiro.<\/p>\n<p>No tocante ao meio ambiente, temos a Marinha atuando na preven\u00e7\u00e3o da polui\u00e7\u00e3o h\u00eddrica, combatendo inc\u00eandios no Pantanal, no Amazonas e no Amap\u00e1, coibindo a pesca irregular, apreendendo volumosas quantidades de madeira extra\u00edda ilegalmente e combatendo o garimpo ilegal, conforme visto nas Terras Ind\u00edgenas Yanomami. Todo esse esfor\u00e7o \u00e9 coerente com o que o Brasil defende em f\u00f3runs internacionais e particularmente oportuno para o Pa\u00eds anfitri\u00e3o da COP-30 (Confer\u00eancia da Organiza\u00e7\u00e3o das Na\u00e7\u00f5es Unidas (ONU) sobre as Mudan\u00e7as Clim\u00e1ticas), em 2025.<\/p>\n<p>Observando as a\u00e7\u00f5es de car\u00e1ter humanit\u00e1rio, vimos logo no in\u00edcio do ano, ap\u00f3s as fortes chuvas que atingiram a regi\u00e3o de S\u00e3o Sebasti\u00e3o no litoral paulista, a ajuda do Governo chegando por meio do Navio-Aer\u00f3dromo Multiprop\u00f3sito ATL\u00c2NTICO, com emprego de tropas da Marinha e de um Hospital de Campanha. Al\u00e9m disso, com o mesmo esp\u00edrito solid\u00e1rio, temos as j\u00e1 tradicionais miss\u00f5es dos Navios da Esperan\u00e7a, que levam apoio de sa\u00fade \u00e0s popula\u00e7\u00f5es ribeirinhas da Amaz\u00f4nia e do Pantanal. A prop\u00f3sito, vejo com o mesmo vi\u00e9s humanit\u00e1rio as pr\u00f3prias miss\u00f5es de Busca e Salvamento ou de evacua\u00e7\u00e3o de tripulantes em casos de urg\u00eancia m\u00e9dica, nos navios que transitam pelo Atl\u00e2ntico Sul.<\/p>\n<p>Tamb\u00e9m nas a\u00e7\u00f5es de apoio ao Estado, temos visto a Marinha muito atuante, combatendo os crimes transnacionais, com expressivas apreens\u00f5es de drogas, tanto em embarca\u00e7\u00f5es que navegavam com destino \u00e0 \u00c1frica e \u00e0 Europa, quanto tentando ingressar por nossos rios, no territ\u00f3rio nacional. Deixando evidente seu estado de prontid\u00e3o, navios e efetivos da Marinha rapidamente se desdobraram e v\u00eam sendo empregados na Opera\u00e7\u00e3o de Garantia da Lei e da Ordem, nos Portos do Rio de Janeiro, de Itagua\u00ed e de Santos. N\u00e3o podem ser omitidas ainda as contribui\u00e7\u00f5es no campo cient\u00edfico e tecnol\u00f3gico, onde destaco o Programa Ant\u00e1rtico brasileiro, que dentre outras pesquisas, faz tamb\u00e9m o monitoramento dos fen\u00f4menos meteorol\u00f3gicos no continente gelado, que t\u00eam reflexos no Brasil, como os eventos clim\u00e1ticos extremos que temos testemunhado. De maneira an\u00e1loga, o Programa Nuclear da Marinha segue avan\u00e7ando e trar\u00e1 variados benef\u00edcios ao Pa\u00eds.<\/p>\n<p>Se verificarmos as iniciativas para moderniza\u00e7\u00e3o de nossa Esquadra, teremos a grata constata\u00e7\u00e3o de observar o movimento da constru\u00e7\u00e3o naval privilegiando a execu\u00e7\u00e3o de projetos em nosso territ\u00f3rio, em locais como Itaja\u00ed (SC), Itagua\u00ed (RJ) e Aracruz (ES), gerando empregos, melhorando renda, incorporando novas tecnologias e ampliando arrecada\u00e7\u00e3o. Al\u00e9m disso, em conson\u00e2ncia com nossa Pol\u00edtica Externa e interesses geopol\u00edticos, nossa \u201cdiplomacia naval\u201d tem a singular capacidade de materializar a presen\u00e7a do Estado brasileiro no Atl\u00e2ntico Sul, ao contribuir com a seguran\u00e7a mar\u00edtima e ao cooperar com o fortalecimento das Marinhas Amigas em nosso entorno estrat\u00e9gico.<\/p>\n<p>Por fim, me atenho \u00e0quela tarefa que \u00e9 intransfer\u00edvel: aquela que garante a Defesa da P\u00e1tria e, eventualmente, necessita recorrer ao emprego da For\u00e7a. As hostilidades e agress\u00f5es vistas no Leste Europeu, no Oriente M\u00e9dio e, infelizmente, tamb\u00e9m as tens\u00f5es presentes na Am\u00e9rica do Sul reavivam em nossas mentes a exig\u00eancia de termos For\u00e7as Armadas modernas e bem dimensionadas. Entretanto, a import\u00e2ncia e os benef\u00edcios de se dispor de uma Marinha forte n\u00e3o se limitam ao mar nem tampouco se restringem aos momentos de crise. Uma Marinha forte desestimula ousadias aventureiras contra nosso Pa\u00eds, protege nossa gente e, o que tamb\u00e9m n\u00e3o pode ser esquecido, \u00e9 essencial para o funcionamento de nossa economia, j\u00e1 em tempo de paz.<\/p>\n<p>Basta ver o funcionamento de nosso tr\u00e1fego mar\u00edtimo que garante o escoamento com seguran\u00e7a de 95% de nossas exporta\u00e7\u00f5es ou, em um outro exemplo, a contribui\u00e7\u00e3o do Navio de Pesquisa Hidroceanogr\u00e1fico VITAL DE OLIVEIRA, que participou dos levantamentos da \u201cMargem Equatorial\u201d, j\u00e1 chamada de \u201cNovo Pr\u00e9-Sal\u201d, devido ao seu promissor potencial de \u00f3leo e g\u00e1s. Assim, agrade\u00e7o ao Presidente Lula, pelo prest\u00edgio que confere \u00e0s For\u00e7as Armadas e o irrestrito apoio tantas vezes demonstrado em quest\u00f5es que s\u00e3o t\u00e3o caras ao Minist\u00e9rio da Defesa. Expresso igualmente o testemunho de sua preocupa\u00e7\u00e3o com o prosseguimento dos Projetos Estrat\u00e9gicos, para que nossas For\u00e7as Armadas tenham porte correspondente \u00e0 estatura geopol\u00edtica do Brasil.<\/p>\n<p>Aproveito a oportunidade para cumprimentar a todos aqueles que foram agraciados com a Medalha M\u00e9rito Tamandar\u00e9, pela distin\u00e7\u00e3o do reconhecimento. Por tudo que aqui expus, cumprimento o Comandante da Marinha por sua lideran\u00e7a, firme condu\u00e7\u00e3o e capacidade de gest\u00e3o de t\u00e3o variado rol de temas, que permite ao Brasil contar com uma For\u00e7a pronta a servir e que sempre demonstra elevada efetividade. Desta forma, ratifico minhas congratula\u00e7\u00f5es aos Marinheiros, Fuzileiros Navais e Servidores Civis pela passagem do \u201cDia do Marinheiro\u201d, conclamando-os a \u201cmanterem o rumo\u201d em suas belas carreiras, explorando o pleno potencial de suas voca\u00e7\u00f5es e desempenhando com o m\u00e1ximo de profissionalismo suas fun\u00e7\u00f5es como \u201chomens do mar\u201d.<\/p>\n<p><span style=\"color: #000000;\"><strong>VIVA A MARINHA!<\/strong><\/span><\/p>\n<p><span style=\"color: #800000;\"><strong>JOS\u00c9 MUCIO MONTEIRO FILHO, &nbsp;Ministro de Estado da Defesa<\/strong><\/span><\/p>\n","protected":false},"excerpt":{"rendered":"<p>Na cerim\u00f4nia foram premiadas as reda\u00e7\u00f5es do Projeto Cirne Branco, condecora\u00e7\u00f5es a soldados, suboficiais e a tr\u00eas novos Amigos da Marinha.<\/p>\n","protected":false},"author":1,"featured_media":11400,"comment_status":"closed","ping_status":"open","sticky":false,"template":"","format":"standard","meta":{"_editorskit_title_hidden":false,"_editorskit_reading_time":0,"_editorskit_is_block_options_detached":false,"_editorskit_block_options_position":"{}","ngg_post_thumbnail":0,"footnotes":""},"categories":[1],"tags":[],"class_list":["post-11399","post","type-post","status-publish","format-standard","has-post-thumbnail","hentry","category-noticias"],"yoast_head":"<!-- This site is optimized with the Yoast SEO plugin v22.5 - https:\/\/yoast.com\/wordpress\/plugins\/seo\/ -->\n<title>Capitania dos Portos do Maranh\u00e3o comemora o Dia do Marinheiro - Portosma<\/title>\n<meta name=\"robots\" content=\"index, follow, max-snippet:-1, max-image-preview:large, max-video-preview:-1\" \/>\n<link rel=\"canonical\" href=\"https:\/\/portosma.com.br\/index.php\/2023\/12\/13\/capitania-dos-portos-do-ma-celebra-o-dia-do-marinheiro\/\" \/>\n<meta property=\"og:locale\" content=\"pt_BR\" \/>\n<meta property=\"og:type\" content=\"article\" \/>\n<meta property=\"og:title\" content=\"Capitania dos Portos do Maranh\u00e3o comemora o Dia do Marinheiro - Portosma\" \/>\n<meta property=\"og:description\" content=\"Na cerim\u00f4nia foram premiadas as reda\u00e7\u00f5es do Projeto Cirne Branco, condecora\u00e7\u00f5es a soldados, suboficiais e a tr\u00eas novos Amigos da Marinha.\" \/>\n<meta property=\"og:url\" content=\"https:\/\/portosma.com.br\/index.php\/2023\/12\/13\/capitania-dos-portos-do-ma-celebra-o-dia-do-marinheiro\/\" \/>\n<meta property=\"og:site_name\" content=\"Portosma\" \/>\n<meta property=\"article:published_time\" content=\"2023-12-13T12:35:28+00:00\" \/>\n<meta property=\"article:modified_time\" content=\"2023-12-13T12:49:38+00:00\" \/>\n<meta property=\"og:image\" content=\"https:\/\/portosma.com.br\/wp-content\/uploads\/2023\/12\/MAR-CAPA.jpg\" \/>\n\t<meta property=\"og:image:width\" content=\"1200\" \/>\n\t<meta property=\"og:image:height\" content=\"503\" \/>\n\t<meta property=\"og:image:type\" content=\"image\/jpeg\" \/>\n<meta name=\"author\" content=\"admin\" \/>\n<meta name=\"twitter:card\" content=\"summary_large_image\" \/>\n<meta name=\"twitter:label1\" content=\"Escrito por\" \/>\n\t<meta name=\"twitter:data1\" content=\"admin\" \/>\n\t<meta name=\"twitter:label2\" content=\"Est. tempo de leitura\" \/>\n\t<meta name=\"twitter:data2\" content=\"22 minutos\" \/>\n<script type=\"application\/ld+json\" class=\"yoast-schema-graph\">{\"@context\":\"https:\/\/schema.org\",\"@graph\":[{\"@type\":\"Article\",\"@id\":\"https:\/\/portosma.com.br\/index.php\/2023\/12\/13\/capitania-dos-portos-do-ma-celebra-o-dia-do-marinheiro\/#article\",\"isPartOf\":{\"@id\":\"https:\/\/portosma.com.br\/index.php\/2023\/12\/13\/capitania-dos-portos-do-ma-celebra-o-dia-do-marinheiro\/\"},\"author\":{\"name\":\"admin\",\"@id\":\"https:\/\/portosma.com.br\/#\/schema\/person\/fb92dfe283ab47293259c87c813d8623\"},\"headline\":\"Capitania dos Portos do Maranh\u00e3o comemora o Dia do Marinheiro\",\"datePublished\":\"2023-12-13T12:35:28+00:00\",\"dateModified\":\"2023-12-13T12:49:38+00:00\",\"mainEntityOfPage\":{\"@id\":\"https:\/\/portosma.com.br\/index.php\/2023\/12\/13\/capitania-dos-portos-do-ma-celebra-o-dia-do-marinheiro\/\"},\"wordCount\":3231,\"publisher\":{\"@id\":\"https:\/\/portosma.com.br\/#organization\"},\"image\":{\"@id\":\"https:\/\/portosma.com.br\/index.php\/2023\/12\/13\/capitania-dos-portos-do-ma-celebra-o-dia-do-marinheiro\/#primaryimage\"},\"thumbnailUrl\":\"https:\/\/portosma.com.br\/wp-content\/uploads\/2023\/12\/MAR-CAPA.jpg\",\"articleSection\":[\"Not\u00edcias\"],\"inLanguage\":\"pt-BR\"},{\"@type\":\"WebPage\",\"@id\":\"https:\/\/portosma.com.br\/index.php\/2023\/12\/13\/capitania-dos-portos-do-ma-celebra-o-dia-do-marinheiro\/\",\"url\":\"https:\/\/portosma.com.br\/index.php\/2023\/12\/13\/capitania-dos-portos-do-ma-celebra-o-dia-do-marinheiro\/\",\"name\":\"Capitania dos Portos do Maranh\u00e3o comemora o Dia do Marinheiro - Portosma\",\"isPartOf\":{\"@id\":\"https:\/\/portosma.com.br\/#website\"},\"primaryImageOfPage\":{\"@id\":\"https:\/\/portosma.com.br\/index.php\/2023\/12\/13\/capitania-dos-portos-do-ma-celebra-o-dia-do-marinheiro\/#primaryimage\"},\"image\":{\"@id\":\"https:\/\/portosma.com.br\/index.php\/2023\/12\/13\/capitania-dos-portos-do-ma-celebra-o-dia-do-marinheiro\/#primaryimage\"},\"thumbnailUrl\":\"https:\/\/portosma.com.br\/wp-content\/uploads\/2023\/12\/MAR-CAPA.jpg\",\"datePublished\":\"2023-12-13T12:35:28+00:00\",\"dateModified\":\"2023-12-13T12:49:38+00:00\",\"breadcrumb\":{\"@id\":\"https:\/\/portosma.com.br\/index.php\/2023\/12\/13\/capitania-dos-portos-do-ma-celebra-o-dia-do-marinheiro\/#breadcrumb\"},\"inLanguage\":\"pt-BR\",\"potentialAction\":[{\"@type\":\"ReadAction\",\"target\":[\"https:\/\/portosma.com.br\/index.php\/2023\/12\/13\/capitania-dos-portos-do-ma-celebra-o-dia-do-marinheiro\/\"]}]},{\"@type\":\"ImageObject\",\"inLanguage\":\"pt-BR\",\"@id\":\"https:\/\/portosma.com.br\/index.php\/2023\/12\/13\/capitania-dos-portos-do-ma-celebra-o-dia-do-marinheiro\/#primaryimage\",\"url\":\"https:\/\/portosma.com.br\/wp-content\/uploads\/2023\/12\/MAR-CAPA.jpg\",\"contentUrl\":\"https:\/\/portosma.com.br\/wp-content\/uploads\/2023\/12\/MAR-CAPA.jpg\",\"width\":1200,\"height\":503},{\"@type\":\"BreadcrumbList\",\"@id\":\"https:\/\/portosma.com.br\/index.php\/2023\/12\/13\/capitania-dos-portos-do-ma-celebra-o-dia-do-marinheiro\/#breadcrumb\",\"itemListElement\":[{\"@type\":\"ListItem\",\"position\":1,\"name\":\"In\u00edcio\",\"item\":\"https:\/\/portosma.com.br\/\"},{\"@type\":\"ListItem\",\"position\":2,\"name\":\"Capitania dos Portos do Maranh\u00e3o comemora o Dia do Marinheiro\"}]},{\"@type\":\"WebSite\",\"@id\":\"https:\/\/portosma.com.br\/#website\",\"url\":\"https:\/\/portosma.com.br\/\",\"name\":\"Portosma\",\"description\":\"Um site de not\u00edcias\",\"publisher\":{\"@id\":\"https:\/\/portosma.com.br\/#organization\"},\"potentialAction\":[{\"@type\":\"SearchAction\",\"target\":{\"@type\":\"EntryPoint\",\"urlTemplate\":\"https:\/\/portosma.com.br\/?s={search_term_string}\"},\"query-input\":\"required name=search_term_string\"}],\"inLanguage\":\"pt-BR\"},{\"@type\":\"Organization\",\"@id\":\"https:\/\/portosma.com.br\/#organization\",\"name\":\"Portosma\",\"alternateName\":\"Portosma\",\"url\":\"https:\/\/portosma.com.br\/\",\"logo\":{\"@type\":\"ImageObject\",\"inLanguage\":\"pt-BR\",\"@id\":\"https:\/\/portosma.com.br\/#\/schema\/logo\/image\/\",\"url\":\"https:\/\/portosma.com.br\/wp-content\/uploads\/2026\/03\/cropped-AD-PORTOSMA.jpg\",\"contentUrl\":\"https:\/\/portosma.com.br\/wp-content\/uploads\/2026\/03\/cropped-AD-PORTOSMA.jpg\",\"width\":400,\"height\":115,\"caption\":\"Portosma\"},\"image\":{\"@id\":\"https:\/\/portosma.com.br\/#\/schema\/logo\/image\/\"}},{\"@type\":\"Person\",\"@id\":\"https:\/\/portosma.com.br\/#\/schema\/person\/fb92dfe283ab47293259c87c813d8623\",\"name\":\"admin\",\"sameAs\":[\"https:\/\/portosma.com.br\"],\"url\":\"https:\/\/portosma.com.br\/index.php\/author\/portosma\/\"}]}<\/script>\n<!-- \/ Yoast SEO plugin. -->","yoast_head_json":{"title":"Capitania dos Portos do Maranh\u00e3o comemora o Dia do Marinheiro - Portosma","robots":{"index":"index","follow":"follow","max-snippet":"max-snippet:-1","max-image-preview":"max-image-preview:large","max-video-preview":"max-video-preview:-1"},"canonical":"https:\/\/portosma.com.br\/index.php\/2023\/12\/13\/capitania-dos-portos-do-ma-celebra-o-dia-do-marinheiro\/","og_locale":"pt_BR","og_type":"article","og_title":"Capitania dos Portos do Maranh\u00e3o comemora o Dia do Marinheiro - Portosma","og_description":"Na cerim\u00f4nia foram premiadas as reda\u00e7\u00f5es do Projeto Cirne Branco, condecora\u00e7\u00f5es a soldados, suboficiais e a tr\u00eas novos Amigos da Marinha.","og_url":"https:\/\/portosma.com.br\/index.php\/2023\/12\/13\/capitania-dos-portos-do-ma-celebra-o-dia-do-marinheiro\/","og_site_name":"Portosma","article_published_time":"2023-12-13T12:35:28+00:00","article_modified_time":"2023-12-13T12:49:38+00:00","og_image":[{"width":1200,"height":503,"url":"https:\/\/portosma.com.br\/wp-content\/uploads\/2023\/12\/MAR-CAPA.jpg","type":"image\/jpeg"}],"author":"admin","twitter_card":"summary_large_image","twitter_misc":{"Escrito por":"admin","Est. tempo de leitura":"22 minutos"},"schema":{"@context":"https:\/\/schema.org","@graph":[{"@type":"Article","@id":"https:\/\/portosma.com.br\/index.php\/2023\/12\/13\/capitania-dos-portos-do-ma-celebra-o-dia-do-marinheiro\/#article","isPartOf":{"@id":"https:\/\/portosma.com.br\/index.php\/2023\/12\/13\/capitania-dos-portos-do-ma-celebra-o-dia-do-marinheiro\/"},"author":{"name":"admin","@id":"https:\/\/portosma.com.br\/#\/schema\/person\/fb92dfe283ab47293259c87c813d8623"},"headline":"Capitania dos Portos do Maranh\u00e3o comemora o Dia do Marinheiro","datePublished":"2023-12-13T12:35:28+00:00","dateModified":"2023-12-13T12:49:38+00:00","mainEntityOfPage":{"@id":"https:\/\/portosma.com.br\/index.php\/2023\/12\/13\/capitania-dos-portos-do-ma-celebra-o-dia-do-marinheiro\/"},"wordCount":3231,"publisher":{"@id":"https:\/\/portosma.com.br\/#organization"},"image":{"@id":"https:\/\/portosma.com.br\/index.php\/2023\/12\/13\/capitania-dos-portos-do-ma-celebra-o-dia-do-marinheiro\/#primaryimage"},"thumbnailUrl":"https:\/\/portosma.com.br\/wp-content\/uploads\/2023\/12\/MAR-CAPA.jpg","articleSection":["Not\u00edcias"],"inLanguage":"pt-BR"},{"@type":"WebPage","@id":"https:\/\/portosma.com.br\/index.php\/2023\/12\/13\/capitania-dos-portos-do-ma-celebra-o-dia-do-marinheiro\/","url":"https:\/\/portosma.com.br\/index.php\/2023\/12\/13\/capitania-dos-portos-do-ma-celebra-o-dia-do-marinheiro\/","name":"Capitania dos Portos do Maranh\u00e3o comemora o Dia do Marinheiro - Portosma","isPartOf":{"@id":"https:\/\/portosma.com.br\/#website"},"primaryImageOfPage":{"@id":"https:\/\/portosma.com.br\/index.php\/2023\/12\/13\/capitania-dos-portos-do-ma-celebra-o-dia-do-marinheiro\/#primaryimage"},"image":{"@id":"https:\/\/portosma.com.br\/index.php\/2023\/12\/13\/capitania-dos-portos-do-ma-celebra-o-dia-do-marinheiro\/#primaryimage"},"thumbnailUrl":"https:\/\/portosma.com.br\/wp-content\/uploads\/2023\/12\/MAR-CAPA.jpg","datePublished":"2023-12-13T12:35:28+00:00","dateModified":"2023-12-13T12:49:38+00:00","breadcrumb":{"@id":"https:\/\/portosma.com.br\/index.php\/2023\/12\/13\/capitania-dos-portos-do-ma-celebra-o-dia-do-marinheiro\/#breadcrumb"},"inLanguage":"pt-BR","potentialAction":[{"@type":"ReadAction","target":["https:\/\/portosma.com.br\/index.php\/2023\/12\/13\/capitania-dos-portos-do-ma-celebra-o-dia-do-marinheiro\/"]}]},{"@type":"ImageObject","inLanguage":"pt-BR","@id":"https:\/\/portosma.com.br\/index.php\/2023\/12\/13\/capitania-dos-portos-do-ma-celebra-o-dia-do-marinheiro\/#primaryimage","url":"https:\/\/portosma.com.br\/wp-content\/uploads\/2023\/12\/MAR-CAPA.jpg","contentUrl":"https:\/\/portosma.com.br\/wp-content\/uploads\/2023\/12\/MAR-CAPA.jpg","width":1200,"height":503},{"@type":"BreadcrumbList","@id":"https:\/\/portosma.com.br\/index.php\/2023\/12\/13\/capitania-dos-portos-do-ma-celebra-o-dia-do-marinheiro\/#breadcrumb","itemListElement":[{"@type":"ListItem","position":1,"name":"In\u00edcio","item":"https:\/\/portosma.com.br\/"},{"@type":"ListItem","position":2,"name":"Capitania dos Portos do Maranh\u00e3o comemora o Dia do Marinheiro"}]},{"@type":"WebSite","@id":"https:\/\/portosma.com.br\/#website","url":"https:\/\/portosma.com.br\/","name":"Portosma","description":"Um site de not\u00edcias","publisher":{"@id":"https:\/\/portosma.com.br\/#organization"},"potentialAction":[{"@type":"SearchAction","target":{"@type":"EntryPoint","urlTemplate":"https:\/\/portosma.com.br\/?s={search_term_string}"},"query-input":"required name=search_term_string"}],"inLanguage":"pt-BR"},{"@type":"Organization","@id":"https:\/\/portosma.com.br\/#organization","name":"Portosma","alternateName":"Portosma","url":"https:\/\/portosma.com.br\/","logo":{"@type":"ImageObject","inLanguage":"pt-BR","@id":"https:\/\/portosma.com.br\/#\/schema\/logo\/image\/","url":"https:\/\/portosma.com.br\/wp-content\/uploads\/2026\/03\/cropped-AD-PORTOSMA.jpg","contentUrl":"https:\/\/portosma.com.br\/wp-content\/uploads\/2026\/03\/cropped-AD-PORTOSMA.jpg","width":400,"height":115,"caption":"Portosma"},"image":{"@id":"https:\/\/portosma.com.br\/#\/schema\/logo\/image\/"}},{"@type":"Person","@id":"https:\/\/portosma.com.br\/#\/schema\/person\/fb92dfe283ab47293259c87c813d8623","name":"admin","sameAs":["https:\/\/portosma.com.br"],"url":"https:\/\/portosma.com.br\/index.php\/author\/portosma\/"}]}},"_links":{"self":[{"href":"https:\/\/portosma.com.br\/index.php\/wp-json\/wp\/v2\/posts\/11399","targetHints":{"allow":["GET"]}}],"collection":[{"href":"https:\/\/portosma.com.br\/index.php\/wp-json\/wp\/v2\/posts"}],"about":[{"href":"https:\/\/portosma.com.br\/index.php\/wp-json\/wp\/v2\/types\/post"}],"author":[{"embeddable":true,"href":"https:\/\/portosma.com.br\/index.php\/wp-json\/wp\/v2\/users\/1"}],"replies":[{"embeddable":true,"href":"https:\/\/portosma.com.br\/index.php\/wp-json\/wp\/v2\/comments?post=11399"}],"version-history":[{"count":5,"href":"https:\/\/portosma.com.br\/index.php\/wp-json\/wp\/v2\/posts\/11399\/revisions"}],"predecessor-version":[{"id":11436,"href":"https:\/\/portosma.com.br\/index.php\/wp-json\/wp\/v2\/posts\/11399\/revisions\/11436"}],"wp:featuredmedia":[{"embeddable":true,"href":"https:\/\/portosma.com.br\/index.php\/wp-json\/wp\/v2\/media\/11400"}],"wp:attachment":[{"href":"https:\/\/portosma.com.br\/index.php\/wp-json\/wp\/v2\/media?parent=11399"}],"wp:term":[{"taxonomy":"category","embeddable":true,"href":"https:\/\/portosma.com.br\/index.php\/wp-json\/wp\/v2\/categories?post=11399"},{"taxonomy":"post_tag","embeddable":true,"href":"https:\/\/portosma.com.br\/index.php\/wp-json\/wp\/v2\/tags?post=11399"}],"curies":[{"name":"wp","href":"https:\/\/api.w.org\/{rel}","templated":true}]}}