{"id":11360,"date":"2023-12-09T19:52:19","date_gmt":"2023-12-09T19:52:19","guid":{"rendered":"https:\/\/portosma.com.br\/?p=11360"},"modified":"2023-12-09T19:54:02","modified_gmt":"2023-12-09T19:54:02","slug":"vli-e-gerdau-renovam-parceria-para-transporte-de-carvao-e-aco","status":"publish","type":"post","link":"https:\/\/portosma.com.br\/index.php\/2023\/12\/09\/vli-e-gerdau-renovam-parceria-para-transporte-de-carvao-e-aco\/","title":{"rendered":"VLI e Gerdau renovam parceria para transporte de carv\u00e3o e a\u00e7o"},"content":{"rendered":"<h4><span style=\"color: #800000;\">Atualmente, a Companhia de Log\u00edstica VLI atende a produtora de a\u00e7o em fluxos na Estrada de Ferro Vit\u00f3ria a Minas e Ferrovia Centro-Atl\u00e2ntica.<\/span><\/h4>\n<p>A VLI \u2013 companhia de solu\u00e7\u00f5es log\u00edsticas que opera terminais, ferrovias e portos \u2013 acaba de renovar o contrato com a Gerdau, a maior empresa brasileira produtora de a\u00e7o. O novo acordo envolve o transporte ferrovi\u00e1rio de carv\u00e3o e a\u00e7o entre portos do Esp\u00edrito Santo e a unidade da empresa localizada em Minas Gerais, por meio da Estrada de Ferro Vit\u00f3ria a Minas, onde a VLI opera por direito de passagem.<\/p>\n<p>O carv\u00e3o \u00e9 aplicado nas coquerias, onde \u00e9 produzido o coque para a produ\u00e7\u00e3o de ferro gusa no alto-forno, transformado em a\u00e7o posteriormente. O produto chega ao Brasil por meio do Terminal de Praia Mole, operado pela VLI, em Vit\u00f3ria. A movimenta\u00e7\u00e3o do carv\u00e3o \u00e9 feita 100% via modal ferrovi\u00e1rio, numa opera\u00e7\u00e3o porta a porta, que permite que o cliente receba o produto dentro da usina.<\/p>\n<p>\u201cA renova\u00e7\u00e3o de parceria com um cliente como a Gerdau, uma das maiores e mais importantes empresas do pa\u00eds, refor\u00e7a a qualidade dos servi\u00e7os executados pela VLI e os resultados obtidos com a log\u00edstica multimodal, onde utilizamos o melhor de cada modal no transporte das cargas dos nossos parceiros. O cliente est\u00e1 sempre no centro das nossas tomadas de decis\u00e3o, em que privilegiamos a qualidade, seguran\u00e7a e efici\u00eancia nos servi\u00e7os\u201d, refor\u00e7a o gerente Comercial da companhia, Igor Lima.<\/p>\n<p>Al\u00e9m desta opera\u00e7\u00e3o, a VLI tamb\u00e9m atende a Gerdau por meio da Ferrovia Centro-Atl\u00e2ntica, em um fluxo ferrovi\u00e1rio que liga a cidade de Divin\u00f3polis, no centro-oeste mineiro, ao sistema portu\u00e1rio do Esp\u00edrito Santo.<\/p>\n<p><strong>Sobre a VLI<\/strong> &#8211; <em>A VLI tem o compromisso de apoiar a transforma\u00e7\u00e3o da log\u00edstica no pa\u00eds, por meio da integra\u00e7\u00e3o de servi\u00e7os em portos, ferrovias e terminais. A empresa engloba as ferrovias Norte Sul (FNS) e Centro-Atl\u00e2ntica (FCA), al\u00e9m de terminais intermodais, que unem o carregamento e o descarregamento de produtos ao transporte ferrovi\u00e1rio, e terminais portu\u00e1rios situados em eixos estrat\u00e9gicos da costa brasileira, tais como em Santos (SP), S\u00e3o Lu\u00eds (MA) e Vit\u00f3ria (ES). Por quatro anos consecutivos entre as tr\u00eas companhias mais inovadoras do setor de Transporte e Log\u00edstica no ranking do Valor Inova\u00e7\u00e3o, a VLI transporta as riquezas do Brasil por rotas que passam pelas regi\u00f5es Norte, Nordeste, Sudeste e Centro-Oeste.<\/em><\/p>\n<p>&nbsp;<\/p>\n<p><span style=\"color: #808080;\"><em><strong>Fonte:<\/strong><\/em><\/span><br \/>\n<span style=\"color: #808080;\"><em><strong>WComunica\u00e7\u00e3o<\/strong><\/em><\/span><\/p>\n","protected":false},"excerpt":{"rendered":"<p>Atualmente, a Companhia de Log\u00edstica VLI atende a produtora de a\u00e7o em fluxos na Estrada de Ferro Vit\u00f3ria a Minas e Ferrovia Centro-Atl\u00e2ntica.<\/p>\n","protected":false},"author":1,"featured_media":11361,"comment_status":"closed","ping_status":"open","sticky":false,"template":"","format":"standard","meta":{"_editorskit_title_hidden":false,"_editorskit_reading_time":0,"_editorskit_is_block_options_detached":false,"_editorskit_block_options_position":"{}","ngg_post_thumbnail":0,"footnotes":""},"categories":[1],"tags":[],"class_list":["post-11360","post","type-post","status-publish","format-standard","has-post-thumbnail","hentry","category-noticias"],"yoast_head":"<!-- This site is optimized with the Yoast SEO plugin v22.5 - https:\/\/yoast.com\/wordpress\/plugins\/seo\/ -->\n<title>VLI e Gerdau renovam parceria para transporte de carv\u00e3o e a\u00e7o - Portosma<\/title>\n<meta name=\"robots\" content=\"index, follow, max-snippet:-1, max-image-preview:large, max-video-preview:-1\" \/>\n<link rel=\"canonical\" href=\"https:\/\/portosma.com.br\/index.php\/2023\/12\/09\/vli-e-gerdau-renovam-parceria-para-transporte-de-carvao-e-aco\/\" \/>\n<meta property=\"og:locale\" content=\"pt_BR\" \/>\n<meta property=\"og:type\" content=\"article\" \/>\n<meta property=\"og:title\" content=\"VLI e Gerdau renovam parceria para transporte de carv\u00e3o e a\u00e7o - Portosma\" \/>\n<meta property=\"og:description\" content=\"Atualmente, a Companhia de Log\u00edstica VLI atende a produtora de a\u00e7o em fluxos na Estrada de Ferro Vit\u00f3ria a Minas e Ferrovia Centro-Atl\u00e2ntica.\" \/>\n<meta property=\"og:url\" content=\"https:\/\/portosma.com.br\/index.php\/2023\/12\/09\/vli-e-gerdau-renovam-parceria-para-transporte-de-carvao-e-aco\/\" \/>\n<meta property=\"og:site_name\" content=\"Portosma\" \/>\n<meta property=\"article:published_time\" content=\"2023-12-09T19:52:19+00:00\" \/>\n<meta property=\"article:modified_time\" content=\"2023-12-09T19:54:02+00:00\" \/>\n<meta property=\"og:image\" content=\"https:\/\/portosma.com.br\/wp-content\/uploads\/2023\/12\/ACO.jpg\" \/>\n\t<meta property=\"og:image:width\" content=\"1200\" \/>\n\t<meta property=\"og:image:height\" content=\"497\" \/>\n\t<meta property=\"og:image:type\" content=\"image\/jpeg\" \/>\n<meta name=\"author\" content=\"admin\" \/>\n<meta name=\"twitter:card\" content=\"summary_large_image\" \/>\n<meta name=\"twitter:label1\" content=\"Escrito por\" \/>\n\t<meta name=\"twitter:data1\" content=\"admin\" \/>\n\t<meta name=\"twitter:label2\" content=\"Est. tempo de leitura\" \/>\n\t<meta name=\"twitter:data2\" content=\"3 minutos\" \/>\n<script type=\"application\/ld+json\" class=\"yoast-schema-graph\">{\"@context\":\"https:\/\/schema.org\",\"@graph\":[{\"@type\":\"Article\",\"@id\":\"https:\/\/portosma.com.br\/index.php\/2023\/12\/09\/vli-e-gerdau-renovam-parceria-para-transporte-de-carvao-e-aco\/#article\",\"isPartOf\":{\"@id\":\"https:\/\/portosma.com.br\/index.php\/2023\/12\/09\/vli-e-gerdau-renovam-parceria-para-transporte-de-carvao-e-aco\/\"},\"author\":{\"name\":\"admin\",\"@id\":\"https:\/\/portosma.com.br\/#\/schema\/person\/fb92dfe283ab47293259c87c813d8623\"},\"headline\":\"VLI e Gerdau renovam parceria para transporte de carv\u00e3o e a\u00e7o\",\"datePublished\":\"2023-12-09T19:52:19+00:00\",\"dateModified\":\"2023-12-09T19:54:02+00:00\",\"mainEntityOfPage\":{\"@id\":\"https:\/\/portosma.com.br\/index.php\/2023\/12\/09\/vli-e-gerdau-renovam-parceria-para-transporte-de-carvao-e-aco\/\"},\"wordCount\":452,\"publisher\":{\"@id\":\"https:\/\/portosma.com.br\/#organization\"},\"image\":{\"@id\":\"https:\/\/portosma.com.br\/index.php\/2023\/12\/09\/vli-e-gerdau-renovam-parceria-para-transporte-de-carvao-e-aco\/#primaryimage\"},\"thumbnailUrl\":\"https:\/\/portosma.com.br\/wp-content\/uploads\/2023\/12\/ACO.jpg\",\"articleSection\":[\"Not\u00edcias\"],\"inLanguage\":\"pt-BR\"},{\"@type\":\"WebPage\",\"@id\":\"https:\/\/portosma.com.br\/index.php\/2023\/12\/09\/vli-e-gerdau-renovam-parceria-para-transporte-de-carvao-e-aco\/\",\"url\":\"https:\/\/portosma.com.br\/index.php\/2023\/12\/09\/vli-e-gerdau-renovam-parceria-para-transporte-de-carvao-e-aco\/\",\"name\":\"VLI e Gerdau renovam parceria para transporte de carv\u00e3o e a\u00e7o - Portosma\",\"isPartOf\":{\"@id\":\"https:\/\/portosma.com.br\/#website\"},\"primaryImageOfPage\":{\"@id\":\"https:\/\/portosma.com.br\/index.php\/2023\/12\/09\/vli-e-gerdau-renovam-parceria-para-transporte-de-carvao-e-aco\/#primaryimage\"},\"image\":{\"@id\":\"https:\/\/portosma.com.br\/index.php\/2023\/12\/09\/vli-e-gerdau-renovam-parceria-para-transporte-de-carvao-e-aco\/#primaryimage\"},\"thumbnailUrl\":\"https:\/\/portosma.com.br\/wp-content\/uploads\/2023\/12\/ACO.jpg\",\"datePublished\":\"2023-12-09T19:52:19+00:00\",\"dateModified\":\"2023-12-09T19:54:02+00:00\",\"breadcrumb\":{\"@id\":\"https:\/\/portosma.com.br\/index.php\/2023\/12\/09\/vli-e-gerdau-renovam-parceria-para-transporte-de-carvao-e-aco\/#breadcrumb\"},\"inLanguage\":\"pt-BR\",\"potentialAction\":[{\"@type\":\"ReadAction\",\"target\":[\"https:\/\/portosma.com.br\/index.php\/2023\/12\/09\/vli-e-gerdau-renovam-parceria-para-transporte-de-carvao-e-aco\/\"]}]},{\"@type\":\"ImageObject\",\"inLanguage\":\"pt-BR\",\"@id\":\"https:\/\/portosma.com.br\/index.php\/2023\/12\/09\/vli-e-gerdau-renovam-parceria-para-transporte-de-carvao-e-aco\/#primaryimage\",\"url\":\"https:\/\/portosma.com.br\/wp-content\/uploads\/2023\/12\/ACO.jpg\",\"contentUrl\":\"https:\/\/portosma.com.br\/wp-content\/uploads\/2023\/12\/ACO.jpg\",\"width\":1200,\"height\":497},{\"@type\":\"BreadcrumbList\",\"@id\":\"https:\/\/portosma.com.br\/index.php\/2023\/12\/09\/vli-e-gerdau-renovam-parceria-para-transporte-de-carvao-e-aco\/#breadcrumb\",\"itemListElement\":[{\"@type\":\"ListItem\",\"position\":1,\"name\":\"In\u00edcio\",\"item\":\"https:\/\/portosma.com.br\/\"},{\"@type\":\"ListItem\",\"position\":2,\"name\":\"VLI e Gerdau renovam parceria para transporte de carv\u00e3o e a\u00e7o\"}]},{\"@type\":\"WebSite\",\"@id\":\"https:\/\/portosma.com.br\/#website\",\"url\":\"https:\/\/portosma.com.br\/\",\"name\":\"Portosma\",\"description\":\"Um site de not\u00edcias\",\"publisher\":{\"@id\":\"https:\/\/portosma.com.br\/#organization\"},\"potentialAction\":[{\"@type\":\"SearchAction\",\"target\":{\"@type\":\"EntryPoint\",\"urlTemplate\":\"https:\/\/portosma.com.br\/?s={search_term_string}\"},\"query-input\":\"required name=search_term_string\"}],\"inLanguage\":\"pt-BR\"},{\"@type\":\"Organization\",\"@id\":\"https:\/\/portosma.com.br\/#organization\",\"name\":\"Portosma\",\"alternateName\":\"Portosma\",\"url\":\"https:\/\/portosma.com.br\/\",\"logo\":{\"@type\":\"ImageObject\",\"inLanguage\":\"pt-BR\",\"@id\":\"https:\/\/portosma.com.br\/#\/schema\/logo\/image\/\",\"url\":\"https:\/\/portosma.com.br\/wp-content\/uploads\/2026\/03\/cropped-AD-PORTOSMA.jpg\",\"contentUrl\":\"https:\/\/portosma.com.br\/wp-content\/uploads\/2026\/03\/cropped-AD-PORTOSMA.jpg\",\"width\":400,\"height\":115,\"caption\":\"Portosma\"},\"image\":{\"@id\":\"https:\/\/portosma.com.br\/#\/schema\/logo\/image\/\"}},{\"@type\":\"Person\",\"@id\":\"https:\/\/portosma.com.br\/#\/schema\/person\/fb92dfe283ab47293259c87c813d8623\",\"name\":\"admin\",\"sameAs\":[\"https:\/\/portosma.com.br\"],\"url\":\"https:\/\/portosma.com.br\/index.php\/author\/portosma\/\"}]}<\/script>\n<!-- \/ Yoast SEO plugin. -->","yoast_head_json":{"title":"VLI e Gerdau renovam parceria para transporte de carv\u00e3o e a\u00e7o - Portosma","robots":{"index":"index","follow":"follow","max-snippet":"max-snippet:-1","max-image-preview":"max-image-preview:large","max-video-preview":"max-video-preview:-1"},"canonical":"https:\/\/portosma.com.br\/index.php\/2023\/12\/09\/vli-e-gerdau-renovam-parceria-para-transporte-de-carvao-e-aco\/","og_locale":"pt_BR","og_type":"article","og_title":"VLI e Gerdau renovam parceria para transporte de carv\u00e3o e a\u00e7o - Portosma","og_description":"Atualmente, a Companhia de Log\u00edstica VLI atende a produtora de a\u00e7o em fluxos na Estrada de Ferro Vit\u00f3ria a Minas e Ferrovia Centro-Atl\u00e2ntica.","og_url":"https:\/\/portosma.com.br\/index.php\/2023\/12\/09\/vli-e-gerdau-renovam-parceria-para-transporte-de-carvao-e-aco\/","og_site_name":"Portosma","article_published_time":"2023-12-09T19:52:19+00:00","article_modified_time":"2023-12-09T19:54:02+00:00","og_image":[{"width":1200,"height":497,"url":"https:\/\/portosma.com.br\/wp-content\/uploads\/2023\/12\/ACO.jpg","type":"image\/jpeg"}],"author":"admin","twitter_card":"summary_large_image","twitter_misc":{"Escrito por":"admin","Est. tempo de leitura":"3 minutos"},"schema":{"@context":"https:\/\/schema.org","@graph":[{"@type":"Article","@id":"https:\/\/portosma.com.br\/index.php\/2023\/12\/09\/vli-e-gerdau-renovam-parceria-para-transporte-de-carvao-e-aco\/#article","isPartOf":{"@id":"https:\/\/portosma.com.br\/index.php\/2023\/12\/09\/vli-e-gerdau-renovam-parceria-para-transporte-de-carvao-e-aco\/"},"author":{"name":"admin","@id":"https:\/\/portosma.com.br\/#\/schema\/person\/fb92dfe283ab47293259c87c813d8623"},"headline":"VLI e Gerdau renovam parceria para transporte de carv\u00e3o e a\u00e7o","datePublished":"2023-12-09T19:52:19+00:00","dateModified":"2023-12-09T19:54:02+00:00","mainEntityOfPage":{"@id":"https:\/\/portosma.com.br\/index.php\/2023\/12\/09\/vli-e-gerdau-renovam-parceria-para-transporte-de-carvao-e-aco\/"},"wordCount":452,"publisher":{"@id":"https:\/\/portosma.com.br\/#organization"},"image":{"@id":"https:\/\/portosma.com.br\/index.php\/2023\/12\/09\/vli-e-gerdau-renovam-parceria-para-transporte-de-carvao-e-aco\/#primaryimage"},"thumbnailUrl":"https:\/\/portosma.com.br\/wp-content\/uploads\/2023\/12\/ACO.jpg","articleSection":["Not\u00edcias"],"inLanguage":"pt-BR"},{"@type":"WebPage","@id":"https:\/\/portosma.com.br\/index.php\/2023\/12\/09\/vli-e-gerdau-renovam-parceria-para-transporte-de-carvao-e-aco\/","url":"https:\/\/portosma.com.br\/index.php\/2023\/12\/09\/vli-e-gerdau-renovam-parceria-para-transporte-de-carvao-e-aco\/","name":"VLI e Gerdau renovam parceria para transporte de carv\u00e3o e a\u00e7o - Portosma","isPartOf":{"@id":"https:\/\/portosma.com.br\/#website"},"primaryImageOfPage":{"@id":"https:\/\/portosma.com.br\/index.php\/2023\/12\/09\/vli-e-gerdau-renovam-parceria-para-transporte-de-carvao-e-aco\/#primaryimage"},"image":{"@id":"https:\/\/portosma.com.br\/index.php\/2023\/12\/09\/vli-e-gerdau-renovam-parceria-para-transporte-de-carvao-e-aco\/#primaryimage"},"thumbnailUrl":"https:\/\/portosma.com.br\/wp-content\/uploads\/2023\/12\/ACO.jpg","datePublished":"2023-12-09T19:52:19+00:00","dateModified":"2023-12-09T19:54:02+00:00","breadcrumb":{"@id":"https:\/\/portosma.com.br\/index.php\/2023\/12\/09\/vli-e-gerdau-renovam-parceria-para-transporte-de-carvao-e-aco\/#breadcrumb"},"inLanguage":"pt-BR","potentialAction":[{"@type":"ReadAction","target":["https:\/\/portosma.com.br\/index.php\/2023\/12\/09\/vli-e-gerdau-renovam-parceria-para-transporte-de-carvao-e-aco\/"]}]},{"@type":"ImageObject","inLanguage":"pt-BR","@id":"https:\/\/portosma.com.br\/index.php\/2023\/12\/09\/vli-e-gerdau-renovam-parceria-para-transporte-de-carvao-e-aco\/#primaryimage","url":"https:\/\/portosma.com.br\/wp-content\/uploads\/2023\/12\/ACO.jpg","contentUrl":"https:\/\/portosma.com.br\/wp-content\/uploads\/2023\/12\/ACO.jpg","width":1200,"height":497},{"@type":"BreadcrumbList","@id":"https:\/\/portosma.com.br\/index.php\/2023\/12\/09\/vli-e-gerdau-renovam-parceria-para-transporte-de-carvao-e-aco\/#breadcrumb","itemListElement":[{"@type":"ListItem","position":1,"name":"In\u00edcio","item":"https:\/\/portosma.com.br\/"},{"@type":"ListItem","position":2,"name":"VLI e Gerdau renovam parceria para transporte de carv\u00e3o e a\u00e7o"}]},{"@type":"WebSite","@id":"https:\/\/portosma.com.br\/#website","url":"https:\/\/portosma.com.br\/","name":"Portosma","description":"Um site de not\u00edcias","publisher":{"@id":"https:\/\/portosma.com.br\/#organization"},"potentialAction":[{"@type":"SearchAction","target":{"@type":"EntryPoint","urlTemplate":"https:\/\/portosma.com.br\/?s={search_term_string}"},"query-input":"required name=search_term_string"}],"inLanguage":"pt-BR"},{"@type":"Organization","@id":"https:\/\/portosma.com.br\/#organization","name":"Portosma","alternateName":"Portosma","url":"https:\/\/portosma.com.br\/","logo":{"@type":"ImageObject","inLanguage":"pt-BR","@id":"https:\/\/portosma.com.br\/#\/schema\/logo\/image\/","url":"https:\/\/portosma.com.br\/wp-content\/uploads\/2026\/03\/cropped-AD-PORTOSMA.jpg","contentUrl":"https:\/\/portosma.com.br\/wp-content\/uploads\/2026\/03\/cropped-AD-PORTOSMA.jpg","width":400,"height":115,"caption":"Portosma"},"image":{"@id":"https:\/\/portosma.com.br\/#\/schema\/logo\/image\/"}},{"@type":"Person","@id":"https:\/\/portosma.com.br\/#\/schema\/person\/fb92dfe283ab47293259c87c813d8623","name":"admin","sameAs":["https:\/\/portosma.com.br"],"url":"https:\/\/portosma.com.br\/index.php\/author\/portosma\/"}]}},"_links":{"self":[{"href":"https:\/\/portosma.com.br\/index.php\/wp-json\/wp\/v2\/posts\/11360","targetHints":{"allow":["GET"]}}],"collection":[{"href":"https:\/\/portosma.com.br\/index.php\/wp-json\/wp\/v2\/posts"}],"about":[{"href":"https:\/\/portosma.com.br\/index.php\/wp-json\/wp\/v2\/types\/post"}],"author":[{"embeddable":true,"href":"https:\/\/portosma.com.br\/index.php\/wp-json\/wp\/v2\/users\/1"}],"replies":[{"embeddable":true,"href":"https:\/\/portosma.com.br\/index.php\/wp-json\/wp\/v2\/comments?post=11360"}],"version-history":[{"count":3,"href":"https:\/\/portosma.com.br\/index.php\/wp-json\/wp\/v2\/posts\/11360\/revisions"}],"predecessor-version":[{"id":11364,"href":"https:\/\/portosma.com.br\/index.php\/wp-json\/wp\/v2\/posts\/11360\/revisions\/11364"}],"wp:featuredmedia":[{"embeddable":true,"href":"https:\/\/portosma.com.br\/index.php\/wp-json\/wp\/v2\/media\/11361"}],"wp:attachment":[{"href":"https:\/\/portosma.com.br\/index.php\/wp-json\/wp\/v2\/media?parent=11360"}],"wp:term":[{"taxonomy":"category","embeddable":true,"href":"https:\/\/portosma.com.br\/index.php\/wp-json\/wp\/v2\/categories?post=11360"},{"taxonomy":"post_tag","embeddable":true,"href":"https:\/\/portosma.com.br\/index.php\/wp-json\/wp\/v2\/tags?post=11360"}],"curies":[{"name":"wp","href":"https:\/\/api.w.org\/{rel}","templated":true}]}}