{"id":10588,"date":"2023-11-09T19:06:27","date_gmt":"2023-11-09T19:06:27","guid":{"rendered":"https:\/\/portosma.com.br\/?p=10588"},"modified":"2023-11-09T19:08:05","modified_gmt":"2023-11-09T19:08:05","slug":"vli-conquista-o-premio-destaque-2023-categoria-modal-transportador","status":"publish","type":"post","link":"https:\/\/portosma.com.br\/index.php\/2023\/11\/09\/vli-conquista-o-premio-destaque-2023-categoria-modal-transportador\/","title":{"rendered":"VLI conquista o Pr\u00eamio Destaque 2023 categoria modal transportador"},"content":{"rendered":"<h4><span style=\"color: #800000;\">VLI conquista o Pr\u00eamio Destaque 2023 \u2013 Filme \u201cEu Tenho Uma Voz\u201d, da Childhood Brasil.&nbsp;O vencedor foi conhecido nessa ter\u00e7a-feira (7) e a companhia disputou na categoria modal transportador&nbsp;<\/span><\/h4>\n<p>A VLI \u2013 companhia de solu\u00e7\u00f5es log\u00edsticas que opera terminais, ferrovias e portos \u2013, que \u00e9 signat\u00e1ria do Pacto Empresarial contra a Explora\u00e7\u00e3o Sexual de Crian\u00e7as e Adolescentes nas Rodovias Brasileiras, ficou em 1\u00ba lugar no Circuito de Cinema Na M\u00e3o Certa | Pr\u00eamio Destaque 2023 &#8211; Filme &#8220;Eu Tenho uma Voz&#8221;, da Childhood Brasil, na categoria modal transportador. O vencedor foi conhecido nessa ter\u00e7a-feira (7), durante o 17\u00b0 Encontro Anual do Programa Na M\u00e3o Certa, que ocorreu na Federa\u00e7\u00e3o das Ind\u00fastrias do Estado de S\u00e3o Paulo (Fiesp), em S\u00e3o Paulo, das 13h \u00e0s 18h. Durante o circuito de cinema, realizado ao longo dos meses de julho, agosto e setembro, a empresa exibiu o curta-metragem \u201cEu tenho uma voz\u201d em 33 sess\u00f5es de cinema, envolvendo um total de 1.104 pessoas ao longo desses tr\u00eas meses.<\/p>\n<p>O filme conta a hist\u00f3ria de uma menina que sofreu abuso sexual na inf\u00e2ncia e tem como objetivo ampliar a discuss\u00e3o sobre o tema. Com dura\u00e7\u00e3o de 8 minutos, ele tamb\u00e9m faz uma reflex\u00e3o sobre como est\u00e1 a escuta, percep\u00e7\u00e3o e prote\u00e7\u00e3o de crian\u00e7as e adolescentes. Segundo a Childhood, falar sobre o abuso sexual, seus sinais e consequ\u00eancias, \u00e9 o primeiro passo para que a sociedade fique alerta a situa\u00e7\u00f5es de risco e saiba agir para garantir a prote\u00e7\u00e3o de crian\u00e7as e adolescentes.<\/p>\n<p>A gerente-geral de Sustentabilidade da VLI, Francielle Pedrosa, afirma que \u00e9 preciso prevenir e enfrentar o abuso sexual contra crian\u00e7as e adolescentes. \u201cDevemos ainda dialogar sobre o tema, para que cada vez mais pessoas saibam identificar os sinais de abuso e como agir para proteger este p\u00fablico infanto-juvenil. A conquista deste pr\u00eamio mostra o engajamento da companhia nesta causa t\u00e3o importante\u201d, destaca.<\/p>\n<p><img fetchpriority=\"high\" decoding=\"async\" class=\"alignnone wp-image-10591 size-full\" src=\"https:\/\/portosma.com.br\/wp-content\/uploads\/2023\/11\/VLI-CINEMA-2.jpeg\" alt=\"\" width=\"900\" height=\"531\" srcset=\"https:\/\/portosma.com.br\/wp-content\/uploads\/2023\/11\/VLI-CINEMA-2.jpeg 900w, https:\/\/portosma.com.br\/wp-content\/uploads\/2023\/11\/VLI-CINEMA-2-300x177.jpeg 300w, https:\/\/portosma.com.br\/wp-content\/uploads\/2023\/11\/VLI-CINEMA-2-768x453.jpeg 768w\" sizes=\"(max-width: 900px) 100vw, 900px\" \/>&nbsp;<br \/>\n<strong>Reconhecimento<\/strong> &#8211;&nbsp; Na ocasi\u00e3o, a VLI tamb\u00e9m recebeu seu segundo certificado de Reconhecimento Anual da Childhood Brasil, por meio do Programa Na M\u00e3o Certa, devido \u00e0 sua atua\u00e7\u00e3o na prote\u00e7\u00e3o dos direitos de crian\u00e7as e adolescentes, com foco no enfrentamento da explora\u00e7\u00e3o sexual. \u201cRealizamos a\u00e7\u00f5es efetivas para contribuir no enfrentamento da explora\u00e7\u00e3o sexual nas estradas brasileiras. A VLI promove campanhas educativas, rodas de conversa e sensibiliza empregados, terceiros e caminhoneiros para atuarem como agentes de prote\u00e7\u00e3o das crian\u00e7as e adolescentes\u201d, ressalta Francielle Pedrosa.<\/p>\n<p><img decoding=\"async\" class=\"alignnone wp-image-10592 size-full\" src=\"https:\/\/portosma.com.br\/wp-content\/uploads\/2023\/11\/VLI-CINEMA-2.jpg\" alt=\"\" width=\"900\" height=\"512\" srcset=\"https:\/\/portosma.com.br\/wp-content\/uploads\/2023\/11\/VLI-CINEMA-2.jpg 900w, https:\/\/portosma.com.br\/wp-content\/uploads\/2023\/11\/VLI-CINEMA-2-300x171.jpg 300w, https:\/\/portosma.com.br\/wp-content\/uploads\/2023\/11\/VLI-CINEMA-2-768x437.jpg 768w\" sizes=\"(max-width: 900px) 100vw, 900px\" \/><\/p>\n<p><strong>Compromissos<\/strong> &#8211; Ao se tornar signat\u00e1ria do pacto, em junho de 2021, a VLI se comprometeu a: intervir com a\u00e7\u00f5es e procedimentos junto \u00e0 rede de servi\u00e7os de transportes e aos prestadores de servi\u00e7os ligados ao setor de transportes, levando o caminhoneiro a atuar como agente de prote\u00e7\u00e3o; participar, como signat\u00e1rio deste pacto, de campanhas de enfrentamento da explora\u00e7\u00e3o sexual de crian\u00e7as e adolescentes nas rodovias brasileiras, em car\u00e1ter cont\u00ednuo e permanente; criar mecanismos nas rela\u00e7\u00f5es comerciais que estabele\u00e7am compromissos com seus fornecedores, especialmente aqueles diretamente envolvidos com a cadeia produtiva dos servi\u00e7os de transporte para que, igualmente, cumpram os princ\u00edpios e compromissos do pacto; informar e incentivar todas as pessoas que integram as estruturas da empresa ou entidade a participar das a\u00e7\u00f5es de enfrentamento da explora\u00e7\u00e3o sexual de crian\u00e7as e adolescentes nas rodovias brasileiras; apoiar, com recursos pr\u00f3prios e\/ou do Fundo da Inf\u00e2ncia e da Adolesc\u00eancia (FIA), projetos de reintegra\u00e7\u00e3o social de crian\u00e7as e adolescentes vulner\u00e1veis \u00e0 explora\u00e7\u00e3o sexual ou v\u00edtimas dela, garantindo-lhes oportunidade para superar sua situa\u00e7\u00e3o de exclus\u00e3o social; monitorar a implementa\u00e7\u00e3o de todas essas a\u00e7\u00f5es e o alcance das metas propostas, tornando p\u00fablicos os resultados desse esfor\u00e7o conjunto.<\/p>\n","protected":false},"excerpt":{"rendered":"<p>Na ocasi\u00e3o, a VLI tamb\u00e9m recebeu seu segundo certificado de Reconhecimento Anual da Childhood Brasil por meio do Programa Na M\u00e3o Certa.<\/p>\n","protected":false},"author":1,"featured_media":10589,"comment_status":"closed","ping_status":"open","sticky":false,"template":"","format":"standard","meta":{"_editorskit_title_hidden":false,"_editorskit_reading_time":0,"_editorskit_is_block_options_detached":false,"_editorskit_block_options_position":"{}","ngg_post_thumbnail":0,"footnotes":""},"categories":[1],"tags":[],"class_list":["post-10588","post","type-post","status-publish","format-standard","has-post-thumbnail","hentry","category-noticias"],"yoast_head":"<!-- This site is optimized with the Yoast SEO plugin v22.5 - https:\/\/yoast.com\/wordpress\/plugins\/seo\/ -->\n<title>VLI conquista o Pr\u00eamio Destaque 2023 categoria modal transportador - Portosma<\/title>\n<meta name=\"robots\" content=\"index, follow, max-snippet:-1, max-image-preview:large, max-video-preview:-1\" \/>\n<link rel=\"canonical\" href=\"https:\/\/portosma.com.br\/index.php\/2023\/11\/09\/vli-conquista-o-premio-destaque-2023-categoria-modal-transportador\/\" \/>\n<meta property=\"og:locale\" content=\"pt_BR\" \/>\n<meta property=\"og:type\" content=\"article\" \/>\n<meta property=\"og:title\" content=\"VLI conquista o Pr\u00eamio Destaque 2023 categoria modal transportador - Portosma\" \/>\n<meta property=\"og:description\" content=\"Na ocasi\u00e3o, a VLI tamb\u00e9m recebeu seu segundo certificado de Reconhecimento Anual da Childhood Brasil por meio do Programa Na M\u00e3o Certa.\" \/>\n<meta property=\"og:url\" content=\"https:\/\/portosma.com.br\/index.php\/2023\/11\/09\/vli-conquista-o-premio-destaque-2023-categoria-modal-transportador\/\" \/>\n<meta property=\"og:site_name\" content=\"Portosma\" \/>\n<meta property=\"article:published_time\" content=\"2023-11-09T19:06:27+00:00\" \/>\n<meta property=\"article:modified_time\" content=\"2023-11-09T19:08:05+00:00\" \/>\n<meta property=\"og:image\" content=\"https:\/\/portosma.com.br\/wp-content\/uploads\/2023\/11\/VLI-CINEMA-1.jpeg\" \/>\n\t<meta property=\"og:image:width\" content=\"1200\" \/>\n\t<meta property=\"og:image:height\" content=\"557\" \/>\n\t<meta property=\"og:image:type\" content=\"image\/jpeg\" \/>\n<meta name=\"author\" content=\"admin\" \/>\n<meta name=\"twitter:card\" content=\"summary_large_image\" \/>\n<meta name=\"twitter:label1\" content=\"Escrito por\" \/>\n\t<meta name=\"twitter:data1\" content=\"admin\" \/>\n\t<meta name=\"twitter:label2\" content=\"Est. tempo de leitura\" \/>\n\t<meta name=\"twitter:data2\" content=\"4 minutos\" \/>\n<script type=\"application\/ld+json\" class=\"yoast-schema-graph\">{\"@context\":\"https:\/\/schema.org\",\"@graph\":[{\"@type\":\"Article\",\"@id\":\"https:\/\/portosma.com.br\/index.php\/2023\/11\/09\/vli-conquista-o-premio-destaque-2023-categoria-modal-transportador\/#article\",\"isPartOf\":{\"@id\":\"https:\/\/portosma.com.br\/index.php\/2023\/11\/09\/vli-conquista-o-premio-destaque-2023-categoria-modal-transportador\/\"},\"author\":{\"name\":\"admin\",\"@id\":\"https:\/\/portosma.com.br\/#\/schema\/person\/fb92dfe283ab47293259c87c813d8623\"},\"headline\":\"VLI conquista o Pr\u00eamio Destaque 2023 categoria modal transportador\",\"datePublished\":\"2023-11-09T19:06:27+00:00\",\"dateModified\":\"2023-11-09T19:08:05+00:00\",\"mainEntityOfPage\":{\"@id\":\"https:\/\/portosma.com.br\/index.php\/2023\/11\/09\/vli-conquista-o-premio-destaque-2023-categoria-modal-transportador\/\"},\"wordCount\":655,\"publisher\":{\"@id\":\"https:\/\/portosma.com.br\/#organization\"},\"image\":{\"@id\":\"https:\/\/portosma.com.br\/index.php\/2023\/11\/09\/vli-conquista-o-premio-destaque-2023-categoria-modal-transportador\/#primaryimage\"},\"thumbnailUrl\":\"https:\/\/portosma.com.br\/wp-content\/uploads\/2023\/11\/VLI-CINEMA-1.jpeg\",\"articleSection\":[\"Not\u00edcias\"],\"inLanguage\":\"pt-BR\"},{\"@type\":\"WebPage\",\"@id\":\"https:\/\/portosma.com.br\/index.php\/2023\/11\/09\/vli-conquista-o-premio-destaque-2023-categoria-modal-transportador\/\",\"url\":\"https:\/\/portosma.com.br\/index.php\/2023\/11\/09\/vli-conquista-o-premio-destaque-2023-categoria-modal-transportador\/\",\"name\":\"VLI conquista o Pr\u00eamio Destaque 2023 categoria modal transportador - Portosma\",\"isPartOf\":{\"@id\":\"https:\/\/portosma.com.br\/#website\"},\"primaryImageOfPage\":{\"@id\":\"https:\/\/portosma.com.br\/index.php\/2023\/11\/09\/vli-conquista-o-premio-destaque-2023-categoria-modal-transportador\/#primaryimage\"},\"image\":{\"@id\":\"https:\/\/portosma.com.br\/index.php\/2023\/11\/09\/vli-conquista-o-premio-destaque-2023-categoria-modal-transportador\/#primaryimage\"},\"thumbnailUrl\":\"https:\/\/portosma.com.br\/wp-content\/uploads\/2023\/11\/VLI-CINEMA-1.jpeg\",\"datePublished\":\"2023-11-09T19:06:27+00:00\",\"dateModified\":\"2023-11-09T19:08:05+00:00\",\"breadcrumb\":{\"@id\":\"https:\/\/portosma.com.br\/index.php\/2023\/11\/09\/vli-conquista-o-premio-destaque-2023-categoria-modal-transportador\/#breadcrumb\"},\"inLanguage\":\"pt-BR\",\"potentialAction\":[{\"@type\":\"ReadAction\",\"target\":[\"https:\/\/portosma.com.br\/index.php\/2023\/11\/09\/vli-conquista-o-premio-destaque-2023-categoria-modal-transportador\/\"]}]},{\"@type\":\"ImageObject\",\"inLanguage\":\"pt-BR\",\"@id\":\"https:\/\/portosma.com.br\/index.php\/2023\/11\/09\/vli-conquista-o-premio-destaque-2023-categoria-modal-transportador\/#primaryimage\",\"url\":\"https:\/\/portosma.com.br\/wp-content\/uploads\/2023\/11\/VLI-CINEMA-1.jpeg\",\"contentUrl\":\"https:\/\/portosma.com.br\/wp-content\/uploads\/2023\/11\/VLI-CINEMA-1.jpeg\",\"width\":1200,\"height\":557},{\"@type\":\"BreadcrumbList\",\"@id\":\"https:\/\/portosma.com.br\/index.php\/2023\/11\/09\/vli-conquista-o-premio-destaque-2023-categoria-modal-transportador\/#breadcrumb\",\"itemListElement\":[{\"@type\":\"ListItem\",\"position\":1,\"name\":\"In\u00edcio\",\"item\":\"https:\/\/portosma.com.br\/\"},{\"@type\":\"ListItem\",\"position\":2,\"name\":\"VLI conquista o Pr\u00eamio Destaque 2023 categoria modal transportador\"}]},{\"@type\":\"WebSite\",\"@id\":\"https:\/\/portosma.com.br\/#website\",\"url\":\"https:\/\/portosma.com.br\/\",\"name\":\"Portosma\",\"description\":\"Um site de not\u00edcias\",\"publisher\":{\"@id\":\"https:\/\/portosma.com.br\/#organization\"},\"potentialAction\":[{\"@type\":\"SearchAction\",\"target\":{\"@type\":\"EntryPoint\",\"urlTemplate\":\"https:\/\/portosma.com.br\/?s={search_term_string}\"},\"query-input\":\"required name=search_term_string\"}],\"inLanguage\":\"pt-BR\"},{\"@type\":\"Organization\",\"@id\":\"https:\/\/portosma.com.br\/#organization\",\"name\":\"Portosma\",\"alternateName\":\"Portosma\",\"url\":\"https:\/\/portosma.com.br\/\",\"logo\":{\"@type\":\"ImageObject\",\"inLanguage\":\"pt-BR\",\"@id\":\"https:\/\/portosma.com.br\/#\/schema\/logo\/image\/\",\"url\":\"https:\/\/portosma.com.br\/wp-content\/uploads\/2026\/03\/cropped-AD-PORTOSMA.jpg\",\"contentUrl\":\"https:\/\/portosma.com.br\/wp-content\/uploads\/2026\/03\/cropped-AD-PORTOSMA.jpg\",\"width\":400,\"height\":115,\"caption\":\"Portosma\"},\"image\":{\"@id\":\"https:\/\/portosma.com.br\/#\/schema\/logo\/image\/\"}},{\"@type\":\"Person\",\"@id\":\"https:\/\/portosma.com.br\/#\/schema\/person\/fb92dfe283ab47293259c87c813d8623\",\"name\":\"admin\",\"sameAs\":[\"https:\/\/portosma.com.br\"],\"url\":\"https:\/\/portosma.com.br\/index.php\/author\/portosma\/\"}]}<\/script>\n<!-- \/ Yoast SEO plugin. -->","yoast_head_json":{"title":"VLI conquista o Pr\u00eamio Destaque 2023 categoria modal transportador - Portosma","robots":{"index":"index","follow":"follow","max-snippet":"max-snippet:-1","max-image-preview":"max-image-preview:large","max-video-preview":"max-video-preview:-1"},"canonical":"https:\/\/portosma.com.br\/index.php\/2023\/11\/09\/vli-conquista-o-premio-destaque-2023-categoria-modal-transportador\/","og_locale":"pt_BR","og_type":"article","og_title":"VLI conquista o Pr\u00eamio Destaque 2023 categoria modal transportador - Portosma","og_description":"Na ocasi\u00e3o, a VLI tamb\u00e9m recebeu seu segundo certificado de Reconhecimento Anual da Childhood Brasil por meio do Programa Na M\u00e3o Certa.","og_url":"https:\/\/portosma.com.br\/index.php\/2023\/11\/09\/vli-conquista-o-premio-destaque-2023-categoria-modal-transportador\/","og_site_name":"Portosma","article_published_time":"2023-11-09T19:06:27+00:00","article_modified_time":"2023-11-09T19:08:05+00:00","og_image":[{"width":1200,"height":557,"url":"https:\/\/portosma.com.br\/wp-content\/uploads\/2023\/11\/VLI-CINEMA-1.jpeg","type":"image\/jpeg"}],"author":"admin","twitter_card":"summary_large_image","twitter_misc":{"Escrito por":"admin","Est. tempo de leitura":"4 minutos"},"schema":{"@context":"https:\/\/schema.org","@graph":[{"@type":"Article","@id":"https:\/\/portosma.com.br\/index.php\/2023\/11\/09\/vli-conquista-o-premio-destaque-2023-categoria-modal-transportador\/#article","isPartOf":{"@id":"https:\/\/portosma.com.br\/index.php\/2023\/11\/09\/vli-conquista-o-premio-destaque-2023-categoria-modal-transportador\/"},"author":{"name":"admin","@id":"https:\/\/portosma.com.br\/#\/schema\/person\/fb92dfe283ab47293259c87c813d8623"},"headline":"VLI conquista o Pr\u00eamio Destaque 2023 categoria modal transportador","datePublished":"2023-11-09T19:06:27+00:00","dateModified":"2023-11-09T19:08:05+00:00","mainEntityOfPage":{"@id":"https:\/\/portosma.com.br\/index.php\/2023\/11\/09\/vli-conquista-o-premio-destaque-2023-categoria-modal-transportador\/"},"wordCount":655,"publisher":{"@id":"https:\/\/portosma.com.br\/#organization"},"image":{"@id":"https:\/\/portosma.com.br\/index.php\/2023\/11\/09\/vli-conquista-o-premio-destaque-2023-categoria-modal-transportador\/#primaryimage"},"thumbnailUrl":"https:\/\/portosma.com.br\/wp-content\/uploads\/2023\/11\/VLI-CINEMA-1.jpeg","articleSection":["Not\u00edcias"],"inLanguage":"pt-BR"},{"@type":"WebPage","@id":"https:\/\/portosma.com.br\/index.php\/2023\/11\/09\/vli-conquista-o-premio-destaque-2023-categoria-modal-transportador\/","url":"https:\/\/portosma.com.br\/index.php\/2023\/11\/09\/vli-conquista-o-premio-destaque-2023-categoria-modal-transportador\/","name":"VLI conquista o Pr\u00eamio Destaque 2023 categoria modal transportador - Portosma","isPartOf":{"@id":"https:\/\/portosma.com.br\/#website"},"primaryImageOfPage":{"@id":"https:\/\/portosma.com.br\/index.php\/2023\/11\/09\/vli-conquista-o-premio-destaque-2023-categoria-modal-transportador\/#primaryimage"},"image":{"@id":"https:\/\/portosma.com.br\/index.php\/2023\/11\/09\/vli-conquista-o-premio-destaque-2023-categoria-modal-transportador\/#primaryimage"},"thumbnailUrl":"https:\/\/portosma.com.br\/wp-content\/uploads\/2023\/11\/VLI-CINEMA-1.jpeg","datePublished":"2023-11-09T19:06:27+00:00","dateModified":"2023-11-09T19:08:05+00:00","breadcrumb":{"@id":"https:\/\/portosma.com.br\/index.php\/2023\/11\/09\/vli-conquista-o-premio-destaque-2023-categoria-modal-transportador\/#breadcrumb"},"inLanguage":"pt-BR","potentialAction":[{"@type":"ReadAction","target":["https:\/\/portosma.com.br\/index.php\/2023\/11\/09\/vli-conquista-o-premio-destaque-2023-categoria-modal-transportador\/"]}]},{"@type":"ImageObject","inLanguage":"pt-BR","@id":"https:\/\/portosma.com.br\/index.php\/2023\/11\/09\/vli-conquista-o-premio-destaque-2023-categoria-modal-transportador\/#primaryimage","url":"https:\/\/portosma.com.br\/wp-content\/uploads\/2023\/11\/VLI-CINEMA-1.jpeg","contentUrl":"https:\/\/portosma.com.br\/wp-content\/uploads\/2023\/11\/VLI-CINEMA-1.jpeg","width":1200,"height":557},{"@type":"BreadcrumbList","@id":"https:\/\/portosma.com.br\/index.php\/2023\/11\/09\/vli-conquista-o-premio-destaque-2023-categoria-modal-transportador\/#breadcrumb","itemListElement":[{"@type":"ListItem","position":1,"name":"In\u00edcio","item":"https:\/\/portosma.com.br\/"},{"@type":"ListItem","position":2,"name":"VLI conquista o Pr\u00eamio Destaque 2023 categoria modal transportador"}]},{"@type":"WebSite","@id":"https:\/\/portosma.com.br\/#website","url":"https:\/\/portosma.com.br\/","name":"Portosma","description":"Um site de not\u00edcias","publisher":{"@id":"https:\/\/portosma.com.br\/#organization"},"potentialAction":[{"@type":"SearchAction","target":{"@type":"EntryPoint","urlTemplate":"https:\/\/portosma.com.br\/?s={search_term_string}"},"query-input":"required name=search_term_string"}],"inLanguage":"pt-BR"},{"@type":"Organization","@id":"https:\/\/portosma.com.br\/#organization","name":"Portosma","alternateName":"Portosma","url":"https:\/\/portosma.com.br\/","logo":{"@type":"ImageObject","inLanguage":"pt-BR","@id":"https:\/\/portosma.com.br\/#\/schema\/logo\/image\/","url":"https:\/\/portosma.com.br\/wp-content\/uploads\/2026\/03\/cropped-AD-PORTOSMA.jpg","contentUrl":"https:\/\/portosma.com.br\/wp-content\/uploads\/2026\/03\/cropped-AD-PORTOSMA.jpg","width":400,"height":115,"caption":"Portosma"},"image":{"@id":"https:\/\/portosma.com.br\/#\/schema\/logo\/image\/"}},{"@type":"Person","@id":"https:\/\/portosma.com.br\/#\/schema\/person\/fb92dfe283ab47293259c87c813d8623","name":"admin","sameAs":["https:\/\/portosma.com.br"],"url":"https:\/\/portosma.com.br\/index.php\/author\/portosma\/"}]}},"_links":{"self":[{"href":"https:\/\/portosma.com.br\/index.php\/wp-json\/wp\/v2\/posts\/10588","targetHints":{"allow":["GET"]}}],"collection":[{"href":"https:\/\/portosma.com.br\/index.php\/wp-json\/wp\/v2\/posts"}],"about":[{"href":"https:\/\/portosma.com.br\/index.php\/wp-json\/wp\/v2\/types\/post"}],"author":[{"embeddable":true,"href":"https:\/\/portosma.com.br\/index.php\/wp-json\/wp\/v2\/users\/1"}],"replies":[{"embeddable":true,"href":"https:\/\/portosma.com.br\/index.php\/wp-json\/wp\/v2\/comments?post=10588"}],"version-history":[{"count":3,"href":"https:\/\/portosma.com.br\/index.php\/wp-json\/wp\/v2\/posts\/10588\/revisions"}],"predecessor-version":[{"id":10594,"href":"https:\/\/portosma.com.br\/index.php\/wp-json\/wp\/v2\/posts\/10588\/revisions\/10594"}],"wp:featuredmedia":[{"embeddable":true,"href":"https:\/\/portosma.com.br\/index.php\/wp-json\/wp\/v2\/media\/10589"}],"wp:attachment":[{"href":"https:\/\/portosma.com.br\/index.php\/wp-json\/wp\/v2\/media?parent=10588"}],"wp:term":[{"taxonomy":"category","embeddable":true,"href":"https:\/\/portosma.com.br\/index.php\/wp-json\/wp\/v2\/categories?post=10588"},{"taxonomy":"post_tag","embeddable":true,"href":"https:\/\/portosma.com.br\/index.php\/wp-json\/wp\/v2\/tags?post=10588"}],"curies":[{"name":"wp","href":"https:\/\/api.w.org\/{rel}","templated":true}]}}