{"id":10495,"date":"2023-11-06T13:30:34","date_gmt":"2023-11-06T13:30:34","guid":{"rendered":"https:\/\/portosma.com.br\/?p=10495"},"modified":"2023-11-06T13:37:42","modified_gmt":"2023-11-06T13:37:42","slug":"outubro-e-o-melhor-mes-em-carga-da-historia-do-porto-do-itaqui","status":"publish","type":"post","link":"https:\/\/portosma.com.br\/index.php\/2023\/11\/06\/outubro-e-o-melhor-mes-em-carga-da-historia-do-porto-do-itaqui\/","title":{"rendered":"Outubro \u00e9 o melhor m\u00eas em carga de toda hist\u00f3ria do porto do Itaqui"},"content":{"rendered":"<h4><span style=\"color: #800000;\">Os principais destaques do m\u00eas foram a movimenta\u00e7\u00e3o de celulose (30% acima do planejado), soja (61% acima do planejado) e milho (18% acima do planejado).<\/span><\/h4>\n<p>O Porto do Itaqui-MA registrou, em outubro, o melhor m\u00eas de movimenta\u00e7\u00e3o de cargas de sua hist\u00f3ria, com um total de 3,658 milh\u00f5es de toneladas. O resultado representa um aumento de 16% em rela\u00e7\u00e3o ao mesmo m\u00eas de 2022 e 19% superior ao planejado para este m\u00eas em 2023. Os principais destaques do m\u00eas foram a movimenta\u00e7\u00e3o de celulose (30% acima do planejado), soja (61% acima do planejado) e milho (18% acima do planejado). Neste m\u00eas, foi realizada tamb\u00e9m a maior movimenta\u00e7\u00e3o mensal de gran\u00e9is s\u00f3lidos totais com 2,832 milh\u00f5es de toneladas.De janeiro a outubro foram movimentadas mais de 31,2 milh\u00f5es de toneladas, um crescimento de 7% em rela\u00e7\u00e3o ao mesmo per\u00edodo do ano anterior.<\/p>\n<p><img fetchpriority=\"high\" decoding=\"async\" class=\"wp-image-10497 size-full alignleft\" src=\"https:\/\/portosma.com.br\/wp-content\/uploads\/2023\/11\/ITAQUI-1201.jpg\" alt=\"\" width=\"600\" height=\"324\" srcset=\"https:\/\/portosma.com.br\/wp-content\/uploads\/2023\/11\/ITAQUI-1201.jpg 600w, https:\/\/portosma.com.br\/wp-content\/uploads\/2023\/11\/ITAQUI-1201-300x162.jpg 300w\" sizes=\"(max-width: 600px) 100vw, 600px\" \/>O presidente do Porto do Itaqui, Gilberto Lins, comemora o resultado. &#8220;Esse crescimento \u00e9 fruto do trabalho conjunto da EMAP com os operadores portu\u00e1rios e os investidores que acreditam no Maranh\u00e3o. Estamos trabalhando para consolidar o Porto do Itaqui como um dos mais importantes hubs log\u00edsticos na regi\u00e3o e no pa\u00eds. Temos uma infraestrutura moderna e eficiente, que nos permite movimentar grandes volumes de mercadorias de forma segura e \u00e1gil&#8221;, ressaltou.<\/p>\n<p>O presidente destacou ainda que \u201co crescimento da movimenta\u00e7\u00e3o do Porto do Itaqui \u00e9 um reflexo da retomada da economia brasileira e da consolida\u00e7\u00e3o do Maranh\u00e3o como um importante polo de produ\u00e7\u00e3o de commodities agr\u00edcolas, principalmente pelo trabalho do governo em atrair investimentos&#8221;.Segundo a Companhia Nacional de Abastecimento (Conab) nas \u00faltimas safras, anos de 2022 e 2023, o Maranh\u00e3o est\u00e1 entre os 10 primeiros estados com maior \u00edndice de produ\u00e7\u00e3o de gr\u00e3os do pa\u00eds. Al\u00e9m de ser uma importante conex\u00e3o para a regi\u00e3o do Arco Norte.&nbsp;<\/p>\n<p><span style=\"color: #800000;\"><strong>Porto do Itaqui, o porto do desenvolvimento<\/strong><\/span>&nbsp; &#8211;&nbsp;O Porto do Itaqui se consolida como um dos mais importantes portos p\u00fablicos do Norte e Nordeste do Brasil. E isso se deve a uma s\u00e9rie de fatores. Sua localiza\u00e7\u00e3o estrat\u00e9gica desempenha um papel fundamental, permitindo que o porto atenda a uma vasta \u00e1rea, abrangendo os estados do Norte, Nordeste e Centro-Oeste. Sua infraestrutura moderna e eficiente possibilita o transporte seguro e \u00e1gil de grandes volumes de carga. Com um conjunto de 9 ber\u00e7os de atraca\u00e7\u00e3o, com profundidades que variam entre 12 e 19 metros, o Porto do Itaqui \u00e9 capaz de receber embarca\u00e7\u00f5es de grande porte.Uma das maiores vantagens do Itaqui \u00e9 a sua integra\u00e7\u00e3o multimodal, pois est\u00e1 conectado a importantes redes de ferrovias e rodovias. Essa interliga\u00e7\u00e3o facilita sobremaneira o transporte de mercadorias entre o porto e o interior do pa\u00eds, o que, por sua vez, amplia sua capacidade de atender a uma vasta gama de clientes.<\/p>\n","protected":false},"excerpt":{"rendered":"<p>Os principais destaques do m\u00eas foram a movimenta\u00e7\u00e3o de celulose, soja, e milho. Todos registraram aumento bem acima do planejado.<\/p>\n","protected":false},"author":1,"featured_media":10502,"comment_status":"closed","ping_status":"open","sticky":false,"template":"","format":"standard","meta":{"_editorskit_title_hidden":false,"_editorskit_reading_time":0,"_editorskit_is_block_options_detached":false,"_editorskit_block_options_position":"{}","ngg_post_thumbnail":0,"footnotes":""},"categories":[1],"tags":[],"class_list":["post-10495","post","type-post","status-publish","format-standard","has-post-thumbnail","hentry","category-noticias"],"yoast_head":"<!-- This site is optimized with the Yoast SEO plugin v22.5 - https:\/\/yoast.com\/wordpress\/plugins\/seo\/ -->\n<title>Outubro \u00e9 o melhor m\u00eas em carga de toda hist\u00f3ria do porto do Itaqui - Portosma<\/title>\n<meta name=\"robots\" content=\"index, follow, max-snippet:-1, max-image-preview:large, max-video-preview:-1\" \/>\n<link rel=\"canonical\" href=\"https:\/\/portosma.com.br\/index.php\/2023\/11\/06\/outubro-e-o-melhor-mes-em-carga-da-historia-do-porto-do-itaqui\/\" \/>\n<meta property=\"og:locale\" content=\"pt_BR\" \/>\n<meta property=\"og:type\" content=\"article\" \/>\n<meta property=\"og:title\" content=\"Outubro \u00e9 o melhor m\u00eas em carga de toda hist\u00f3ria do porto do Itaqui - Portosma\" \/>\n<meta property=\"og:description\" content=\"Os principais destaques do m\u00eas foram a movimenta\u00e7\u00e3o de celulose, soja, e milho. Todos registraram aumento bem acima do planejado.\" \/>\n<meta property=\"og:url\" content=\"https:\/\/portosma.com.br\/index.php\/2023\/11\/06\/outubro-e-o-melhor-mes-em-carga-da-historia-do-porto-do-itaqui\/\" \/>\n<meta property=\"og:site_name\" content=\"Portosma\" \/>\n<meta property=\"article:published_time\" content=\"2023-11-06T13:30:34+00:00\" \/>\n<meta property=\"article:modified_time\" content=\"2023-11-06T13:37:42+00:00\" \/>\n<meta property=\"og:image\" content=\"https:\/\/portosma.com.br\/wp-content\/uploads\/2023\/11\/ITAQUI-1200.jpg\" \/>\n\t<meta property=\"og:image:width\" content=\"1200\" \/>\n\t<meta property=\"og:image:height\" content=\"501\" \/>\n\t<meta property=\"og:image:type\" content=\"image\/jpeg\" \/>\n<meta name=\"author\" content=\"admin\" \/>\n<meta name=\"twitter:card\" content=\"summary_large_image\" \/>\n<meta name=\"twitter:label1\" content=\"Escrito por\" \/>\n\t<meta name=\"twitter:data1\" content=\"admin\" \/>\n\t<meta name=\"twitter:label2\" content=\"Est. tempo de leitura\" \/>\n\t<meta name=\"twitter:data2\" content=\"3 minutos\" \/>\n<script type=\"application\/ld+json\" class=\"yoast-schema-graph\">{\"@context\":\"https:\/\/schema.org\",\"@graph\":[{\"@type\":\"Article\",\"@id\":\"https:\/\/portosma.com.br\/index.php\/2023\/11\/06\/outubro-e-o-melhor-mes-em-carga-da-historia-do-porto-do-itaqui\/#article\",\"isPartOf\":{\"@id\":\"https:\/\/portosma.com.br\/index.php\/2023\/11\/06\/outubro-e-o-melhor-mes-em-carga-da-historia-do-porto-do-itaqui\/\"},\"author\":{\"name\":\"admin\",\"@id\":\"https:\/\/portosma.com.br\/#\/schema\/person\/fb92dfe283ab47293259c87c813d8623\"},\"headline\":\"Outubro \u00e9 o melhor m\u00eas em carga de toda hist\u00f3ria do porto do Itaqui\",\"datePublished\":\"2023-11-06T13:30:34+00:00\",\"dateModified\":\"2023-11-06T13:37:42+00:00\",\"mainEntityOfPage\":{\"@id\":\"https:\/\/portosma.com.br\/index.php\/2023\/11\/06\/outubro-e-o-melhor-mes-em-carga-da-historia-do-porto-do-itaqui\/\"},\"wordCount\":498,\"publisher\":{\"@id\":\"https:\/\/portosma.com.br\/#organization\"},\"image\":{\"@id\":\"https:\/\/portosma.com.br\/index.php\/2023\/11\/06\/outubro-e-o-melhor-mes-em-carga-da-historia-do-porto-do-itaqui\/#primaryimage\"},\"thumbnailUrl\":\"https:\/\/portosma.com.br\/wp-content\/uploads\/2023\/11\/ITAQUI-1200.jpg\",\"articleSection\":[\"Not\u00edcias\"],\"inLanguage\":\"pt-BR\"},{\"@type\":\"WebPage\",\"@id\":\"https:\/\/portosma.com.br\/index.php\/2023\/11\/06\/outubro-e-o-melhor-mes-em-carga-da-historia-do-porto-do-itaqui\/\",\"url\":\"https:\/\/portosma.com.br\/index.php\/2023\/11\/06\/outubro-e-o-melhor-mes-em-carga-da-historia-do-porto-do-itaqui\/\",\"name\":\"Outubro \u00e9 o melhor m\u00eas em carga de toda hist\u00f3ria do porto do Itaqui - Portosma\",\"isPartOf\":{\"@id\":\"https:\/\/portosma.com.br\/#website\"},\"primaryImageOfPage\":{\"@id\":\"https:\/\/portosma.com.br\/index.php\/2023\/11\/06\/outubro-e-o-melhor-mes-em-carga-da-historia-do-porto-do-itaqui\/#primaryimage\"},\"image\":{\"@id\":\"https:\/\/portosma.com.br\/index.php\/2023\/11\/06\/outubro-e-o-melhor-mes-em-carga-da-historia-do-porto-do-itaqui\/#primaryimage\"},\"thumbnailUrl\":\"https:\/\/portosma.com.br\/wp-content\/uploads\/2023\/11\/ITAQUI-1200.jpg\",\"datePublished\":\"2023-11-06T13:30:34+00:00\",\"dateModified\":\"2023-11-06T13:37:42+00:00\",\"breadcrumb\":{\"@id\":\"https:\/\/portosma.com.br\/index.php\/2023\/11\/06\/outubro-e-o-melhor-mes-em-carga-da-historia-do-porto-do-itaqui\/#breadcrumb\"},\"inLanguage\":\"pt-BR\",\"potentialAction\":[{\"@type\":\"ReadAction\",\"target\":[\"https:\/\/portosma.com.br\/index.php\/2023\/11\/06\/outubro-e-o-melhor-mes-em-carga-da-historia-do-porto-do-itaqui\/\"]}]},{\"@type\":\"ImageObject\",\"inLanguage\":\"pt-BR\",\"@id\":\"https:\/\/portosma.com.br\/index.php\/2023\/11\/06\/outubro-e-o-melhor-mes-em-carga-da-historia-do-porto-do-itaqui\/#primaryimage\",\"url\":\"https:\/\/portosma.com.br\/wp-content\/uploads\/2023\/11\/ITAQUI-1200.jpg\",\"contentUrl\":\"https:\/\/portosma.com.br\/wp-content\/uploads\/2023\/11\/ITAQUI-1200.jpg\",\"width\":1200,\"height\":501},{\"@type\":\"BreadcrumbList\",\"@id\":\"https:\/\/portosma.com.br\/index.php\/2023\/11\/06\/outubro-e-o-melhor-mes-em-carga-da-historia-do-porto-do-itaqui\/#breadcrumb\",\"itemListElement\":[{\"@type\":\"ListItem\",\"position\":1,\"name\":\"In\u00edcio\",\"item\":\"https:\/\/portosma.com.br\/\"},{\"@type\":\"ListItem\",\"position\":2,\"name\":\"Outubro \u00e9 o melhor m\u00eas em carga de toda hist\u00f3ria do porto do Itaqui\"}]},{\"@type\":\"WebSite\",\"@id\":\"https:\/\/portosma.com.br\/#website\",\"url\":\"https:\/\/portosma.com.br\/\",\"name\":\"Portosma\",\"description\":\"Um site de not\u00edcias\",\"publisher\":{\"@id\":\"https:\/\/portosma.com.br\/#organization\"},\"potentialAction\":[{\"@type\":\"SearchAction\",\"target\":{\"@type\":\"EntryPoint\",\"urlTemplate\":\"https:\/\/portosma.com.br\/?s={search_term_string}\"},\"query-input\":\"required name=search_term_string\"}],\"inLanguage\":\"pt-BR\"},{\"@type\":\"Organization\",\"@id\":\"https:\/\/portosma.com.br\/#organization\",\"name\":\"Portosma\",\"alternateName\":\"Portosma\",\"url\":\"https:\/\/portosma.com.br\/\",\"logo\":{\"@type\":\"ImageObject\",\"inLanguage\":\"pt-BR\",\"@id\":\"https:\/\/portosma.com.br\/#\/schema\/logo\/image\/\",\"url\":\"https:\/\/portosma.com.br\/wp-content\/uploads\/2026\/03\/cropped-AD-PORTOSMA.jpg\",\"contentUrl\":\"https:\/\/portosma.com.br\/wp-content\/uploads\/2026\/03\/cropped-AD-PORTOSMA.jpg\",\"width\":400,\"height\":115,\"caption\":\"Portosma\"},\"image\":{\"@id\":\"https:\/\/portosma.com.br\/#\/schema\/logo\/image\/\"}},{\"@type\":\"Person\",\"@id\":\"https:\/\/portosma.com.br\/#\/schema\/person\/fb92dfe283ab47293259c87c813d8623\",\"name\":\"admin\",\"sameAs\":[\"https:\/\/portosma.com.br\"],\"url\":\"https:\/\/portosma.com.br\/index.php\/author\/portosma\/\"}]}<\/script>\n<!-- \/ Yoast SEO plugin. -->","yoast_head_json":{"title":"Outubro \u00e9 o melhor m\u00eas em carga de toda hist\u00f3ria do porto do Itaqui - Portosma","robots":{"index":"index","follow":"follow","max-snippet":"max-snippet:-1","max-image-preview":"max-image-preview:large","max-video-preview":"max-video-preview:-1"},"canonical":"https:\/\/portosma.com.br\/index.php\/2023\/11\/06\/outubro-e-o-melhor-mes-em-carga-da-historia-do-porto-do-itaqui\/","og_locale":"pt_BR","og_type":"article","og_title":"Outubro \u00e9 o melhor m\u00eas em carga de toda hist\u00f3ria do porto do Itaqui - Portosma","og_description":"Os principais destaques do m\u00eas foram a movimenta\u00e7\u00e3o de celulose, soja, e milho. Todos registraram aumento bem acima do planejado.","og_url":"https:\/\/portosma.com.br\/index.php\/2023\/11\/06\/outubro-e-o-melhor-mes-em-carga-da-historia-do-porto-do-itaqui\/","og_site_name":"Portosma","article_published_time":"2023-11-06T13:30:34+00:00","article_modified_time":"2023-11-06T13:37:42+00:00","og_image":[{"width":1200,"height":501,"url":"https:\/\/portosma.com.br\/wp-content\/uploads\/2023\/11\/ITAQUI-1200.jpg","type":"image\/jpeg"}],"author":"admin","twitter_card":"summary_large_image","twitter_misc":{"Escrito por":"admin","Est. tempo de leitura":"3 minutos"},"schema":{"@context":"https:\/\/schema.org","@graph":[{"@type":"Article","@id":"https:\/\/portosma.com.br\/index.php\/2023\/11\/06\/outubro-e-o-melhor-mes-em-carga-da-historia-do-porto-do-itaqui\/#article","isPartOf":{"@id":"https:\/\/portosma.com.br\/index.php\/2023\/11\/06\/outubro-e-o-melhor-mes-em-carga-da-historia-do-porto-do-itaqui\/"},"author":{"name":"admin","@id":"https:\/\/portosma.com.br\/#\/schema\/person\/fb92dfe283ab47293259c87c813d8623"},"headline":"Outubro \u00e9 o melhor m\u00eas em carga de toda hist\u00f3ria do porto do Itaqui","datePublished":"2023-11-06T13:30:34+00:00","dateModified":"2023-11-06T13:37:42+00:00","mainEntityOfPage":{"@id":"https:\/\/portosma.com.br\/index.php\/2023\/11\/06\/outubro-e-o-melhor-mes-em-carga-da-historia-do-porto-do-itaqui\/"},"wordCount":498,"publisher":{"@id":"https:\/\/portosma.com.br\/#organization"},"image":{"@id":"https:\/\/portosma.com.br\/index.php\/2023\/11\/06\/outubro-e-o-melhor-mes-em-carga-da-historia-do-porto-do-itaqui\/#primaryimage"},"thumbnailUrl":"https:\/\/portosma.com.br\/wp-content\/uploads\/2023\/11\/ITAQUI-1200.jpg","articleSection":["Not\u00edcias"],"inLanguage":"pt-BR"},{"@type":"WebPage","@id":"https:\/\/portosma.com.br\/index.php\/2023\/11\/06\/outubro-e-o-melhor-mes-em-carga-da-historia-do-porto-do-itaqui\/","url":"https:\/\/portosma.com.br\/index.php\/2023\/11\/06\/outubro-e-o-melhor-mes-em-carga-da-historia-do-porto-do-itaqui\/","name":"Outubro \u00e9 o melhor m\u00eas em carga de toda hist\u00f3ria do porto do Itaqui - Portosma","isPartOf":{"@id":"https:\/\/portosma.com.br\/#website"},"primaryImageOfPage":{"@id":"https:\/\/portosma.com.br\/index.php\/2023\/11\/06\/outubro-e-o-melhor-mes-em-carga-da-historia-do-porto-do-itaqui\/#primaryimage"},"image":{"@id":"https:\/\/portosma.com.br\/index.php\/2023\/11\/06\/outubro-e-o-melhor-mes-em-carga-da-historia-do-porto-do-itaqui\/#primaryimage"},"thumbnailUrl":"https:\/\/portosma.com.br\/wp-content\/uploads\/2023\/11\/ITAQUI-1200.jpg","datePublished":"2023-11-06T13:30:34+00:00","dateModified":"2023-11-06T13:37:42+00:00","breadcrumb":{"@id":"https:\/\/portosma.com.br\/index.php\/2023\/11\/06\/outubro-e-o-melhor-mes-em-carga-da-historia-do-porto-do-itaqui\/#breadcrumb"},"inLanguage":"pt-BR","potentialAction":[{"@type":"ReadAction","target":["https:\/\/portosma.com.br\/index.php\/2023\/11\/06\/outubro-e-o-melhor-mes-em-carga-da-historia-do-porto-do-itaqui\/"]}]},{"@type":"ImageObject","inLanguage":"pt-BR","@id":"https:\/\/portosma.com.br\/index.php\/2023\/11\/06\/outubro-e-o-melhor-mes-em-carga-da-historia-do-porto-do-itaqui\/#primaryimage","url":"https:\/\/portosma.com.br\/wp-content\/uploads\/2023\/11\/ITAQUI-1200.jpg","contentUrl":"https:\/\/portosma.com.br\/wp-content\/uploads\/2023\/11\/ITAQUI-1200.jpg","width":1200,"height":501},{"@type":"BreadcrumbList","@id":"https:\/\/portosma.com.br\/index.php\/2023\/11\/06\/outubro-e-o-melhor-mes-em-carga-da-historia-do-porto-do-itaqui\/#breadcrumb","itemListElement":[{"@type":"ListItem","position":1,"name":"In\u00edcio","item":"https:\/\/portosma.com.br\/"},{"@type":"ListItem","position":2,"name":"Outubro \u00e9 o melhor m\u00eas em carga de toda hist\u00f3ria do porto do Itaqui"}]},{"@type":"WebSite","@id":"https:\/\/portosma.com.br\/#website","url":"https:\/\/portosma.com.br\/","name":"Portosma","description":"Um site de not\u00edcias","publisher":{"@id":"https:\/\/portosma.com.br\/#organization"},"potentialAction":[{"@type":"SearchAction","target":{"@type":"EntryPoint","urlTemplate":"https:\/\/portosma.com.br\/?s={search_term_string}"},"query-input":"required name=search_term_string"}],"inLanguage":"pt-BR"},{"@type":"Organization","@id":"https:\/\/portosma.com.br\/#organization","name":"Portosma","alternateName":"Portosma","url":"https:\/\/portosma.com.br\/","logo":{"@type":"ImageObject","inLanguage":"pt-BR","@id":"https:\/\/portosma.com.br\/#\/schema\/logo\/image\/","url":"https:\/\/portosma.com.br\/wp-content\/uploads\/2026\/03\/cropped-AD-PORTOSMA.jpg","contentUrl":"https:\/\/portosma.com.br\/wp-content\/uploads\/2026\/03\/cropped-AD-PORTOSMA.jpg","width":400,"height":115,"caption":"Portosma"},"image":{"@id":"https:\/\/portosma.com.br\/#\/schema\/logo\/image\/"}},{"@type":"Person","@id":"https:\/\/portosma.com.br\/#\/schema\/person\/fb92dfe283ab47293259c87c813d8623","name":"admin","sameAs":["https:\/\/portosma.com.br"],"url":"https:\/\/portosma.com.br\/index.php\/author\/portosma\/"}]}},"_links":{"self":[{"href":"https:\/\/portosma.com.br\/index.php\/wp-json\/wp\/v2\/posts\/10495","targetHints":{"allow":["GET"]}}],"collection":[{"href":"https:\/\/portosma.com.br\/index.php\/wp-json\/wp\/v2\/posts"}],"about":[{"href":"https:\/\/portosma.com.br\/index.php\/wp-json\/wp\/v2\/types\/post"}],"author":[{"embeddable":true,"href":"https:\/\/portosma.com.br\/index.php\/wp-json\/wp\/v2\/users\/1"}],"replies":[{"embeddable":true,"href":"https:\/\/portosma.com.br\/index.php\/wp-json\/wp\/v2\/comments?post=10495"}],"version-history":[{"count":4,"href":"https:\/\/portosma.com.br\/index.php\/wp-json\/wp\/v2\/posts\/10495\/revisions"}],"predecessor-version":[{"id":10501,"href":"https:\/\/portosma.com.br\/index.php\/wp-json\/wp\/v2\/posts\/10495\/revisions\/10501"}],"wp:featuredmedia":[{"embeddable":true,"href":"https:\/\/portosma.com.br\/index.php\/wp-json\/wp\/v2\/media\/10502"}],"wp:attachment":[{"href":"https:\/\/portosma.com.br\/index.php\/wp-json\/wp\/v2\/media?parent=10495"}],"wp:term":[{"taxonomy":"category","embeddable":true,"href":"https:\/\/portosma.com.br\/index.php\/wp-json\/wp\/v2\/categories?post=10495"},{"taxonomy":"post_tag","embeddable":true,"href":"https:\/\/portosma.com.br\/index.php\/wp-json\/wp\/v2\/tags?post=10495"}],"curies":[{"name":"wp","href":"https:\/\/api.w.org\/{rel}","templated":true}]}}