{"id":10330,"date":"2023-11-01T12:14:16","date_gmt":"2023-11-01T12:14:16","guid":{"rendered":"https:\/\/portosma.com.br\/?p=10330"},"modified":"2023-11-01T12:14:16","modified_gmt":"2023-11-01T12:14:16","slug":"vli-abre-prazo-de-inscricao-para-seu-programa-de-trainee-2024","status":"publish","type":"post","link":"https:\/\/portosma.com.br\/index.php\/2023\/11\/01\/vli-abre-prazo-de-inscricao-para-seu-programa-de-trainee-2024\/","title":{"rendered":"VLI abre prazo de inscri\u00e7\u00e3o para seu Programa de Trainee 2024"},"content":{"rendered":"<h4><span style=\"color: #800000;\">Os selecionados atuar\u00e3o nas unidades da companhia localizadas nos estados de Minas Gerais, S\u00e3o Paulo, Maranh\u00e3o e Tocantins<\/span><\/h4>\n<p>A VLI \u2013 companhia de solu\u00e7\u00f5es log\u00edsticas que opera terminais, ferrovias e portos \u2013 abre, nesta ter\u00e7a-feira (31), seu Programa de Trainee 2024, voltado para forma\u00e7\u00e3o das futuras lideran\u00e7as da companhia. As inscri\u00e7\u00f5es podem ser feitas at\u00e9 o dia 4 de dezembro deste ano, no site https:\/\/www.vli-logistica.com.br\/trainee-2024. O processo seletivo ser\u00e1 h\u00edbrido e podem concorrer \u00e0s vagas candidatos de todo o pa\u00eds, desde que tenham flexibilidade para mudan\u00e7a, caso n\u00e3o residam nos estados de Minas Gerais, S\u00e3o Paulo, Maranh\u00e3o e Tocantins, onde as vagas ser\u00e3o distribu\u00eddas.<\/p>\n<p>Os interessados tamb\u00e9m precisam ter forma\u00e7\u00e3o em n\u00edvel superior (bacharelado ou licenciatura); ser graduados a partir de dezembro de 2021 ou estar com formatura prevista at\u00e9 dezembro de 2023; conhecimento intermedi\u00e1rio em ingl\u00eas; e ainda ter disponibilidade para uma jornada di\u00e1ria de oito horas. Os selecionados ser\u00e3o contratados pelo regime celetista e vivenciar\u00e3o uma rotina de desenvolvimento constante. Durante os 12 meses do programa, participar\u00e3o de uma trilha de aprendizado repleta de conte\u00fados que desenvolver\u00e3o suas habilidades tanto t\u00e9cnicas quanto pessoais.<\/p>\n<p>Um outro diferencial \u00e9 que o desenvolvimento dos trainees ser\u00e1 composto tamb\u00e9m por uma p\u00f3s-gradua\u00e7\u00e3o reconhecida pelo Minist\u00e9rio da Educa\u00e7\u00e3o (MEC), em parceria com a universidade corporativa da companhia. H\u00e1 ainda o Programa Mochil\u00e3o, que levar\u00e1 todos para conhecerem as atividades multimodais que acontecem nos portos, ferrovias e terminais da empresa.<\/p>\n<p><img fetchpriority=\"high\" decoding=\"async\" class=\"alignnone wp-image-10332 size-full\" src=\"https:\/\/portosma.com.br\/wp-content\/uploads\/2023\/11\/VLI-900.jpg\" alt=\"\" width=\"900\" height=\"431\" srcset=\"https:\/\/portosma.com.br\/wp-content\/uploads\/2023\/11\/VLI-900.jpg 900w, https:\/\/portosma.com.br\/wp-content\/uploads\/2023\/11\/VLI-900-300x144.jpg 300w, https:\/\/portosma.com.br\/wp-content\/uploads\/2023\/11\/VLI-900-768x368.jpg 768w\" sizes=\"(max-width: 900px) 100vw, 900px\" \/><\/p>\n<p>Al\u00e9m disso, entre os demais benef\u00edcios est\u00e3o: sal\u00e1rio compat\u00edvel com o mercado; cart\u00e3o-refei\u00e7\u00e3o e vale-alimenta\u00e7\u00e3o; vale-transporte e\/ou \u00f4nibus fretado (dependendo da localiza\u00e7\u00e3o em que ir\u00e1 trabalhar); assist\u00eancia m\u00e9dica e odontol\u00f3gica; Gympass (plataforma de academias, com foco em sua sa\u00fade e bem-estar); dress cold flex\u00edvel em algumas localidades; cesta de Natal; previd\u00eancia complementar; modelo h\u00edbrido de trabalho (home office em algumas localidades e em alguns dias da semana); Programa Apoiar (assist\u00eancia jur\u00eddica, financeira, psicol\u00f3gica e social); rede de descontos em v\u00e1rias lojas, restaurantes, sal\u00f5es e outros.<\/p>\n<p><strong>Lideran\u00e7as<\/strong> &#8211;&nbsp;A supervisora de Atra\u00e7\u00e3o e Sele\u00e7\u00e3o da VLI, Tatiana Crepalde, ressalta que o Programa Trainee busca atrair pessoas com experi\u00eancias de vida transformadoras, alto potencial e muita vontade de aprender, ou seja, talentos que ser\u00e3o preparadas para construir a carreira na companhia. \u201cCom o programa formamos futuros l\u00edderes. Valorizamos a diversidade, ent\u00e3o todas as pessoas s\u00e3o muito bem-vindas a esta jornada de aprendizado\u201d, afirma.<\/p>\n<p><strong>Sobre a VLI<\/strong> &#8211;&nbsp;<em>A VLI tem o compromisso de apoiar a transforma\u00e7\u00e3o da log\u00edstica no pa\u00eds, por meio da integra\u00e7\u00e3o de servi\u00e7os em portos, ferrovias e terminais. A empresa engloba as ferrovias Norte Sul (FNS) e Centro-Atl\u00e2ntica (FCA), al\u00e9m de terminais intermodais, que unem o carregamento e o descarregamento de produtos ao transporte ferrovi\u00e1rio, e terminais portu\u00e1rios situados em eixos estrat\u00e9gicos da costa brasileira, tais como em Santos (SP), S\u00e3o Lu\u00eds (MA) e Vit\u00f3ria (ES). Por quatro anos consecutivos entre as tr\u00eas companhias mais inovadoras do setor de Transporte e Log\u00edstica no ranking do Valor Inova\u00e7\u00e3o, a VLI transporta as riquezas do Brasil por rotas que passam pelas regi\u00f5es Norte, Nordeste, Sudeste e Centro-Oeste.<\/em><\/p>\n","protected":false},"excerpt":{"rendered":"<p>Os candidatos selecionados atuar\u00e3o nas unidades da companhia localizadas nos estados de Minas Gerais, S\u00e3o Paulo, Maranh\u00e3o e Tocantins.<\/p>\n","protected":false},"author":1,"featured_media":10331,"comment_status":"closed","ping_status":"open","sticky":false,"template":"","format":"standard","meta":{"_editorskit_title_hidden":false,"_editorskit_reading_time":0,"_editorskit_is_block_options_detached":false,"_editorskit_block_options_position":"{}","ngg_post_thumbnail":0,"footnotes":""},"categories":[1],"tags":[],"class_list":["post-10330","post","type-post","status-publish","format-standard","has-post-thumbnail","hentry","category-noticias"],"yoast_head":"<!-- This site is optimized with the Yoast SEO plugin v22.5 - https:\/\/yoast.com\/wordpress\/plugins\/seo\/ -->\n<title>VLI abre prazo de inscri\u00e7\u00e3o para seu Programa de Trainee 2024 - Portosma<\/title>\n<meta name=\"robots\" content=\"index, follow, max-snippet:-1, max-image-preview:large, max-video-preview:-1\" \/>\n<link rel=\"canonical\" href=\"https:\/\/portosma.com.br\/index.php\/2023\/11\/01\/vli-abre-prazo-de-inscricao-para-seu-programa-de-trainee-2024\/\" \/>\n<meta property=\"og:locale\" content=\"pt_BR\" \/>\n<meta property=\"og:type\" content=\"article\" \/>\n<meta property=\"og:title\" content=\"VLI abre prazo de inscri\u00e7\u00e3o para seu Programa de Trainee 2024 - Portosma\" \/>\n<meta property=\"og:description\" content=\"Os candidatos selecionados atuar\u00e3o nas unidades da companhia localizadas nos estados de Minas Gerais, S\u00e3o Paulo, Maranh\u00e3o e Tocantins.\" \/>\n<meta property=\"og:url\" content=\"https:\/\/portosma.com.br\/index.php\/2023\/11\/01\/vli-abre-prazo-de-inscricao-para-seu-programa-de-trainee-2024\/\" \/>\n<meta property=\"og:site_name\" content=\"Portosma\" \/>\n<meta property=\"article:published_time\" content=\"2023-11-01T12:14:16+00:00\" \/>\n<meta property=\"og:image\" content=\"https:\/\/portosma.com.br\/wp-content\/uploads\/2023\/11\/VLI-1200.jpg\" \/>\n\t<meta property=\"og:image:width\" content=\"1200\" \/>\n\t<meta property=\"og:image:height\" content=\"549\" \/>\n\t<meta property=\"og:image:type\" content=\"image\/jpeg\" \/>\n<meta name=\"author\" content=\"admin\" \/>\n<meta name=\"twitter:card\" content=\"summary_large_image\" \/>\n<meta name=\"twitter:label1\" content=\"Escrito por\" \/>\n\t<meta name=\"twitter:data1\" content=\"admin\" \/>\n\t<meta name=\"twitter:label2\" content=\"Est. tempo de leitura\" \/>\n\t<meta name=\"twitter:data2\" content=\"3 minutos\" \/>\n<script type=\"application\/ld+json\" class=\"yoast-schema-graph\">{\"@context\":\"https:\/\/schema.org\",\"@graph\":[{\"@type\":\"Article\",\"@id\":\"https:\/\/portosma.com.br\/index.php\/2023\/11\/01\/vli-abre-prazo-de-inscricao-para-seu-programa-de-trainee-2024\/#article\",\"isPartOf\":{\"@id\":\"https:\/\/portosma.com.br\/index.php\/2023\/11\/01\/vli-abre-prazo-de-inscricao-para-seu-programa-de-trainee-2024\/\"},\"author\":{\"name\":\"admin\",\"@id\":\"https:\/\/portosma.com.br\/#\/schema\/person\/fb92dfe283ab47293259c87c813d8623\"},\"headline\":\"VLI abre prazo de inscri\u00e7\u00e3o para seu Programa de Trainee 2024\",\"datePublished\":\"2023-11-01T12:14:16+00:00\",\"dateModified\":\"2023-11-01T12:14:16+00:00\",\"mainEntityOfPage\":{\"@id\":\"https:\/\/portosma.com.br\/index.php\/2023\/11\/01\/vli-abre-prazo-de-inscricao-para-seu-programa-de-trainee-2024\/\"},\"wordCount\":593,\"publisher\":{\"@id\":\"https:\/\/portosma.com.br\/#organization\"},\"image\":{\"@id\":\"https:\/\/portosma.com.br\/index.php\/2023\/11\/01\/vli-abre-prazo-de-inscricao-para-seu-programa-de-trainee-2024\/#primaryimage\"},\"thumbnailUrl\":\"https:\/\/portosma.com.br\/wp-content\/uploads\/2023\/11\/VLI-1200.jpg\",\"articleSection\":[\"Not\u00edcias\"],\"inLanguage\":\"pt-BR\"},{\"@type\":\"WebPage\",\"@id\":\"https:\/\/portosma.com.br\/index.php\/2023\/11\/01\/vli-abre-prazo-de-inscricao-para-seu-programa-de-trainee-2024\/\",\"url\":\"https:\/\/portosma.com.br\/index.php\/2023\/11\/01\/vli-abre-prazo-de-inscricao-para-seu-programa-de-trainee-2024\/\",\"name\":\"VLI abre prazo de inscri\u00e7\u00e3o para seu Programa de Trainee 2024 - Portosma\",\"isPartOf\":{\"@id\":\"https:\/\/portosma.com.br\/#website\"},\"primaryImageOfPage\":{\"@id\":\"https:\/\/portosma.com.br\/index.php\/2023\/11\/01\/vli-abre-prazo-de-inscricao-para-seu-programa-de-trainee-2024\/#primaryimage\"},\"image\":{\"@id\":\"https:\/\/portosma.com.br\/index.php\/2023\/11\/01\/vli-abre-prazo-de-inscricao-para-seu-programa-de-trainee-2024\/#primaryimage\"},\"thumbnailUrl\":\"https:\/\/portosma.com.br\/wp-content\/uploads\/2023\/11\/VLI-1200.jpg\",\"datePublished\":\"2023-11-01T12:14:16+00:00\",\"dateModified\":\"2023-11-01T12:14:16+00:00\",\"breadcrumb\":{\"@id\":\"https:\/\/portosma.com.br\/index.php\/2023\/11\/01\/vli-abre-prazo-de-inscricao-para-seu-programa-de-trainee-2024\/#breadcrumb\"},\"inLanguage\":\"pt-BR\",\"potentialAction\":[{\"@type\":\"ReadAction\",\"target\":[\"https:\/\/portosma.com.br\/index.php\/2023\/11\/01\/vli-abre-prazo-de-inscricao-para-seu-programa-de-trainee-2024\/\"]}]},{\"@type\":\"ImageObject\",\"inLanguage\":\"pt-BR\",\"@id\":\"https:\/\/portosma.com.br\/index.php\/2023\/11\/01\/vli-abre-prazo-de-inscricao-para-seu-programa-de-trainee-2024\/#primaryimage\",\"url\":\"https:\/\/portosma.com.br\/wp-content\/uploads\/2023\/11\/VLI-1200.jpg\",\"contentUrl\":\"https:\/\/portosma.com.br\/wp-content\/uploads\/2023\/11\/VLI-1200.jpg\",\"width\":1200,\"height\":549},{\"@type\":\"BreadcrumbList\",\"@id\":\"https:\/\/portosma.com.br\/index.php\/2023\/11\/01\/vli-abre-prazo-de-inscricao-para-seu-programa-de-trainee-2024\/#breadcrumb\",\"itemListElement\":[{\"@type\":\"ListItem\",\"position\":1,\"name\":\"In\u00edcio\",\"item\":\"https:\/\/portosma.com.br\/\"},{\"@type\":\"ListItem\",\"position\":2,\"name\":\"VLI abre prazo de inscri\u00e7\u00e3o para seu Programa de Trainee 2024\"}]},{\"@type\":\"WebSite\",\"@id\":\"https:\/\/portosma.com.br\/#website\",\"url\":\"https:\/\/portosma.com.br\/\",\"name\":\"Portosma\",\"description\":\"Um site de not\u00edcias\",\"publisher\":{\"@id\":\"https:\/\/portosma.com.br\/#organization\"},\"potentialAction\":[{\"@type\":\"SearchAction\",\"target\":{\"@type\":\"EntryPoint\",\"urlTemplate\":\"https:\/\/portosma.com.br\/?s={search_term_string}\"},\"query-input\":\"required name=search_term_string\"}],\"inLanguage\":\"pt-BR\"},{\"@type\":\"Organization\",\"@id\":\"https:\/\/portosma.com.br\/#organization\",\"name\":\"Portosma\",\"alternateName\":\"Portosma\",\"url\":\"https:\/\/portosma.com.br\/\",\"logo\":{\"@type\":\"ImageObject\",\"inLanguage\":\"pt-BR\",\"@id\":\"https:\/\/portosma.com.br\/#\/schema\/logo\/image\/\",\"url\":\"https:\/\/portosma.com.br\/wp-content\/uploads\/2026\/03\/cropped-AD-PORTOSMA.jpg\",\"contentUrl\":\"https:\/\/portosma.com.br\/wp-content\/uploads\/2026\/03\/cropped-AD-PORTOSMA.jpg\",\"width\":400,\"height\":115,\"caption\":\"Portosma\"},\"image\":{\"@id\":\"https:\/\/portosma.com.br\/#\/schema\/logo\/image\/\"}},{\"@type\":\"Person\",\"@id\":\"https:\/\/portosma.com.br\/#\/schema\/person\/fb92dfe283ab47293259c87c813d8623\",\"name\":\"admin\",\"sameAs\":[\"https:\/\/portosma.com.br\"],\"url\":\"https:\/\/portosma.com.br\/index.php\/author\/portosma\/\"}]}<\/script>\n<!-- \/ Yoast SEO plugin. -->","yoast_head_json":{"title":"VLI abre prazo de inscri\u00e7\u00e3o para seu Programa de Trainee 2024 - Portosma","robots":{"index":"index","follow":"follow","max-snippet":"max-snippet:-1","max-image-preview":"max-image-preview:large","max-video-preview":"max-video-preview:-1"},"canonical":"https:\/\/portosma.com.br\/index.php\/2023\/11\/01\/vli-abre-prazo-de-inscricao-para-seu-programa-de-trainee-2024\/","og_locale":"pt_BR","og_type":"article","og_title":"VLI abre prazo de inscri\u00e7\u00e3o para seu Programa de Trainee 2024 - Portosma","og_description":"Os candidatos selecionados atuar\u00e3o nas unidades da companhia localizadas nos estados de Minas Gerais, S\u00e3o Paulo, Maranh\u00e3o e Tocantins.","og_url":"https:\/\/portosma.com.br\/index.php\/2023\/11\/01\/vli-abre-prazo-de-inscricao-para-seu-programa-de-trainee-2024\/","og_site_name":"Portosma","article_published_time":"2023-11-01T12:14:16+00:00","og_image":[{"width":1200,"height":549,"url":"https:\/\/portosma.com.br\/wp-content\/uploads\/2023\/11\/VLI-1200.jpg","type":"image\/jpeg"}],"author":"admin","twitter_card":"summary_large_image","twitter_misc":{"Escrito por":"admin","Est. tempo de leitura":"3 minutos"},"schema":{"@context":"https:\/\/schema.org","@graph":[{"@type":"Article","@id":"https:\/\/portosma.com.br\/index.php\/2023\/11\/01\/vli-abre-prazo-de-inscricao-para-seu-programa-de-trainee-2024\/#article","isPartOf":{"@id":"https:\/\/portosma.com.br\/index.php\/2023\/11\/01\/vli-abre-prazo-de-inscricao-para-seu-programa-de-trainee-2024\/"},"author":{"name":"admin","@id":"https:\/\/portosma.com.br\/#\/schema\/person\/fb92dfe283ab47293259c87c813d8623"},"headline":"VLI abre prazo de inscri\u00e7\u00e3o para seu Programa de Trainee 2024","datePublished":"2023-11-01T12:14:16+00:00","dateModified":"2023-11-01T12:14:16+00:00","mainEntityOfPage":{"@id":"https:\/\/portosma.com.br\/index.php\/2023\/11\/01\/vli-abre-prazo-de-inscricao-para-seu-programa-de-trainee-2024\/"},"wordCount":593,"publisher":{"@id":"https:\/\/portosma.com.br\/#organization"},"image":{"@id":"https:\/\/portosma.com.br\/index.php\/2023\/11\/01\/vli-abre-prazo-de-inscricao-para-seu-programa-de-trainee-2024\/#primaryimage"},"thumbnailUrl":"https:\/\/portosma.com.br\/wp-content\/uploads\/2023\/11\/VLI-1200.jpg","articleSection":["Not\u00edcias"],"inLanguage":"pt-BR"},{"@type":"WebPage","@id":"https:\/\/portosma.com.br\/index.php\/2023\/11\/01\/vli-abre-prazo-de-inscricao-para-seu-programa-de-trainee-2024\/","url":"https:\/\/portosma.com.br\/index.php\/2023\/11\/01\/vli-abre-prazo-de-inscricao-para-seu-programa-de-trainee-2024\/","name":"VLI abre prazo de inscri\u00e7\u00e3o para seu Programa de Trainee 2024 - Portosma","isPartOf":{"@id":"https:\/\/portosma.com.br\/#website"},"primaryImageOfPage":{"@id":"https:\/\/portosma.com.br\/index.php\/2023\/11\/01\/vli-abre-prazo-de-inscricao-para-seu-programa-de-trainee-2024\/#primaryimage"},"image":{"@id":"https:\/\/portosma.com.br\/index.php\/2023\/11\/01\/vli-abre-prazo-de-inscricao-para-seu-programa-de-trainee-2024\/#primaryimage"},"thumbnailUrl":"https:\/\/portosma.com.br\/wp-content\/uploads\/2023\/11\/VLI-1200.jpg","datePublished":"2023-11-01T12:14:16+00:00","dateModified":"2023-11-01T12:14:16+00:00","breadcrumb":{"@id":"https:\/\/portosma.com.br\/index.php\/2023\/11\/01\/vli-abre-prazo-de-inscricao-para-seu-programa-de-trainee-2024\/#breadcrumb"},"inLanguage":"pt-BR","potentialAction":[{"@type":"ReadAction","target":["https:\/\/portosma.com.br\/index.php\/2023\/11\/01\/vli-abre-prazo-de-inscricao-para-seu-programa-de-trainee-2024\/"]}]},{"@type":"ImageObject","inLanguage":"pt-BR","@id":"https:\/\/portosma.com.br\/index.php\/2023\/11\/01\/vli-abre-prazo-de-inscricao-para-seu-programa-de-trainee-2024\/#primaryimage","url":"https:\/\/portosma.com.br\/wp-content\/uploads\/2023\/11\/VLI-1200.jpg","contentUrl":"https:\/\/portosma.com.br\/wp-content\/uploads\/2023\/11\/VLI-1200.jpg","width":1200,"height":549},{"@type":"BreadcrumbList","@id":"https:\/\/portosma.com.br\/index.php\/2023\/11\/01\/vli-abre-prazo-de-inscricao-para-seu-programa-de-trainee-2024\/#breadcrumb","itemListElement":[{"@type":"ListItem","position":1,"name":"In\u00edcio","item":"https:\/\/portosma.com.br\/"},{"@type":"ListItem","position":2,"name":"VLI abre prazo de inscri\u00e7\u00e3o para seu Programa de Trainee 2024"}]},{"@type":"WebSite","@id":"https:\/\/portosma.com.br\/#website","url":"https:\/\/portosma.com.br\/","name":"Portosma","description":"Um site de not\u00edcias","publisher":{"@id":"https:\/\/portosma.com.br\/#organization"},"potentialAction":[{"@type":"SearchAction","target":{"@type":"EntryPoint","urlTemplate":"https:\/\/portosma.com.br\/?s={search_term_string}"},"query-input":"required name=search_term_string"}],"inLanguage":"pt-BR"},{"@type":"Organization","@id":"https:\/\/portosma.com.br\/#organization","name":"Portosma","alternateName":"Portosma","url":"https:\/\/portosma.com.br\/","logo":{"@type":"ImageObject","inLanguage":"pt-BR","@id":"https:\/\/portosma.com.br\/#\/schema\/logo\/image\/","url":"https:\/\/portosma.com.br\/wp-content\/uploads\/2026\/03\/cropped-AD-PORTOSMA.jpg","contentUrl":"https:\/\/portosma.com.br\/wp-content\/uploads\/2026\/03\/cropped-AD-PORTOSMA.jpg","width":400,"height":115,"caption":"Portosma"},"image":{"@id":"https:\/\/portosma.com.br\/#\/schema\/logo\/image\/"}},{"@type":"Person","@id":"https:\/\/portosma.com.br\/#\/schema\/person\/fb92dfe283ab47293259c87c813d8623","name":"admin","sameAs":["https:\/\/portosma.com.br"],"url":"https:\/\/portosma.com.br\/index.php\/author\/portosma\/"}]}},"_links":{"self":[{"href":"https:\/\/portosma.com.br\/index.php\/wp-json\/wp\/v2\/posts\/10330","targetHints":{"allow":["GET"]}}],"collection":[{"href":"https:\/\/portosma.com.br\/index.php\/wp-json\/wp\/v2\/posts"}],"about":[{"href":"https:\/\/portosma.com.br\/index.php\/wp-json\/wp\/v2\/types\/post"}],"author":[{"embeddable":true,"href":"https:\/\/portosma.com.br\/index.php\/wp-json\/wp\/v2\/users\/1"}],"replies":[{"embeddable":true,"href":"https:\/\/portosma.com.br\/index.php\/wp-json\/wp\/v2\/comments?post=10330"}],"version-history":[{"count":1,"href":"https:\/\/portosma.com.br\/index.php\/wp-json\/wp\/v2\/posts\/10330\/revisions"}],"predecessor-version":[{"id":10333,"href":"https:\/\/portosma.com.br\/index.php\/wp-json\/wp\/v2\/posts\/10330\/revisions\/10333"}],"wp:featuredmedia":[{"embeddable":true,"href":"https:\/\/portosma.com.br\/index.php\/wp-json\/wp\/v2\/media\/10331"}],"wp:attachment":[{"href":"https:\/\/portosma.com.br\/index.php\/wp-json\/wp\/v2\/media?parent=10330"}],"wp:term":[{"taxonomy":"category","embeddable":true,"href":"https:\/\/portosma.com.br\/index.php\/wp-json\/wp\/v2\/categories?post=10330"},{"taxonomy":"post_tag","embeddable":true,"href":"https:\/\/portosma.com.br\/index.php\/wp-json\/wp\/v2\/tags?post=10330"}],"curies":[{"name":"wp","href":"https:\/\/api.w.org\/{rel}","templated":true}]}}